{"id":262859,"date":"2025-07-21T07:52:37","date_gmt":"2025-07-21T07:52:37","guid":{"rendered":"https:\/\/www.europesays.com\/fr\/262859\/"},"modified":"2025-07-21T07:52:37","modified_gmt":"2025-07-21T07:52:37","slug":"jumpers-le-nouveau-pixar-aux-allures-davatar-devoile-sa-bande-annonce","status":"publish","type":"post","link":"https:\/\/www.europesays.com\/fr\/262859\/","title":{"rendered":"Jumpers, le nouveau Pixar aux allures d\u2019Avatar, d\u00e9voile sa bande-annonce"},"content":{"rendered":"<p>Apr\u00e8s l\u2019\u00e9chec d\u2019Elio, les studios misent sur leur nouveau film d\u2019animation, dont la trame est fortement inspir\u00e9e de celle de la saga r\u00e9alis\u00e9e par James Cameron.<\/p>\n<p class=\"fig-paragraph\">L\u2019histoire d\u2019Avatar en version castor, remast\u00e9riser \u00e0 la sauce Pixar. Les studios \u00e0 l\u2019origine de Toy Story, Cars, L\u00e0-haut, ou, plus r\u00e9cemment,\u00a0<a href=\"http:\/\/www.lefigaro.fr\/cinema\/notre-critique-d-elio-la-nouvelle-odyssee-cosmique-des-studios-pixar-20250617\" target=\"_blank\" data-fig-type=\"Article\" rel=\"noopener\" data-gtm-custom-categorie=\"navigation\" data-gtm-custom-action=\"crossclick\" data-gtm-custom-label=\"Contextuel\" data-gtm-event=\"customEventSPE\" data-fig-domain=\"LEFIGARO\">Elio<\/a>, d\u00e9voilent leur nouveau film\u00a0:\u00a0Jumpers (Hoppers, en VO), attendu en salles le 4 mars. Celui-ci plaira s\u00fbrement aux fans de\u00a0<a href=\"http:\/\/www.lefigaro.fr\/cinema\/une-nouvelle-image-d-avatar-3-devoilee-avec-une-zoe-saldana-incandescente-20250510\" target=\"_blank\" data-fig-type=\"NewsFlash\" rel=\"noopener\" data-gtm-custom-categorie=\"navigation\" data-gtm-custom-action=\"crossclick\" data-gtm-custom-label=\"Contextuel\" data-gtm-event=\"customEventSPE\" data-fig-domain=\"LEFIGARO\">la franchise<\/a>\u00a0de science-fiction r\u00e9alis\u00e9e par James Cameron. Nous ne sommes pas \u00e0 Pandora, o\u00f9 des Terriens envahissent les territoires des Na\u2019vis, mais presque. Cette fois-ci, ce sont des humains qui cohabitent avec des castors robotiques capables de parler.<\/p>\n<p class=\"fig-paragraph\">\u00ab\u00a0Pour r\u00e9sumer, vous avez cr\u00e9\u00e9 un faux animal qui fait croire aux autres animaux que vous \u00eates un animal\u00a0\u00bb, r\u00e9capitule Mabel, une adolescente embringu\u00e9e dans l\u2019aventure. Elle accepte de participer \u00e0 une folle exp\u00e9rience, permettant aux humains de communiquer avec les castors en se glissant dans la peau d\u2019un robot. L\u2019objectif\u00a0? Explorer le monde animal incognito. Un peu comme dans Avatar. Cette comparaison est d\u2019ailleurs, ouvertement assum\u00e9e dans la bande-annonce. \u00ab\u00a0C\u2019est dingue, c\u2019est comme dans Avatar\u00a0\u00bb, souligne Mabel. De quoi \u00e9nerver une des scientifiques\u00a0: \u00ab\u00a0\u00e7a n\u2019a rien \u00e0 voir avec Avatar\u00a0!\u00bb<\/p>\n<p>                                    <a class=\"fig-a11y-skip a11y-hidden\" href=\"#fig-a11y-skip-main-inarticle\"><br \/>\n        Passer la publicit\u00e9<br \/>\n    <\/a><\/p>\n<p class=\"fig-paragraph\">Cette r\u00e9f\u00e9rence est, en tout cas, revendiqu\u00e9e par le r\u00e9alisateur, Daniel Chong. \u00ab\u00a0Nous assumons les similitudes entre Jumpers et Avatar\u00a0\u00bb, d\u00e9clare-t-il \u00e0\u00a0<a href=\"https:\/\/variety.com\/2025\/film\/news\/hoppers-trailer-pixar-beavers-1236461189\/\" target=\"_blank\" rel=\"sponsored noopener\" data-gtm-custom-categorie=\"navigation\" data-gtm-custom-action=\"crossclick\" data-gtm-custom-label=\"Contextuel\" data-gtm-event=\"customEventSPE\">Variety<\/a>, promettant des passages un peu \u00ab\u00a0fous, d\u00e9cal\u00e9s et chaotiques\u00a0\u00bb. Ajoutant\u00a0:\u00a0\u00ab\u00a0Cet univers sauvage est un v\u00e9ritable tourbillon d\u2019\u00e9motions, d\u2019humour et d\u2019action, avec tout le c\u0153ur qu\u2019on attend d\u2019un classique Pixar\u00a0\u00bb. Reste \u00e0 savoir si Jumpers r\u00e9ussira \u00e0 faire oublier l\u2019\u00e9chec d\u2019Elio, qui a r\u00e9alis\u00e9 le\u00a0<a href=\"http:\/\/www.lefigaro.fr\/cinema\/dragons-domine-toujours-le-box-office-americain-elio-realise-le-pire-demarrage-de-l-histoire-de-pixar-20250622\" target=\"_blank\" data-fig-type=\"NewsFlash\" rel=\"noopener\" data-gtm-custom-categorie=\"navigation\" data-gtm-custom-action=\"crossclick\" data-gtm-custom-label=\"Contextuel\" data-gtm-event=\"customEventSPE\" data-fig-domain=\"LEFIGARO\">pire d\u00e9marrage de l\u2019histoire<\/a>\u00a0pour un film d\u2019animation Pixar.<\/p>\n","protected":false},"excerpt":{"rendered":"Apr\u00e8s l\u2019\u00e9chec d\u2019Elio, les studios misent sur leur nouveau film d\u2019animation, dont la trame est fortement inspir\u00e9e de&hellip;\n","protected":false},"author":2,"featured_media":262860,"comment_status":"","ping_status":"","sticky":false,"template":"","format":"standard","meta":{"footnotes":""},"categories":[1354],"tags":[13618,1409,58,59,1346,1011,27,1360,7794],"class_list":{"0":"post-262859","1":"post","2":"type-post","3":"status-publish","4":"format-standard","5":"has-post-thumbnail","7":"category-films","8":"tag-avatar","9":"tag-bande-annonce","10":"tag-divertissement","11":"tag-entertainment","12":"tag-films","13":"tag-fr","14":"tag-france","15":"tag-movies","16":"tag-pixar"},"share_on_mastodon":{"url":"https:\/\/pubeurope.com\/@fr\/114890142016256822","error":""},"_links":{"self":[{"href":"https:\/\/www.europesays.com\/fr\/wp-json\/wp\/v2\/posts\/262859","targetHints":{"allow":["GET"]}}],"collection":[{"href":"https:\/\/www.europesays.com\/fr\/wp-json\/wp\/v2\/posts"}],"about":[{"href":"https:\/\/www.europesays.com\/fr\/wp-json\/wp\/v2\/types\/post"}],"author":[{"embeddable":true,"href":"https:\/\/www.europesays.com\/fr\/wp-json\/wp\/v2\/users\/2"}],"replies":[{"embeddable":true,"href":"https:\/\/www.europesays.com\/fr\/wp-json\/wp\/v2\/comments?post=262859"}],"version-history":[{"count":0,"href":"https:\/\/www.europesays.com\/fr\/wp-json\/wp\/v2\/posts\/262859\/revisions"}],"wp:featuredmedia":[{"embeddable":true,"href":"https:\/\/www.europesays.com\/fr\/wp-json\/wp\/v2\/media\/262860"}],"wp:attachment":[{"href":"https:\/\/www.europesays.com\/fr\/wp-json\/wp\/v2\/media?parent=262859"}],"wp:term":[{"taxonomy":"category","embeddable":true,"href":"https:\/\/www.europesays.com\/fr\/wp-json\/wp\/v2\/categories?post=262859"},{"taxonomy":"post_tag","embeddable":true,"href":"https:\/\/www.europesays.com\/fr\/wp-json\/wp\/v2\/tags?post=262859"}],"curies":[{"name":"wp","href":"https:\/\/api.w.org\/{rel}","templated":true}]}}