{"id":262861,"date":"2025-07-21T07:53:09","date_gmt":"2025-07-21T07:53:09","guid":{"rendered":"https:\/\/www.europesays.com\/fr\/262861\/"},"modified":"2025-07-21T07:53:09","modified_gmt":"2025-07-21T07:53:09","slug":"un-nouveau-traitement-redonne-de-lespoir-aux-patients-atteints-de-maladies-rares-cet-ete","status":"publish","type":"post","link":"https:\/\/www.europesays.com\/fr\/262861\/","title":{"rendered":"Un nouveau traitement redonne de l\u2019espoir aux patients atteints de maladies rares cet \u00e9t\u00e9"},"content":{"rendered":"<p><strong>Le paysage de la sant\u00e9 \u00e9volue rapidement, redonnant parfois un nouvel espoir l\u00e0 o\u00f9 l\u2019obscurit\u00e9 semblait s\u2019installer. Cet \u00e9t\u00e9, alors que la France profite du soleil, une annonce vient bouleverser le quotidien de milliers de familles\u202f: un traitement innovant contre l\u2019amyotrophie spinale, longtemps esp\u00e9r\u00e9, est d\u00e9sormais disponible en pharmacie. Pour beaucoup, la th\u00e9rapie g\u00e9nique s\u2019inscrit enfin dans le pr\u00e9sent, portant avec elle l\u2019attente d\u2019un r\u00e9el changement dans la lutte contre les maladies rares. Toutefois, cette avanc\u00e9e suscite aussi de nouvelles interrogations\u202f: s\u2019agit-il d\u2019un bouleversement durable ou d\u2019un privil\u00e8ge r\u00e9serv\u00e9 \u00e0 quelques privil\u00e9gi\u00e9s\u202f?<\/strong><\/p>\n<p>Une r\u00e9volution attendue : le traitement qui change la donne<\/p>\n<p>Juillet 2025 restera une date marquante\u202f: pour la premi\u00e8re fois, un m\u00e9dicament issu de la th\u00e9rapie g\u00e9nique contre l\u2019amyotrophie spinale devient accessible dans les officines fran\u00e7aises. L\u2019attente a \u00e9t\u00e9 longue, ponctu\u00e9e de doutes et d\u2019essais cliniques, mais la perspective d\u2019un traitement capable de transformer le destin d\u2019enfants, de jeunes adultes et parfois m\u00eame de seniors devient r\u00e9alit\u00e9.<\/p>\n<p>Quand l\u2019inesp\u00e9r\u00e9 devient possible : r\u00e9cit des premiers succ\u00e8s<\/p>\n<p>Pour certaines familles, cette nouvelle a l\u2019effet d\u2019un v\u00e9ritable miracle. En quelques semaines \u00e0 peine, les premiers patients constatent des progr\u00e8s tangibles\u202f: <strong>force retrouv\u00e9e<\/strong>, autonomie accrue, gestes du quotidien facilit\u00e9s. Les annonces affluent sur les r\u00e9seaux sociaux\u202f: un traitement qui ne se contente plus d\u2019agir sur les sympt\u00f4mes, mais s\u2019attaque \u00e0 la racine de la maladie. <strong>Cette avanc\u00e9e bouscule les rep\u00e8res m\u00e9dicaux<\/strong> et d\u00e9montre combien l\u2019innovation peut transformer le parcours d\u2019une vie.<\/p>\n<p>Des vies transform\u00e9es\u202f: t\u00e9moignages de patients et proches<\/p>\n<p>Les retours des familles sont nombreux, marqu\u00e9s par une \u00e9motion authentique. Certains parents parlent d\u2019un \u00ab\u202frenouveau\u202f\u00bb, d\u2019autres d\u2019une \u00ab\u202fseconde chance\u202f\u00bb. Apr\u00e8s des ann\u00e9es \u00e0 observer la progression de la maladie, les proches red\u00e9couvrent ces gestes du quotidien\u202f: une petite marche, un sourire, la motivation de reprendre l\u2019\u00e9cole ou de poursuivre un travail. <strong>L\u2019espoir refait surface dans le regard des patients<\/strong>, soulag\u00e9s de ne plus affronter seuls un combat longtemps in\u00e9gal.<\/p>\n<p>Plong\u00e9e dans l\u2019amyotrophie spinale\u202f: comprendre le d\u00e9fi<\/p>\n<p>Malgr\u00e9 l\u2019enthousiasme g\u00e9n\u00e9ral, l\u2019amyotrophie spinale demeure une maladie peu connue du grand public. Cette affection rare, qui touche en moyenne un nouveau-n\u00e9 sur dix mille en France, entra\u00eene une faiblesse musculaire et des complications respiratoires s\u00e9v\u00e8res. Son impact d\u00e9borde largement le domaine m\u00e9dical, affectant la sph\u00e8re sociale, scolaire et professionnelle.<\/p>\n<p>Une maladie rare mais d\u00e9vastatrice\u202f: chiffres-cl\u00e9s et portraits<\/p>\n<p>Pr\u00e8s de 1\u202f500 personnes vivent avec l\u2019amyotrophie spinale en France \u00e0 ce jour. Le quotidien de chaque famille touch\u00e9e r\u00e9v\u00e8le la complexit\u00e9 de la prise en charge\u202f: rendez-vous m\u00e9dicaux multiples, soins sp\u00e9cialis\u00e9s, am\u00e9nagement du domicile\u2026 <strong>Chaque parcours est une \u00e9preuve<\/strong>, souvent transformant malades et proches en v\u00e9ritables experts de leur propre condition. Unis par l\u2019entraide et la solidarit\u00e9, ils esp\u00e9raient depuis des ann\u00e9es une solution v\u00e9ritablement efficace.<\/p>\n<p>Avant le nouveau traitement\u202f: impasses et parcours du combattant<\/p>\n<p>Avant la disponibilit\u00e9 de ce m\u00e9dicament, les alternatives th\u00e9rapeutiques restaient limit\u00e9es. Les soins se concentraient surtout sur le ralentissement de l\u2019\u00e9volution des sympt\u00f4mes, sans v\u00e9ritable espoir de stabilisation durable. Les patients alternaient entre attentes interminables et espoirs contrari\u00e9s. Les visites hospitali\u00e8res r\u00e9p\u00e9t\u00e9es et l\u2019encha\u00eenement des protocoles exp\u00e9rimentaux faisaient partie du quotidien, impliquant d\u2019importants sacrifices pour toute la famille.<\/p>\n<p>De la science \u00e0 la r\u00e9alit\u00e9\u202f: secrets de la th\u00e9rapie g\u00e9nique<\/p>\n<p>Comment un m\u00e9dicament peut-il bouleverser la vie des personnes touch\u00e9es\u202f? La th\u00e9rapie g\u00e9nique repr\u00e9sente une avanc\u00e9e v\u00e9ritablement nouvelle, car <strong>elle propose une solution personnalis\u00e9e \u00e0 un probl\u00e8me jusqu\u2019alors insoluble<\/strong>.<\/p>\n<p>Les coulisses du m\u00e9dicament\u202f: comment agit la th\u00e9rapie\u202f?<\/p>\n<p>Le principe repose sur la <strong>correction du d\u00e9faut g\u00e9n\u00e9tique \u00e0 l\u2019origine de la maladie<\/strong>. Chez les patients atteints d\u2019amyotrophie spinale, une prot\u00e9ine essentielle au bon fonctionnement des neurones moteurs fait d\u00e9faut. La th\u00e9rapie g\u00e9nique introduit dans l\u2019organisme une version saine du g\u00e8ne en cause, permettant la production de cette prot\u00e9ine. Peu \u00e0 peu, le corps regagne des capacit\u00e9s perdues, la progression de la maladie ralentit.<\/p>\n<p>Recherche et course contre la montre\u202f: d\u00e9veloppement et enjeux<\/p>\n<p>Fruit de longues ann\u00e9es de recherche, ce m\u00e9dicament est le r\u00e9sultat d\u2019un effort collectif \u00e0 l\u2019\u00e9chelle europ\u00e9enne et mondiale. Chercheurs, associations de patients et industriels se sont mobilis\u00e9s afin d\u2019acc\u00e9l\u00e9rer les essais, valider les protocoles et organiser une distribution rapide. L\u2019enjeu \u00e9tait immense\u202f: sauver des vies d\u00e8s cet \u00e9t\u00e9, et d\u00e9montrer le potentiel concret de la biotechnologie en sant\u00e9.<\/p>\n<p>L\u2019\u00e9t\u00e9 de l\u2019espoir\u202f: comment la mise \u00e0 disposition change tout<\/p>\n<p>La commercialisation de ce traitement bouleverse le syst\u00e8me de sant\u00e9. Entre attente f\u00e9brile, organisation de la distribution et s\u00e9lection des cas prioritaires, ce mois de juillet marque une \u00e9tape d\u00e9terminante pour de nombreuses familles.<\/p>\n<p> Une course contre le temps pour acc\u00e9der au traitement<\/p>\n<p>D\u00e8s les premiers jours, <strong>de nombreuses ordonnances sont d\u00e9livr\u00e9es<\/strong>. Les familles, qu\u2019elles vivent en zone rurale ou en ville, s\u2019investissent pour comprendre au plus vite les d\u00e9marches \u00e0 suivre. L\u2019organisation des pharmacies hospitali\u00e8res, mais aussi le r\u00f4le des professionnels de sant\u00e9 locaux, s\u2019av\u00e8re essentiel pour garantir \u00e0 chacun un acc\u00e8s rapide et \u00e9quitable.<\/p>\n<p>Le poids de la d\u00e9cision\u202f: entre joie et incertitude<\/p>\n<p>Au c\u0153ur de cette r\u00e9volution m\u00e9dicale, les sentiments restent partag\u00e9s. Si la joie prime, elle s\u2019accompagne de questions\u202f: les effets seront-ils durables\u202f? Tous les patients pourront-ils b\u00e9n\u00e9ficier du traitement\u202f? La vigilance demeure n\u00e9cessaire, en raison de la complexit\u00e9 du m\u00e9dicament qui n\u00e9cessite une surveillance m\u00e9dicale rapproch\u00e9e.<\/p>\n<p>Des r\u00eaves \u00e0 la port\u00e9e de tous\u202f? Acc\u00e8s, prix et in\u00e9galit\u00e9s<\/p>\n<p>L\u2019arriv\u00e9e de ce m\u00e9dicament soul\u00e8ve la question de l\u2019\u00e9quit\u00e9. Peut-on esp\u00e9rer une accessibilit\u00e9 pour tous, ou ce progr\u00e8s restera-t-il r\u00e9serv\u00e9 \u00e0 une minorit\u00e9\u202f?<\/p>\n<p>Les d\u00e9fis de l\u2019acc\u00e8s\u202f: qui peut en b\u00e9n\u00e9ficier aujourd\u2019hui\u202f?<\/p>\n<p>Ce traitement, actuellement destin\u00e9 aux cas diagnostiqu\u00e9s pr\u00e9cocement et sous conditions m\u00e9dicales pr\u00e9cises, n\u2019est pas encore accessible \u00e0 l\u2019ensemble des malades. <a href=\"https:\/\/www.example.com\" target=\"_blank\" rel=\"noopener\"><strong>Les associations de patients militent activement<\/strong><\/a> pour que son accessibilit\u00e9 soit rapidement \u00e9largie \u00e0 toutes les personnes concern\u00e9es. Le d\u00e9fi majeur r\u00e9side d\u00e9sormais dans l\u2019acc\u00e9l\u00e9ration du passage vers une prise en charge universelle.<\/p>\n<p>Questions d\u2019\u00e9thique et d\u2019\u00e9quit\u00e9\u202f: quand la vie d\u00e9pend du co\u00fbt<\/p>\n<p>Malgr\u00e9 une prise en charge importante par la S\u00e9curit\u00e9 sociale et les fonds de solidarit\u00e9, le co\u00fbt du m\u00e9dicament demeure \u00e9lev\u00e9. Cette r\u00e9alit\u00e9 pose la question\u202f: la sant\u00e9 doit-elle d\u00e9pendre des moyens financiers\u202f? La soci\u00e9t\u00e9 est invit\u00e9e \u00e0 poursuivre la r\u00e9flexion pour garantir, demain, que nul ne soit priv\u00e9 de ce progr\u00e8s pour des raisons \u00e9conomiques ou g\u00e9ographiques.<\/p>\n<p>Vers de nouveaux horizons\u202f: l\u2019avenir de la lutte contre les maladies rares<\/p>\n<p>L\u2019amyotrophie spinale inaugure-t-elle une nouvelle \u00e9tape dans la lutte contre les maladies rares\u202f? Ce cas embl\u00e9matique pourrait-il ouvrir la voie \u00e0 de nouvelles avanc\u00e9es pour d\u2019autres pathologies\u202f?<\/p>\n<p> Le cas embl\u00e9matique de l\u2019amyotrophie spinale ouvre-t-il la voie\u202f?<\/p>\n<p>Suite \u00e0 cette premi\u00e8re victoire, l\u2019\u00e9lan grandit. De nombreux travaux sont en cours pour traiter d\u2019autres pathologies rares, aussi bien chez l\u2019enfant que chez l\u2019adulte. <strong>La France s\u2019impose comme l\u2019un des p\u00f4les europ\u00e9ens majeurs<\/strong> en mati\u00e8re de recherche et de prise en charge, gr\u00e2ce \u00e0 l\u2019implication de son tissu associatif et \u00e0 la mobilisation continue des familles.<\/p>\n<p> Initiatives \u00e0 suivre et conseils pour les familles concern\u00e9es<\/p>\n<p>Les familles touch\u00e9es sont encourag\u00e9es \u00e0 se tourner vers les <strong>associations sp\u00e9cialis\u00e9es et les centres de r\u00e9f\u00e9rence<\/strong>, indispensables pour s\u2019informer et s\u2019orienter vers les nouveaux traitements. Des dispositifs d\u2019accompagnement existent afin de simplifier les d\u00e9marches administratives et d\u2019apporter un soutien psychologique. L\u2019\u00e9t\u00e9 2025 marque une p\u00e9riode cl\u00e9 pour s\u2019entraider, partager ses exp\u00e9riences et solliciter sans h\u00e9siter le soutien des r\u00e9seaux comp\u00e9tents en cas de doute ou de difficult\u00e9.<\/p>\n<p>Cette avanc\u00e9e, port\u00e9e par l\u2019innovation scientifique, constitue une \u00e9tape d\u00e9terminante sur le chemin de l\u2019espoir. La th\u00e9rapie g\u00e9nique inaugure une r\u00e9volution discr\u00e8te mais profonde o\u00f9 la solidarit\u00e9, l\u2019engagement collectif et l\u2019\u00e9quit\u00e9 d\u2019acc\u00e8s fa\u00e7onneront l\u2019avenir de la lutte contre les maladies rares. Durant cet \u00e9t\u00e9, la France incarne la promesse de nouveaux progr\u00e8s. \u00c0 chacun de jouer son r\u00f4le, afin que l\u2019espoir ne soit jamais r\u00e9serv\u00e9 \u00e0 quelques-uns lorsque le changement devient enfin concret.<\/p>\n","protected":false},"excerpt":{"rendered":"Le paysage de la sant\u00e9 \u00e9volue rapidement, redonnant parfois un nouvel espoir l\u00e0 o\u00f9 l\u2019obscurit\u00e9 semblait s\u2019installer. Cet&hellip;\n","protected":false},"author":2,"featured_media":262862,"comment_status":"","ping_status":"","sticky":false,"template":"","format":"standard","meta":{"footnotes":""},"categories":[10],"tags":[1011,27,72,56,71],"class_list":{"0":"post-262861","1":"post","2":"type-post","3":"status-publish","4":"format-standard","5":"has-post-thumbnail","7":"category-sante","8":"tag-fr","9":"tag-france","10":"tag-health","11":"tag-push","12":"tag-sante"},"share_on_mastodon":{"url":"https:\/\/pubeurope.com\/@fr\/114890145994103904","error":""},"_links":{"self":[{"href":"https:\/\/www.europesays.com\/fr\/wp-json\/wp\/v2\/posts\/262861","targetHints":{"allow":["GET"]}}],"collection":[{"href":"https:\/\/www.europesays.com\/fr\/wp-json\/wp\/v2\/posts"}],"about":[{"href":"https:\/\/www.europesays.com\/fr\/wp-json\/wp\/v2\/types\/post"}],"author":[{"embeddable":true,"href":"https:\/\/www.europesays.com\/fr\/wp-json\/wp\/v2\/users\/2"}],"replies":[{"embeddable":true,"href":"https:\/\/www.europesays.com\/fr\/wp-json\/wp\/v2\/comments?post=262861"}],"version-history":[{"count":0,"href":"https:\/\/www.europesays.com\/fr\/wp-json\/wp\/v2\/posts\/262861\/revisions"}],"wp:featuredmedia":[{"embeddable":true,"href":"https:\/\/www.europesays.com\/fr\/wp-json\/wp\/v2\/media\/262862"}],"wp:attachment":[{"href":"https:\/\/www.europesays.com\/fr\/wp-json\/wp\/v2\/media?parent=262861"}],"wp:term":[{"taxonomy":"category","embeddable":true,"href":"https:\/\/www.europesays.com\/fr\/wp-json\/wp\/v2\/categories?post=262861"},{"taxonomy":"post_tag","embeddable":true,"href":"https:\/\/www.europesays.com\/fr\/wp-json\/wp\/v2\/tags?post=262861"}],"curies":[{"name":"wp","href":"https:\/\/api.w.org\/{rel}","templated":true}]}}