{"id":262865,"date":"2025-07-21T07:55:09","date_gmt":"2025-07-21T07:55:09","guid":{"rendered":"https:\/\/www.europesays.com\/fr\/262865\/"},"modified":"2025-07-21T07:55:09","modified_gmt":"2025-07-21T07:55:09","slug":"rachel-legrain-trapani-victime-dagression-sexuelle-elle-annule-tout-a-la-derniere-minute","status":"publish","type":"post","link":"https:\/\/www.europesays.com\/fr\/262865\/","title":{"rendered":"Rachel Legrain-Trapani victime d\u2019agression sexuelle : elle annule tout \u00e0 la derni\u00e8re minute"},"content":{"rendered":"<p><strong>Rachel Legrain-Trapani<\/strong> traverse un cauchemar \u00e9veill\u00e9. Pr\u00e9sente \u00e0 Avignon pour d\u00e9fendre <a href=\"https:\/\/www.public.fr\/miss-france-rachel-legrain-trapani-change-de-job-et-cest-surprenant\" target=\"_blank\" rel=\"noopener\">son spectacle Pas si Miss que \u00e7a<\/a>, l&rsquo;ancienne Miss France a r\u00e9v\u00e9l\u00e9 avoir \u00e9t\u00e9 <strong>victime d&rsquo;une agression sexuelle<\/strong>, en marge du festival OFF. <\/p>\n<p>Le drame s&rsquo;est produit le jeudi 17 juillet 2025, dans le Vaucluse. Encore sous le choc, la jeune femme a pris la parole sur ses r\u00e9seaux sociaux pour annoncer qu&rsquo;elle avait <strong>port\u00e9 plainte contre son agresseur<\/strong>.<\/p>\n<p>\u00ab\u00a0Bon, la journ\u00e9e ne s\u2019est pas termin\u00e9e de la meilleure des fa\u00e7ons\u00a0\u00bb, a-t-elle \u00e9crit en story <a href=\"https:\/\/www.instagram.com\/racheltrapani\/?hl=fr\" target=\"_blank\" rel=\"noreferrer noopener\">Instagram<\/a> avant de remercier la police pour \u00ab\u00a0sa r\u00e9activit\u00e9, son aide et son soutien\u00a0\u00bb. <\/p>\n<p>Rachel Legrain-Trapani : son agresseur interpell\u00e9<\/p>\n<p>Peu apr\u00e8s avoir bris\u00e9 le silence sur son agression, Rachel Legrain-Trapani a livr\u00e9 un t\u00e9moignage gla\u00e7ant sur le d\u00e9roul\u00e9 des faits.<\/p>\n<p>D&rsquo;apr\u00e8s ses confidences, tout se serait pass\u00e9 durant une session de tractage, lorsqu&rsquo;un homme, qu&rsquo;elle avait d\u00e9j\u00e0 rep\u00e9r\u00e9 en train de \u00ab\u00a0r\u00f4der\u00a0\u00bb autour d&rsquo;elle depuis un moment, se serait brusquement approch\u00e9. Apr\u00e8s avoir vu plusieurs jeunes filles venir lui demander des photos, <strong>l&rsquo;individu aurait profit\u00e9 de l&rsquo;agitation pour s&rsquo;avancer \u00e0 son tour\u2026 avant de commencer \u00e0 la toucher. <\/strong><\/p>\n<p>Surprise et sous le choc, elle n&rsquo;a visiblement pas eu le temps de r\u00e9agir avant qu&rsquo;il prenne la fuite. Heureusement, l&rsquo;une de ses amies, t\u00e9moin de la sc\u00e8ne, a tent\u00e9 de le poursuivre et a <strong>imm\u00e9diatement alert\u00e9 la police, qui a r\u00e9ussi \u00e0 <a href=\"https:\/\/www.public.fr\/rachel-legrain-trapani-victime-dagression-sexuelle-lagresseur-presume-a-ete-interpelle-et-mis-en-examen\" target=\"_blank\" rel=\"noopener\">interpeller l&rsquo;agresseur pr\u00e9sum\u00e9<\/a>. <\/strong><\/p>\n<p>L&rsquo;ex-Miss annule tout <\/p>\n<p>Encore tr\u00e8s secou\u00e9e, Rachel Legrain-Trapani a beaucoup de mal \u00e0 se remettre de cette agression. Sous le choc, elle a d&rsquo;ailleurs pris la d\u00e9cision d&rsquo;<strong>annuler les repr\u00e9sentations de son spectacle au festival OFF 2025<\/strong>, rapporte jeanmarcmorandini.com selon les informations de La Provence. <\/p>\n<p>\u00ab\u00a0Hier <strong>elle a fondu en larmes en sortant de sc\u00e8ne, elle est tr\u00e8s choqu\u00e9e et vit cette \u00e9preuve loin de sa famille en faisant face aux sollicitations de la presse, c&rsquo;est trop<\/strong>\u00ab\u00a0, a expliqu\u00e9 sa productrice Sweety Luchmoneea.<\/p>\n<p>      Mentionn\u00e9s dans cet article<\/p>\n<p>\u00c0 lire aussi<\/p>\n<p><script async src=\"\/\/www.instagram.com\/embed.js\"><\/script><\/p>\n","protected":false},"excerpt":{"rendered":"Rachel Legrain-Trapani traverse un cauchemar \u00e9veill\u00e9. Pr\u00e9sente \u00e0 Avignon pour d\u00e9fendre son spectacle Pas si Miss que \u00e7a,&hellip;\n","protected":false},"author":2,"featured_media":262866,"comment_status":"","ping_status":"","sticky":false,"template":"","format":"standard","meta":{"footnotes":""},"categories":[8],"tags":[1267,58,59,16572,1011,27,26191],"class_list":{"0":"post-262865","1":"post","2":"type-post","3":"status-publish","4":"format-standard","5":"has-post-thumbnail","7":"category-divertissement","8":"tag-agression-sexuelle","9":"tag-divertissement","10":"tag-entertainment","11":"tag-festival-davignon","12":"tag-fr","13":"tag-france","14":"tag-rachel-legrain-trapani"},"share_on_mastodon":{"url":"https:\/\/pubeurope.com\/@fr\/114890153829127558","error":""},"_links":{"self":[{"href":"https:\/\/www.europesays.com\/fr\/wp-json\/wp\/v2\/posts\/262865","targetHints":{"allow":["GET"]}}],"collection":[{"href":"https:\/\/www.europesays.com\/fr\/wp-json\/wp\/v2\/posts"}],"about":[{"href":"https:\/\/www.europesays.com\/fr\/wp-json\/wp\/v2\/types\/post"}],"author":[{"embeddable":true,"href":"https:\/\/www.europesays.com\/fr\/wp-json\/wp\/v2\/users\/2"}],"replies":[{"embeddable":true,"href":"https:\/\/www.europesays.com\/fr\/wp-json\/wp\/v2\/comments?post=262865"}],"version-history":[{"count":0,"href":"https:\/\/www.europesays.com\/fr\/wp-json\/wp\/v2\/posts\/262865\/revisions"}],"wp:featuredmedia":[{"embeddable":true,"href":"https:\/\/www.europesays.com\/fr\/wp-json\/wp\/v2\/media\/262866"}],"wp:attachment":[{"href":"https:\/\/www.europesays.com\/fr\/wp-json\/wp\/v2\/media?parent=262865"}],"wp:term":[{"taxonomy":"category","embeddable":true,"href":"https:\/\/www.europesays.com\/fr\/wp-json\/wp\/v2\/categories?post=262865"},{"taxonomy":"post_tag","embeddable":true,"href":"https:\/\/www.europesays.com\/fr\/wp-json\/wp\/v2\/tags?post=262865"}],"curies":[{"name":"wp","href":"https:\/\/api.w.org\/{rel}","templated":true}]}}