{"id":262867,"date":"2025-07-21T07:56:14","date_gmt":"2025-07-21T07:56:14","guid":{"rendered":"https:\/\/www.europesays.com\/fr\/262867\/"},"modified":"2025-07-21T07:56:14","modified_gmt":"2025-07-21T07:56:14","slug":"cette-caracteristique-de-liphone-17-air-pourrait-vous-decevoir","status":"publish","type":"post","link":"https:\/\/www.europesays.com\/fr\/262867\/","title":{"rendered":"Cette caract\u00e9ristique de l\u2019iPhone 17 Air pourrait vous d\u00e9cevoir"},"content":{"rendered":"<p>Cette ann\u00e9e, Samsung propose une version ultra-fine de son smartphone haut de gamme\u00a0: le <a href=\"https:\/\/www.presse-citron.net\/test-samsung-galaxy-s25-edge\/\" target=\"_blank\" rel=\"noopener\">Galaxy S25 Edge.<\/a> Et normalement, <a href=\"https:\/\/www.presse-citron.net\/bourse\/acheter-actions\/apple\/\" target=\"_blank\" rel=\"noopener\">Apple<\/a> devrait \u00e9galement proposer une version similaire de son iPhone 17, qui serait baptis\u00e9 iPhone 17 Air. L\u2019iPhone 17 Air devrait apporter un changement majeur dans le design de l\u2019iPhone. Certaines rumeurs indiquent que ce mod\u00e8le pourrait avoir une \u00e9paisseur de 5,5 millim\u00e8tres. Cependant, pour que l\u2019iPhone 17 Air soit ultra-fin, Apple devra forc\u00e9ment faire des concessions au niveau de la fiche technique. Et malheureusement, celui-ci devrait aussi avoir une batterie plus petite.<\/p>\n<p>Dans un article publi\u00e9 il y a quelques jours, Appleinsider relaie de nouvelles informations provenant d\u2019Instant Digital, une source sur le r\u00e9seau social Weibo qui est r\u00e9guli\u00e8rement cit\u00e9e par la presse. Cette nouvelle rumeur sugg\u00e8re que l\u2019iPhone 17 Air aurait une batterie nettement plus petite que celle de l\u2019<a href=\"https:\/\/www.presse-citron.net\/on-a-teste-apple-intelligence-sur-iphone-16-y-a-du-boulot\/\" rel=\"false noopener\" target=\"_blank\">iPhone 16.<\/a> En effet, l\u2019iPhone 17 Air aurait une batterie d\u2019environ 2\u00a0800 mAh, alors que sur l\u2019iPhone 16, on aurait une batterie de 3\u00a0561 mAh.<\/p>\n<p> Apple s\u2019appuierait sur l\u2019optimisation logicielle <\/p>\n<p>Pour le moment, ces informations sont \u00e0 consid\u00e9rer avec prudence, puisqu\u2019elles ne proviennent pas d\u2019une source officielle. Mais, en tout cas, il serait tout \u00e0 fait logique que l\u2019iPhone 17 Air, plus fin, ait une plus petite batterie. Il se murmure que, pour compenser, Apple pourrait s\u2019appuyer sur des solutions logicielles int\u00e9gr\u00e9es \u00e0 iOS 26. Cette nouvelle version d\u2019iOS inclut par exemple une fonctionnalit\u00e9 appel\u00e9e Adaptative Power qui, lorsqu\u2019elle est active, peut faire des ajustements sur la luminosit\u00e9 de l\u2019\u00e9cran et sur le fonctionnement des apps, si l\u2019utilisation de la batterie est plus importante que d\u2019habitude.<\/p>\n<p>Sinon, Apple pourrait aussi am\u00e9liorer l\u2019autonomie de l\u2019iPhone 17 Air gr\u00e2ce \u00e0 de nouveaux composants. L\u2019entreprise pourrait par exemple \u00e9quiper cet iPhone d\u2019un processeur plus \u00e9conome en \u00e9nergie et de sa puce 5G C1, r\u00e9put\u00e9e pour les \u00e9conomies d\u2019\u00e9nergie qu\u2019elle peut r\u00e9aliser sur la connectivit\u00e9.<\/p>\n<ul class=\"tldr\">\n<li>Alors que Samsung propose d\u00e9j\u00e0 un Galaxy plus fin, Apple devrait proposer une version ultrafine de l\u2019iPhone baptis\u00e9e iPhone 17 Air<\/li>\n<li>Malheureusement, la firme devrait faire des concessions sur la fiche technique pour que cet iPhone soit le plus fin possible et il se murmure que l\u2019iPhone 17 Air pourrait avoir une batterie de 2\u00a0800 mAh<\/li>\n<li>Pour compenser, Apple pourrait miser sur une nouvelle fonctionnalit\u00e9 iOS 26 qui limite l\u2019utilisation de la batterie pour prolonger l\u2019autonomie de l\u2019iPhone<\/li>\n<li>La firme pourrait aussi miser sur des composants \u00e9conomes en \u00e9nergie<\/li>\n<\/ul>\n<blockquote>\n<p class=\"text-base text-neutral-700 dark:text-neutral-300\">\ud83d\udccd Pour ne manquer aucune actualit\u00e9 de Presse-citron, suivez-nous sur <a href=\"https:\/\/news.google.com\/publications\/CAAqBggKMIPiNTC70wU?hl=fr&amp;gl=FR&amp;ceid=FR%3Afr\" target=\"_blank\" rel=\"noopener\">Google Actualit\u00e9s<\/a> et <a href=\"https:\/\/whatsapp.com\/channel\/0029VaCkGuz4NViitBXbEr0b\" target=\"_blank\" rel=\"noopener\">WhatsApp<\/a>.<\/p>\n<\/blockquote>\n","protected":false},"excerpt":{"rendered":"Cette ann\u00e9e, Samsung propose une version ultra-fine de son smartphone haut de gamme\u00a0: le Galaxy S25 Edge. Et&hellip;\n","protected":false},"author":2,"featured_media":262868,"comment_status":"","ping_status":"","sticky":false,"template":"","format":"standard","meta":{"footnotes":""},"categories":[7],"tags":[733,1011,27,22778,43,40,41,39,42,44],"class_list":{"0":"post-262867","1":"post","2":"type-post","3":"status-publish","4":"format-standard","5":"has-post-thumbnail","7":"category-sciences-et-technologies","8":"tag-apple","9":"tag-fr","10":"tag-france","11":"tag-iphone-17","12":"tag-science","13":"tag-science-and-technology","14":"tag-sciences","15":"tag-sciences-et-technologies","16":"tag-technologies","17":"tag-technology"},"share_on_mastodon":{"url":"https:\/\/pubeurope.com\/@fr\/114890157770615533","error":""},"_links":{"self":[{"href":"https:\/\/www.europesays.com\/fr\/wp-json\/wp\/v2\/posts\/262867","targetHints":{"allow":["GET"]}}],"collection":[{"href":"https:\/\/www.europesays.com\/fr\/wp-json\/wp\/v2\/posts"}],"about":[{"href":"https:\/\/www.europesays.com\/fr\/wp-json\/wp\/v2\/types\/post"}],"author":[{"embeddable":true,"href":"https:\/\/www.europesays.com\/fr\/wp-json\/wp\/v2\/users\/2"}],"replies":[{"embeddable":true,"href":"https:\/\/www.europesays.com\/fr\/wp-json\/wp\/v2\/comments?post=262867"}],"version-history":[{"count":0,"href":"https:\/\/www.europesays.com\/fr\/wp-json\/wp\/v2\/posts\/262867\/revisions"}],"wp:featuredmedia":[{"embeddable":true,"href":"https:\/\/www.europesays.com\/fr\/wp-json\/wp\/v2\/media\/262868"}],"wp:attachment":[{"href":"https:\/\/www.europesays.com\/fr\/wp-json\/wp\/v2\/media?parent=262867"}],"wp:term":[{"taxonomy":"category","embeddable":true,"href":"https:\/\/www.europesays.com\/fr\/wp-json\/wp\/v2\/categories?post=262867"},{"taxonomy":"post_tag","embeddable":true,"href":"https:\/\/www.europesays.com\/fr\/wp-json\/wp\/v2\/tags?post=262867"}],"curies":[{"name":"wp","href":"https:\/\/api.w.org\/{rel}","templated":true}]}}