{"id":262869,"date":"2025-07-21T07:57:11","date_gmt":"2025-07-21T07:57:11","guid":{"rendered":"https:\/\/www.europesays.com\/fr\/262869\/"},"modified":"2025-07-21T07:57:11","modified_gmt":"2025-07-21T07:57:11","slug":"japon-malgre-sa-debacle-electorale-ishiba-saccroche-au-pouvoir-actualites","status":"publish","type":"post","link":"https:\/\/www.europesays.com\/fr\/262869\/","title":{"rendered":"Japon: malgr\u00e9 sa d\u00e9b\u00e2cle \u00e9lectorale, Ishiba s&rsquo;accroche au pouvoir : Actualit\u00e9s"},"content":{"rendered":"<p class=\"lead \">L&rsquo;impopulaire Premier ministre japonais Shigeru Ishiba a manifest\u00e9 son intention de rester au pouvoir malgr\u00e9 la cuisante d\u00e9faite aux \u00e9lections s\u00e9natoriales de dimanche, \u00e0 l&rsquo;issue desquelles il ne dispose plus de majorit\u00e9 dans aucune des deux chambres du Parlement.<\/p>\n<p class=\"lead \">Lors du scrutin de dimanche, qui a renouvel\u00e9 125 des 248 si\u00e8ges de la chambre haute, le Parti lib\u00e9ral-d\u00e9mocrate (PLD, droite conservatrice) de M. Ishiba et son alli\u00e9 Komeito (centre-droit) n&rsquo;ont remport\u00e9 que 47 si\u00e8ges \u00e0 eux deux, selon les r\u00e9sultats officiels rapport\u00e9s lundi par la t\u00e9l\u00e9vision publique NHK et d&rsquo;autres m\u00e9dias.<\/p>\n<p class=\"lead \">Quoique sup\u00e9rieur aux projections initiales des m\u00e9dias locaux, ce r\u00e9sultat reste en-de\u00e7\u00e0 des 50 si\u00e8ges n\u00e9cessaires aux deux partis pour conserver leur majorit\u00e9. Ils ne compteront plus que 122 s\u00e9nateurs, m\u00eame si l&rsquo;opposition, tr\u00e8s fragment\u00e9e, n&rsquo;appara\u00eet pas en mesure de former une majorit\u00e9 alternative.<\/p>\n<p class=\"lead \"> De quoi exacerber les sp\u00e9culations sur une d\u00e9mission de                  <a href=\"http:\/\/spar-iris-p-cms-http-cli-vip.afp.com\/nuxeo\/site\/documents\/8a15ff47-f734-495a-9e23-c904790568bc\" target=\"_blank\" rel=\"nofollow noopener\">Shigeru Ishiba<\/a> , 68 ans, en fonction depuis dix mois seulement.<\/p>\n<p class=\"lead \">Interrog\u00e9 dimanche soir sur son intention de rester en place, le Premier ministre a r\u00e9pondu \u00e0 un m\u00e9dia local: \u00ab\u00a0c&rsquo;est bien cela\u00a0\u00bb.<\/p>\n<p class=\"lead \">\u00ab\u00a0Des changements dans l&rsquo;environnement ext\u00e9rieur, comme la situation internationle, ou des d\u00e9sastres climatiques, ne peuvent pas attendre que la situation politique s&rsquo;am\u00e9liore\u00a0\u00bb, a expliqu\u00e9 M. Ishiba au cours d&rsquo;une conf\u00e9rence de presse lundi. <\/p>\n<p class=\"lead \">\u00ab\u00a0Pour cette raison, bien que je sois tout \u00e0 fait conscient de notre profonde responsabilit\u00e9 dans le r\u00e9sultat des \u00e9lections, pour ne pas paralyser les affaires politiques, je pense que je dois assurer ma responsabilit\u00e9 en tant que parti ayant recueilli le plus de suffrages\u00a0\u00bb, a-t-il dit.<\/p>\n<p class=\"lead \">Pour Takeshi Nemoto, 80 ans, un militant du PLD, interrog\u00e9 par l&rsquo;AFP, le choix d&rsquo;un nouveau chef de file \u00ab\u00a0serait un combat perdu d&rsquo;avance pour le parti\u00a0\u00bb et compliquerait en outre les discussions sur les taxes douani\u00e8res avec le pr\u00e9sident am\u00e9ricain Donald Trump.<\/p>\n<p class=\"lead \">&#8211; Terrain inconnu &#8211;<\/p>\n<p class=\"lead \">La coalition gouvernementale est d\u00e9j\u00e0 en minorit\u00e9 \u00e0 la chambre basse du Parlement, depuis une d\u00e9b\u00e2cle aux \u00e9lections l\u00e9gislatives anticip\u00e9es de l&rsquo;automne &#8211; que M. Ishiba avait lui-m\u00eame convoqu\u00e9es apr\u00e8s avoir pris en septembre la t\u00eate du PLD.<\/p>\n<p class=\"lead \">Le PLD gouverne le Japon de mani\u00e8re quasi ininterrompue depuis 1955, malgr\u00e9 de fr\u00e9quents changements de dirigeants.<\/p>\n<p class=\"lead \">Le Japon entre d\u00e9sormais \u00ab\u00a0en terrain inconnu, avec un gouvernement en minorit\u00e9 dans les deux chambres du Parlement, situation in\u00e9dite depuis la Seconde Guerre mondiale\u00a0\u00bb, rappelle Toru Yoshida, professeur de sciences politiques \u00e0 l&rsquo;Universit\u00e9 Doshisha.<\/p>\n<p class=\"lead \">Le Parti d\u00e9mocrate constitutionnel (centre-gauche), principale force d&rsquo;opposition, a lui gagn\u00e9 22 si\u00e8ges, et le Parti d\u00e9mocrate du peuple (centriste) 17 si\u00e8ges.<\/p>\n<p class=\"lead \">Surtout, le parti populiste anti-immigration Sanseito, au slogan \u00ab\u00a0Le Japon d&rsquo;abord\u00a0\u00bb, fait une forte perc\u00e9e avec 14 si\u00e8ges remport\u00e9s dans la chambre haute, contre deux auparavant.<\/p>\n<p class=\"lead \">&#8211; Riz cher &#8211;<\/p>\n<p class=\"lead \">En raison de leur absence de majorit\u00e9 \u00e0 la Di\u00e8te, le PLD et Komeito devaient d\u00e9j\u00e0 transiger avec l&rsquo;opposition pour faire voter leurs textes, alors m\u00eame que la conjoncture s&rsquo;assombrit.<\/p>\n<p class=\"lead \">L&rsquo;inflation reste forte (+3,3% en juin hors produits frais), tir\u00e9e par une vertigineuse flamb\u00e9e des prix du riz, qui ont doubl\u00e9 en un  an.<\/p>\n<p class=\"lead \">Pour att\u00e9nuer l&rsquo;impact inflationniste, M. Ishiba a \u00e9tendu les aides au logement, prolong\u00e9 des subventions \u00e0 l&rsquo;\u00e9nergie, et s&rsquo;est engag\u00e9 \u00e0 verser des ch\u00e8ques d&rsquo;aides aux citoyens. Les autorit\u00e9s ont \u00e9galement d\u00e9bloqu\u00e9 une partie des r\u00e9serves strat\u00e9giques de riz pour faire baisser les prix, sans succ\u00e8s pour l&rsquo;heure.<\/p>\n<p class=\"lead \">Par ailleurs, l&rsquo;offensive douani\u00e8re de Donald Trump a fait plonger d&rsquo;un quart les ventes automobiles vers les Etats-Unis, un secteur qui repr\u00e9sente 8% des emplois dans l&rsquo;archipel. <\/p>\n<p class=\"lead \">La menace de surtaxes am\u00e9ricaines g\u00e9n\u00e9ralis\u00e9es de 25% au 1er ao\u00fbt fragilise le tissu \u00e9conomique nippon, tr\u00e8s d\u00e9pendant des exportations.<\/p>\n<p class=\"lead \">Alors que le n\u00e9gociateur japonais Ryosei Akazawa s&rsquo;est rendu \u00e0 sept reprises aux Etats-Unis, les pourparlers avec Washington s&rsquo;enlisent. <\/p>\n<p class=\"lead \">Les march\u00e9s financiers s&rsquo;inqui\u00e8tent, eux, des d\u00e9rives budg\u00e9taires, les massifs plans de relance et d&rsquo;aides du gouvernement Ishiba aggravant un endettement d\u00e9j\u00e0 lourd. Plusieurs \u00e9missions obligataires de Tokyo ont \u00e9t\u00e9 boud\u00e9es ces derniers mois, faisant s&rsquo;envoler les taux nippons.<\/p>\n<p class=\"small font-weight-bold text-gray3 \"> publi\u00e9 le 21 juillet \u00e0 09h10, AFP<\/p>\n<p>                             Partager<\/p>\n","protected":false},"excerpt":{"rendered":"L&rsquo;impopulaire Premier ministre japonais Shigeru Ishiba a manifest\u00e9 son intention de rester au pouvoir malgr\u00e9 la cuisante d\u00e9faite&hellip;\n","protected":false},"author":2,"featured_media":262870,"comment_status":"","ping_status":"","sticky":false,"template":"","format":"standard","meta":{"footnotes":""},"categories":[6],"tags":[13790,11910,35,33,34,1011,27,418,2070,1050,316],"class_list":{"0":"post-262869","1":"post","2":"type-post","3":"status-publish","4":"format-standard","5":"has-post-thumbnail","7":"category-economie","8":"tag-conomie","9":"tag-lections","10":"tag-business","11":"tag-economie","12":"tag-economy","13":"tag-fr","14":"tag-france","15":"tag-gouvernement","16":"tag-japon","17":"tag-parlement","18":"tag-politique"},"share_on_mastodon":{"url":"https:\/\/pubeurope.com\/@fr\/114890161774336947","error":""},"_links":{"self":[{"href":"https:\/\/www.europesays.com\/fr\/wp-json\/wp\/v2\/posts\/262869","targetHints":{"allow":["GET"]}}],"collection":[{"href":"https:\/\/www.europesays.com\/fr\/wp-json\/wp\/v2\/posts"}],"about":[{"href":"https:\/\/www.europesays.com\/fr\/wp-json\/wp\/v2\/types\/post"}],"author":[{"embeddable":true,"href":"https:\/\/www.europesays.com\/fr\/wp-json\/wp\/v2\/users\/2"}],"replies":[{"embeddable":true,"href":"https:\/\/www.europesays.com\/fr\/wp-json\/wp\/v2\/comments?post=262869"}],"version-history":[{"count":0,"href":"https:\/\/www.europesays.com\/fr\/wp-json\/wp\/v2\/posts\/262869\/revisions"}],"wp:featuredmedia":[{"embeddable":true,"href":"https:\/\/www.europesays.com\/fr\/wp-json\/wp\/v2\/media\/262870"}],"wp:attachment":[{"href":"https:\/\/www.europesays.com\/fr\/wp-json\/wp\/v2\/media?parent=262869"}],"wp:term":[{"taxonomy":"category","embeddable":true,"href":"https:\/\/www.europesays.com\/fr\/wp-json\/wp\/v2\/categories?post=262869"},{"taxonomy":"post_tag","embeddable":true,"href":"https:\/\/www.europesays.com\/fr\/wp-json\/wp\/v2\/tags?post=262869"}],"curies":[{"name":"wp","href":"https:\/\/api.w.org\/{rel}","templated":true}]}}