{"id":262871,"date":"2025-07-21T07:58:09","date_gmt":"2025-07-21T07:58:09","guid":{"rendered":"https:\/\/www.europesays.com\/fr\/262871\/"},"modified":"2025-07-21T07:58:09","modified_gmt":"2025-07-21T07:58:09","slug":"a-miami-la-desillusion-de-cubains-pris-au-piege-de-leur-soutien-a-trump-liberation","status":"publish","type":"post","link":"https:\/\/www.europesays.com\/fr\/262871\/","title":{"rendered":"A Miami, la d\u00e9sillusion de Cubains pris au pi\u00e8ge de leur soutien \u00e0 Trump \u2013 Lib\u00e9ration"},"content":{"rendered":"<p class=\"sc-ksZaOG ehjQrN text-element\">Au bout du fil, la voix s\u2019\u00e9trangle : \u00abMon amour, tu me manques\u2026 Ils ont r\u00e9uni les Cubains, je ne sais pas o\u00f9 ils nous emm\u00e8nent. Oui moi aussi je t\u2019aime\u2026 Baisers.\u00bb Comme presque chaque jour depuis son arrestation, le 9 juillet, Denis Dur\u00e1n Aguila fait usage de son droit \u00e0 un bref appel quotidien pour joindre son compagnon, Alejandro (1), depuis le camp de r\u00e9tention du sud de la Floride que l\u2019administration Trump s\u2019est plu \u00e0 baptiser <a href=\"https:\/\/www.liberation.fr\/international\/amerique\/alligator-alcatraz-trump-en-visite-dans-sa-future-prison-pour-migrants-20250701_BUUCWOKU55H5LMAM53UNYMAK3U\/\" target=\"_blank\" rel=\"noopener\" title=\"https:\/\/www.liberation.fr\/international\/amerique\/alligator-alcatraz-trump-en-visite-dans-sa-future-prison-pour-migrants-20250701_BUUCWOKU55H5LMAM53UNYMAK3U\/\">\u00abAlligator Alcatraz\u00bb<\/a>. Cette vitrine de la cruaut\u00e9 assum\u00e9e avec laquelle l\u2019ex\u00e9cutif am\u00e9ricain <a href=\"https:\/\/www.liberation.fr\/international\/amerique\/aux-etats-unis-la-police-traque-les-migrants-jusque-dans-les-tribunaux-20250613_PQRIHVOGDRGHPHJQNG2IRV2TRY\/\" target=\"_blank\" rel=\"noopener\" title=\"https:\/\/www.liberation.fr\/international\/amerique\/aux-etats-unis-la-police-traque-les-migrants-jusque-dans-les-tribunaux-20250613_PQRIHVOGDRGHPHJQNG2IRV2TRY\/\">traque et enferme d\u00e9sormais des milliers de personnes chaque jour<\/a> fut \u00e9rig\u00e9e fin juin, au bord d\u2019une route \u00e9troite sinuant \u00e0 travers les mar\u00e9cages des Everglades, sur laquelle r\u00e8gnent des nu\u00e9es de moustiques gros comme des p\u00e9pins de citron.<\/p>\n","protected":false},"excerpt":{"rendered":"Au bout du fil, la voix s\u2019\u00e9trangle : \u00abMon amour, tu me manques\u2026 Ils ont r\u00e9uni les Cubains,&hellip;\n","protected":false},"author":2,"featured_media":262872,"comment_status":"","ping_status":"","sticky":false,"template":"","format":"standard","meta":{"footnotes":""},"categories":[5],"tags":[11,19551,75,73,1011,27,14,12,28],"class_list":{"0":"post-262871","1":"post","2":"type-post","3":"status-publish","4":"format-standard","5":"has-post-thumbnail","7":"category-international","8":"tag-actualites","9":"tag-cuba","10":"tag-donald-trump","11":"tag-etats-unis","12":"tag-fr","13":"tag-france","14":"tag-international","15":"tag-news","16":"tag-world"},"share_on_mastodon":{"url":"https:\/\/pubeurope.com\/@fr\/114890165773546696","error":""},"_links":{"self":[{"href":"https:\/\/www.europesays.com\/fr\/wp-json\/wp\/v2\/posts\/262871","targetHints":{"allow":["GET"]}}],"collection":[{"href":"https:\/\/www.europesays.com\/fr\/wp-json\/wp\/v2\/posts"}],"about":[{"href":"https:\/\/www.europesays.com\/fr\/wp-json\/wp\/v2\/types\/post"}],"author":[{"embeddable":true,"href":"https:\/\/www.europesays.com\/fr\/wp-json\/wp\/v2\/users\/2"}],"replies":[{"embeddable":true,"href":"https:\/\/www.europesays.com\/fr\/wp-json\/wp\/v2\/comments?post=262871"}],"version-history":[{"count":0,"href":"https:\/\/www.europesays.com\/fr\/wp-json\/wp\/v2\/posts\/262871\/revisions"}],"wp:featuredmedia":[{"embeddable":true,"href":"https:\/\/www.europesays.com\/fr\/wp-json\/wp\/v2\/media\/262872"}],"wp:attachment":[{"href":"https:\/\/www.europesays.com\/fr\/wp-json\/wp\/v2\/media?parent=262871"}],"wp:term":[{"taxonomy":"category","embeddable":true,"href":"https:\/\/www.europesays.com\/fr\/wp-json\/wp\/v2\/categories?post=262871"},{"taxonomy":"post_tag","embeddable":true,"href":"https:\/\/www.europesays.com\/fr\/wp-json\/wp\/v2\/tags?post=262871"}],"curies":[{"name":"wp","href":"https:\/\/api.w.org\/{rel}","templated":true}]}}