{"id":262873,"date":"2025-07-21T07:59:10","date_gmt":"2025-07-21T07:59:10","guid":{"rendered":"https:\/\/www.europesays.com\/fr\/262873\/"},"modified":"2025-07-21T07:59:10","modified_gmt":"2025-07-21T07:59:10","slug":"un-violent-orage-cause-des-degats-la-nuit-derniere-en-occitanie","status":"publish","type":"post","link":"https:\/\/www.europesays.com\/fr\/262873\/","title":{"rendered":"un violent orage cause des d\u00e9g\u00e2ts la nuit derni\u00e8re en Occitanie"},"content":{"rendered":"<p>\nDe violents orages ont \u00e9maill\u00e9 l&rsquo;Occitanie cette nuit.<\/p>\n<p>\n\u00a9 DR. De violents orages ont \u00e9maill\u00e9 l\u2019Occitanie cette nuit. .<\/p>\n<p>Un <strong>orage<\/strong> violent a balay\u00e9 le <strong>Languedoc<\/strong> la nuit derni\u00e8re, comme pr\u00e9vu dan notre<a href=\"https:\/\/infoccitanie.fr\/meteo-attention-aux-forts-orages-ce-dimanche-soir-et-cette-nuit-en-occitanie-20\/\" rel=\"nofollow noopener\" target=\"_blank\"> bulletin m\u00e9t\u00e9o<\/a>. L\u2019orage a circul\u00e9 dans l\u2019Est de l\u2019H\u00e9rault, particuli\u00e8rement dans le<strong> Pays de <a href=\"https:\/\/infoccitanie.fr\/tag\/lunel\/\" rel=\"nofollow noopener\" target=\"_blank\">Lunel<\/a><\/strong>. Il a ensuite travers\u00e9 les plaines Sud du d\u00e9partement du Gard, en touchant les secteurs de la <strong>Petite Camargue, de la Vistrenque, une partie du bassin n\u00eemois et la Vall\u00e9e du Rh\u00f4ne.<\/strong><\/p>\n<p>Arbres d\u00e9racin\u00e9, couch\u00e9s, ruissellement<\/p>\n<p>L\u2019orage a provoqu\u00e9 des d\u00e9g\u00e2ts notamment en raison des <strong>fortes rafales de vent<\/strong>, provoquant des d\u00e9racinement d\u2019arbres et laissant des <strong>arbres couch\u00e9s<\/strong> sur les voies. Les trains au d\u00e9part de N\u00eemes centre affichaient d\u2019importants retards, certains de plus de 2h et d\u2019autres supprim\u00e9s.<\/p>\n<p>\u00ab\u00a0On aurait dit qu\u2019un avion \u00e0 r\u00e9action \u00e9tait dans le jardin\u00a0\u00bb<\/p>\n<p>Des d\u00e9g\u00e2ts li\u00e9s \u00e0 la foudre ont \u00e9galement \u00e9t\u00e9 constat\u00e9s avec des arbres ayant pris feu. Du c\u00f4t\u00e9 de Beaucaire (Gard), les cumuls de pr\u00e9cipitation ont \u00e9t\u00e9 tr\u00e8s importants, provoquant des ruissellements. \u00ab\u00a0\u00c0 1h30, dans la nuit de dimanche \u00e0 lundi \u00e0 <strong>Baillargues<\/strong>, un \u00e9norme coup de vent avec forte pluie. On aurait dit qu\u2019un <strong>avion \u00e0 r\u00e9action <\/strong>\u00e9tait dans le jardin, envoyant valser les chaises\u00a0\u00bb, t\u00e9moigne une lectrice sur nos <a href=\"https:\/\/www.facebook.com\/LoicSpadaforaoff\/posts\/1833952497434418\" target=\"_blank\" rel=\"nofollow noopener\">r\u00e9seaux sociaux. <\/a><\/p>\n<p>Retour du soleil ce lundi<\/p>\n<p>Ce lundi, c\u2019est le retour au calme avec le soleil et des <strong>temp\u00e9ratures de saison<\/strong>. Attention toutefois, de <strong>nouveaux orages<\/strong> sont attendus en cours de semaine, notamment mercredi prochain. Nous y reviendrons dans le bulletin m\u00e9t\u00e9o de ce lundi soir. Quelques vid\u00e9os et photos ci-dessous :<\/p>\n<blockquote class=\"twitter-tweet\">\n<p lang=\"fr\" dir=\"ltr\">\u26c8\ufe0f\u26a1\ufe0f Un <a href=\"https:\/\/twitter.com\/hashtag\/orage?src=hash&amp;ref_src=twsrc%5Etfw\" target=\"_blank\" rel=\"nofollow noopener\">#orage<\/a> violent a balay\u00e9 le Pays de Lunel, la Vistrenque, la Petite Camargue et la vall\u00e9e du Rh\u00f4ne la nuit derni\u00e8re. Nombreux d\u00e9g\u00e2ts avec des arbres couch\u00e9s et d\u00e9racin\u00e9s suite aux tr\u00e8s fortes rafales de vent, des tuiles envol\u00e9es et des chutes de gr\u00eale. Prudence sur les\u2026 <a href=\"https:\/\/t.co\/F0OQ31MTXu\" target=\"_blank\" rel=\"nofollow\">pic.twitter.com\/F0OQ31MTXu<\/a><\/p>\n<p>\u2014 InfOccitanie (@infoccitanie) <a href=\"https:\/\/twitter.com\/infoccitanie\/status\/1947178071078871267?ref_src=twsrc%5Etfw\" target=\"_blank\" rel=\"nofollow noopener\">July 21, 2025<\/a><\/p><\/blockquote>\n<p>  <img fetchpriority=\"high\" decoding=\"async\" width=\"1024\" height=\"768\" src=\"https:\/\/www.europesays.com\/fr\/wp-content\/uploads\/2025\/07\/3171-meteo-violent-orage-cause-degats-nuit-derniere--1024x768.jpg\" alt=\"\" class=\"wp-image-122112\"  \/>Les orages ont fait des d\u00e9g\u00e2ts sur la toiture d\u2019une maison \u00e0 Aimargues (Gard). DR<img loading=\"lazy\" decoding=\"async\" width=\"763\" height=\"1024\" src=\"https:\/\/www.europesays.com\/fr\/wp-content\/uploads\/2025\/07\/3185-meteo-violent-orage-cause-degats-nuit-derniere--763x1024.jpg\" alt=\"\" class=\"wp-image-122114\"  \/>Orage de cette nuit en Occitanie, une tuile se d\u00e9croche et tombe dans la piscine d\u2019une habitation. DR<img loading=\"lazy\" decoding=\"async\" width=\"720\" height=\"960\" src=\"https:\/\/www.europesays.com\/fr\/wp-content\/uploads\/2025\/07\/3199-meteo-violent-orage-cause-degats-nuit-derniere-.jpg\" alt=\"\" class=\"wp-image-122117\"  \/>Orages en Occitanie, le Bougainvillea n\u2019a pas r\u00e9sist\u00e9. DR<script async src=\"https:\/\/platform.twitter.com\/widgets.js\" charset=\"utf-8\"><\/script><\/p>\n","protected":false},"excerpt":{"rendered":"De violents orages ont \u00e9maill\u00e9 l&rsquo;Occitanie cette nuit. \u00a9 DR. De violents orages ont \u00e9maill\u00e9 l\u2019Occitanie cette nuit.&hellip;\n","protected":false},"author":2,"featured_media":262874,"comment_status":"","ping_status":"","sticky":false,"template":"","format":"standard","meta":{"footnotes":""},"categories":[4],"tags":[11,1011,27,12,4594,25],"class_list":{"0":"post-262873","1":"post","2":"type-post","3":"status-publish","4":"format-standard","5":"has-post-thumbnail","7":"category-france","8":"tag-actualites","9":"tag-fr","10":"tag-france","11":"tag-news","12":"tag-orages","13":"tag-republique-francaise"},"share_on_mastodon":{"url":"https:\/\/pubeurope.com\/@fr\/114890170479206525","error":""},"_links":{"self":[{"href":"https:\/\/www.europesays.com\/fr\/wp-json\/wp\/v2\/posts\/262873","targetHints":{"allow":["GET"]}}],"collection":[{"href":"https:\/\/www.europesays.com\/fr\/wp-json\/wp\/v2\/posts"}],"about":[{"href":"https:\/\/www.europesays.com\/fr\/wp-json\/wp\/v2\/types\/post"}],"author":[{"embeddable":true,"href":"https:\/\/www.europesays.com\/fr\/wp-json\/wp\/v2\/users\/2"}],"replies":[{"embeddable":true,"href":"https:\/\/www.europesays.com\/fr\/wp-json\/wp\/v2\/comments?post=262873"}],"version-history":[{"count":0,"href":"https:\/\/www.europesays.com\/fr\/wp-json\/wp\/v2\/posts\/262873\/revisions"}],"wp:featuredmedia":[{"embeddable":true,"href":"https:\/\/www.europesays.com\/fr\/wp-json\/wp\/v2\/media\/262874"}],"wp:attachment":[{"href":"https:\/\/www.europesays.com\/fr\/wp-json\/wp\/v2\/media?parent=262873"}],"wp:term":[{"taxonomy":"category","embeddable":true,"href":"https:\/\/www.europesays.com\/fr\/wp-json\/wp\/v2\/categories?post=262873"},{"taxonomy":"post_tag","embeddable":true,"href":"https:\/\/www.europesays.com\/fr\/wp-json\/wp\/v2\/tags?post=262873"}],"curies":[{"name":"wp","href":"https:\/\/api.w.org\/{rel}","templated":true}]}}