{"id":262881,"date":"2025-07-21T08:05:21","date_gmt":"2025-07-21T08:05:21","guid":{"rendered":"https:\/\/www.europesays.com\/fr\/262881\/"},"modified":"2025-07-21T08:05:21","modified_gmt":"2025-07-21T08:05:21","slug":"la-nanceienne-madison-scheppers-en-bronze","status":"publish","type":"post","link":"https:\/\/www.europesays.com\/fr\/262881\/","title":{"rendered":"la Nanc\u00e9ienne Madison Scheppers en bronze"},"content":{"rendered":"<p>Championnats de France \u00c9lite<\/p>\n<p>\u00c0 Riom<\/p>\n<p>La Lorraine n\u2019est pas rentr\u00e9e bredouille de cette \u00e9dition 2025 (humide et venteuse\u2026) des championnats de France \u00c9lite. Il faut dire que l\u2019ancienne r\u00e9gion a plus d\u2019une arch\u00e8re dans son sac. En l\u2019absence des internationales Lisa Barbelin et Caroline Lopez, c\u2019est Madison Scheppers qui s\u2019est distingu\u00e9e ce week-end \u00e0 Riom en montant sur la troisi\u00e8me marche du podium en arc classique \u00c9lite femme.<\/p>\n<p>Battue en demi-finale par la future championne de France Am\u00e9lie Cordeau, l\u2019ex pensionnaire du club de Neuves-Maisons, aujourd\u2019hui licenci\u00e9e \u00e0 Issy-les-Moulineaux, a remport\u00e9 la petite finale pour la m\u00e9daille de bronze face \u00e0 M\u00e9lanie Gaubil.\u00a0CTS \u00e0 la Ligue du Grand Est, la Nanc\u00e9ienne a m\u00eame failli faire coup double puisqu\u2019elle s\u2019est par ailleurs class\u00e9e quatri\u00e8me du double mixte avec son partenaire de club Florian Bossard.<\/p>\n","protected":false},"excerpt":{"rendered":"Championnats de France \u00c9lite \u00c0 Riom La Lorraine n\u2019est pas rentr\u00e9e bredouille de cette \u00e9dition 2025 (humide et&hellip;\n","protected":false},"author":2,"featured_media":262882,"comment_status":"","ping_status":"","sticky":false,"template":"","format":"standard","meta":{"footnotes":""},"categories":[9635],"tags":[1111,11,1704,1777,674,107,1701,1011,27,775,1702,1703,12,25,517,1700,40261],"class_list":{"0":"post-262881","1":"post","2":"type-post","3":"status-publish","4":"format-standard","5":"has-post-thumbnail","7":"category-nancy","8":"tag-actu","9":"tag-actualites","10":"tag-edition-nancy-et-agglomeration","11":"tag-eu","12":"tag-europe","13":"tag-fil-info","14":"tag-fil-info-sport","15":"tag-fr","16":"tag-france","17":"tag-grand-est","18":"tag-nancy","19":"tag-nancy-ville-54b","20":"tag-news","21":"tag-republique-francaise","22":"tag-sport","23":"tag-sport-lorrain","24":"tag-tir-a-larc"},"share_on_mastodon":{"url":"https:\/\/pubeurope.com\/@fr\/114890193191203150","error":""},"_links":{"self":[{"href":"https:\/\/www.europesays.com\/fr\/wp-json\/wp\/v2\/posts\/262881","targetHints":{"allow":["GET"]}}],"collection":[{"href":"https:\/\/www.europesays.com\/fr\/wp-json\/wp\/v2\/posts"}],"about":[{"href":"https:\/\/www.europesays.com\/fr\/wp-json\/wp\/v2\/types\/post"}],"author":[{"embeddable":true,"href":"https:\/\/www.europesays.com\/fr\/wp-json\/wp\/v2\/users\/2"}],"replies":[{"embeddable":true,"href":"https:\/\/www.europesays.com\/fr\/wp-json\/wp\/v2\/comments?post=262881"}],"version-history":[{"count":0,"href":"https:\/\/www.europesays.com\/fr\/wp-json\/wp\/v2\/posts\/262881\/revisions"}],"wp:featuredmedia":[{"embeddable":true,"href":"https:\/\/www.europesays.com\/fr\/wp-json\/wp\/v2\/media\/262882"}],"wp:attachment":[{"href":"https:\/\/www.europesays.com\/fr\/wp-json\/wp\/v2\/media?parent=262881"}],"wp:term":[{"taxonomy":"category","embeddable":true,"href":"https:\/\/www.europesays.com\/fr\/wp-json\/wp\/v2\/categories?post=262881"},{"taxonomy":"post_tag","embeddable":true,"href":"https:\/\/www.europesays.com\/fr\/wp-json\/wp\/v2\/tags?post=262881"}],"curies":[{"name":"wp","href":"https:\/\/api.w.org\/{rel}","templated":true}]}}