{"id":262883,"date":"2025-07-21T08:06:10","date_gmt":"2025-07-21T08:06:10","guid":{"rendered":"https:\/\/www.europesays.com\/fr\/262883\/"},"modified":"2025-07-21T08:06:10","modified_gmt":"2025-07-21T08:06:10","slug":"a-la-garde-la-remise-des-cartes-electorales-un-moment-solennel-pour-les","status":"publish","type":"post","link":"https:\/\/www.europesays.com\/fr\/262883\/","title":{"rendered":"\u00c0 La Garde, la remise des cartes \u00e9lectorales, un moment solennel pour les (\u2026)"},"content":{"rendered":"<p>                    <img loading=\"lazy\" decoding=\"async\" src=\"https:\/\/www.europesays.com\/fr\/wp-content\/uploads\/2025\/07\/68d49e5e19dd6cf7b2744fcf520cb0.jpg\" class=\"img-responsive post-image\" width=\"680\" height=\"510\" alt=\"\u00c0 La Garde, la remise (\u2026)\" title=\"\u00c0 La Garde, la remise des cartes \u00e9lectorales, un moment solennel pour les jeunes citoyens\"\/><\/p>\n<p class=\"chapo\">Derni\u00e8rement, H\u00e9l\u00e8ne Arnaud-Bill, maire de La Garde, a pr\u00e9sid\u00e9 une c\u00e9r\u00e9monie officielle de la citoyennet\u00e9, au cours de laquelle elle a remis leurs cartes \u00e9lectorales aux nouveaux jeunes \u00e9lecteurs.<\/p>\n<p>Un moment symbolique et fort, qui a soulign\u00e9 l\u2019importance du vote, particuli\u00e8rement en cette p\u00e9riode incertaine.<br class=\"texte\"\/><br \/>\nDans son discours, <strong>H\u00e9l\u00e8ne Arnaud-Bill, <\/strong> maire de La Garde, a rappel\u00e9 les fondements de la d\u00e9mocratie\u00a0: la libert\u00e9, la responsabilit\u00e9 citoyenne et l\u2019engagement. Elle a insist\u00e9 sur le fait que le droit de vote, conquis de haute lutte \u2013 notamment pour les femmes en 1945 \u2013 est bien plus qu\u2019un simple devoir\u00a0: c\u2019est un acte personnel, mais aussi collectif.<br class=\"autobr\"\/><br \/>\nLes jeunes ont \u00e9t\u00e9 encourag\u00e9s \u00e0 s\u2019informer, \u00e0 d\u00e9battre, et \u00e0 faire des choix \u00e9clair\u00e9s, y compris \u00e0 travers le vote blanc s\u2019ils le souhaitent. Le respect d\u2019autrui, l\u2019\u00e9galit\u00e9 \u2013 y compris pour les personnes en situation de handicap \u2013 et la fraternit\u00e9 ont \u00e9t\u00e9 \u00e9voqu\u00e9s comme les piliers essentiels d\u2019une soci\u00e9t\u00e9 juste.<br class=\"autobr\"\/><br \/>\nEnfin, la maire a invit\u00e9 la jeunesse \u00e0 ne pas rester spectatrice des enjeux actuels, mais \u00e0 prendre toute sa place dans la vie d\u00e9mocratique, que ce soit au niveau local, national ou europ\u00e9en.<\/p>\n<p>Photo de Une \u00a9PRESSE AGENCE<\/p>\n","protected":false},"excerpt":{"rendered":"Derni\u00e8rement, H\u00e9l\u00e8ne Arnaud-Bill, maire de La Garde, a pr\u00e9sid\u00e9 une c\u00e9r\u00e9monie officielle de la citoyennet\u00e9, au cours de&hellip;\n","protected":false},"author":2,"featured_media":262884,"comment_status":"","ping_status":"","sticky":false,"template":"","format":"standard","meta":{"footnotes":""},"categories":[9619],"tags":[1111,11,2408,1777,674,1011,27,12,882,25,2310],"class_list":{"0":"post-262883","1":"post","2":"type-post","3":"status-publish","4":"format-standard","5":"has-post-thumbnail","7":"category-toulon","8":"tag-actu","9":"tag-actualites","10":"tag-appels-d","11":"tag-eu","12":"tag-europe","13":"tag-fr","14":"tag-france","15":"tag-news","16":"tag-provence-alpes-cote-dazur","17":"tag-republique-francaise","18":"tag-toulon"},"share_on_mastodon":{"url":"https:\/\/pubeurope.com\/@fr\/114890197151300854","error":""},"_links":{"self":[{"href":"https:\/\/www.europesays.com\/fr\/wp-json\/wp\/v2\/posts\/262883","targetHints":{"allow":["GET"]}}],"collection":[{"href":"https:\/\/www.europesays.com\/fr\/wp-json\/wp\/v2\/posts"}],"about":[{"href":"https:\/\/www.europesays.com\/fr\/wp-json\/wp\/v2\/types\/post"}],"author":[{"embeddable":true,"href":"https:\/\/www.europesays.com\/fr\/wp-json\/wp\/v2\/users\/2"}],"replies":[{"embeddable":true,"href":"https:\/\/www.europesays.com\/fr\/wp-json\/wp\/v2\/comments?post=262883"}],"version-history":[{"count":0,"href":"https:\/\/www.europesays.com\/fr\/wp-json\/wp\/v2\/posts\/262883\/revisions"}],"wp:featuredmedia":[{"embeddable":true,"href":"https:\/\/www.europesays.com\/fr\/wp-json\/wp\/v2\/media\/262884"}],"wp:attachment":[{"href":"https:\/\/www.europesays.com\/fr\/wp-json\/wp\/v2\/media?parent=262883"}],"wp:term":[{"taxonomy":"category","embeddable":true,"href":"https:\/\/www.europesays.com\/fr\/wp-json\/wp\/v2\/categories?post=262883"},{"taxonomy":"post_tag","embeddable":true,"href":"https:\/\/www.europesays.com\/fr\/wp-json\/wp\/v2\/tags?post=262883"}],"curies":[{"name":"wp","href":"https:\/\/api.w.org\/{rel}","templated":true}]}}