{"id":262891,"date":"2025-07-21T08:12:16","date_gmt":"2025-07-21T08:12:16","guid":{"rendered":"https:\/\/www.europesays.com\/fr\/262891\/"},"modified":"2025-07-21T08:12:16","modified_gmt":"2025-07-21T08:12:16","slug":"saint-martin-duriage-des-concerts-gratuits-au-parc-duriage-tous-les-jeudis","status":"publish","type":"post","link":"https:\/\/www.europesays.com\/fr\/262891\/","title":{"rendered":"Saint-Martin-d\u2019Uriage. Des concerts gratuits au parc d\u2019Uriage tous les jeudis"},"content":{"rendered":"<p>Avec une programmation vari\u00e9e aux styles diff\u00e9rents, il y en a pour tous les go\u00fbts. Que vous soyez plus confortablement install\u00e9 dans votre chaise de camping ou allong\u00e9 dans l\u2019herbe, n\u2019h\u00e9sitez pas \u00e0 emporter un pique-nique avec vous ou de profiter des bons restaurants d\u2019Uriage, afin de r\u00e9galer vos oreilles, mais aussi vos papilles.<\/p>\n<p>Jeudi 24\u00a0juillet \u00e0 19\u00a0h\u00a0: Nyamaku. <br \/>Jeudi 31\u00a0juillet\u00a0: Jukebox ladies. <br \/>Jeudi 7\u00a0ao\u00fbt\u00a0: El Baboon. <br \/>Jeudi 14\u00a0ao\u00fbt\u00a0: Jess &amp; The Mellow Men. <br \/>Jeudi 21\u00a0ao\u00fbt\u00a0: Monsieur Bosseigne. <br \/>Jeudi 28\u00a0ao\u00fbt\u00a0: Pili Pili. <br \/>Jeudi 4\u00a0septembre \u00e0 18\u00a0h : The Memory Box. <br \/>Jeudi 11\u00a0septembre\u00a0; La belle \u00e9poque. <br \/>Jeudi 18\u00a0septembre\u00a0: L\u2019oreille du lynx.<\/p>\n","protected":false},"excerpt":{"rendered":"Avec une programmation vari\u00e9e aux styles diff\u00e9rents, il y en a pour tous les go\u00fbts. Que vous soyez&hellip;\n","protected":false},"author":2,"featured_media":262892,"comment_status":"","ping_status":"","sticky":false,"template":"","format":"standard","meta":{"footnotes":""},"categories":[9566],"tags":[1111,11,2430,1687,113,1777,674,1011,27,2731,12,25,21297,3140],"class_list":{"0":"post-262891","1":"post","2":"type-post","3":"status-publish","4":"format-standard","5":"has-post-thumbnail","7":"category-grenoble","8":"tag-actu","9":"tag-actualites","10":"tag-auvergne-rhone-alpes","11":"tag-culture-loisirs","12":"tag-edition-gresivaudan-oisans","13":"tag-eu","14":"tag-europe","15":"tag-fr","16":"tag-france","17":"tag-grenoble","18":"tag-news","19":"tag-republique-francaise","20":"tag-saint-martin-duriage","21":"tag-spectacle"},"share_on_mastodon":{"url":"https:\/\/pubeurope.com\/@fr\/114890220735608489","error":""},"_links":{"self":[{"href":"https:\/\/www.europesays.com\/fr\/wp-json\/wp\/v2\/posts\/262891","targetHints":{"allow":["GET"]}}],"collection":[{"href":"https:\/\/www.europesays.com\/fr\/wp-json\/wp\/v2\/posts"}],"about":[{"href":"https:\/\/www.europesays.com\/fr\/wp-json\/wp\/v2\/types\/post"}],"author":[{"embeddable":true,"href":"https:\/\/www.europesays.com\/fr\/wp-json\/wp\/v2\/users\/2"}],"replies":[{"embeddable":true,"href":"https:\/\/www.europesays.com\/fr\/wp-json\/wp\/v2\/comments?post=262891"}],"version-history":[{"count":0,"href":"https:\/\/www.europesays.com\/fr\/wp-json\/wp\/v2\/posts\/262891\/revisions"}],"wp:featuredmedia":[{"embeddable":true,"href":"https:\/\/www.europesays.com\/fr\/wp-json\/wp\/v2\/media\/262892"}],"wp:attachment":[{"href":"https:\/\/www.europesays.com\/fr\/wp-json\/wp\/v2\/media?parent=262891"}],"wp:term":[{"taxonomy":"category","embeddable":true,"href":"https:\/\/www.europesays.com\/fr\/wp-json\/wp\/v2\/categories?post=262891"},{"taxonomy":"post_tag","embeddable":true,"href":"https:\/\/www.europesays.com\/fr\/wp-json\/wp\/v2\/tags?post=262891"}],"curies":[{"name":"wp","href":"https:\/\/api.w.org\/{rel}","templated":true}]}}