{"id":262895,"date":"2025-07-21T08:14:07","date_gmt":"2025-07-21T08:14:07","guid":{"rendered":"https:\/\/www.europesays.com\/fr\/262895\/"},"modified":"2025-07-21T08:14:07","modified_gmt":"2025-07-21T08:14:07","slug":"pres-de-rennes-une-probable-intoxication-alimentaire-touche-21-personnes-dans-une-colonie-de-vacances","status":"publish","type":"post","link":"https:\/\/www.europesays.com\/fr\/262895\/","title":{"rendered":"Pr\u00e8s de Rennes, une probable intoxication alimentaire touche 21 personnes dans une colonie de vacances"},"content":{"rendered":"<p>            Par<br \/>\n        <strong><br \/>\n            <a href=\"https:\/\/actu.fr\/auteur\/clemence-pays02-actu-fr\" title=\"Consulter tous les articles de Cl\u00e9mence Pays\" rel=\"nofollow noopener\" target=\"_blank\">Cl\u00e9mence Pays<\/a><br \/>\n        <\/strong><\/p>\n<p>        Publi\u00e9 le<\/p>\n<p>            21 juil. 2025 \u00e0 10h07        <\/p>\n<p>Samedi 19\u00a0juillet 2025, dans l\u2019apr\u00e8s-midi, le Service d\u00e9partemental d\u2019incendie et de secours d\u2019Ille-et-Vilaine a \u00e9t\u00e9 mobilis\u00e9 dans la commune de <a href=\"https:\/\/actu.fr\/bretagne\/montfort-sur-meu_35188\" rel=\"nofollow noopener\" target=\"_blank\">Montfort-sur-Meu<\/a> (Ille-et-Vilaine), o\u00f9 une <strong>colonie de vacances<\/strong> accueillait de jeunes enfants et adolescents.<\/p>\n<p class=\" wall-content\">Une partie des jeunes et des encadrants ont \u00e9t\u00e9 <strong>victimes de \u00ab\u2009vomissements\u2009\u00bb,<\/strong> selon le Centre op\u00e9rationnel d\u00e9partemental d\u2019incendie et de secours. D\u2019apr\u00e8s les secours, il pourrait s\u2019agir d\u2019une <strong>intoxication alimentaire.<\/strong><\/p>\n<p>16\u00a0enfants malades<\/p>\n<p class=\" wall-content\">Sur les 90\u00a0personnes impliqu\u00e9es, \u00ab\u200963 sont indemnes et <strong>21\u00a0personnes en urgences relatives\u2009\u00bb.<\/strong> Ces derni\u00e8res n\u2019ont pas \u00e9t\u00e9 transport\u00e9es \u00e0 l\u2019h\u00f4pital, pr\u00e9cise le Codis.<\/p>\n<p class=\" wall-content\">Selon nos confr\u00e8res d\u2019<a href=\"https:\/\/www.ouest-france.fr\/societe\/faits-divers\/ille-et-vilaine-une-probable-intoxication-alimentaire-touche-16-enfants-dune-colonie-de-vacances-a3de4c6a-64bb-11f0-8d96-1f3c0ceaabc2\" rel=\"nofollow noopener\" target=\"_blank\">Ouest-France<\/a>, sur ces 21\u00a0personnes, <strong>16 sont des enfants<\/strong> et cinq des accompagnateurs.<\/p>\n<p class=\" wall-content\">Suivez toute l\u2019actualit\u00e9 de vos villes et m\u00e9dias favoris en vous inscrivant \u00e0 <a href=\"https:\/\/moncompte.actu.fr\" title=\"D\u00e9couvez Mon Actu\" rel=\"nofollow noopener\" data-trk=\"{&quot;cta&quot;:{&quot;action&quot;:&quot;https:\\\/\\\/moncompte.actu.fr&quot;,&quot;category&quot;:&quot;mon compte&quot;,&quot;from&quot;:&quot;article footer&quot;,&quot;name&quot;:&quot;Mon actu&quot;,&quot;type&quot;:&quot;cta&quot;}}\" target=\"_blank\">Mon Actu<\/a>.<\/p>\n","protected":false},"excerpt":{"rendered":"Par Cl\u00e9mence Pays Publi\u00e9 le 21 juil. 2025 \u00e0 10h07 Samedi 19\u00a0juillet 2025, dans l\u2019apr\u00e8s-midi, le Service d\u00e9partemental&hellip;\n","protected":false},"author":2,"featured_media":262896,"comment_status":"","ping_status":"","sticky":false,"template":"","format":"standard","meta":{"footnotes":""},"categories":[2821],"tags":[1111,11,829,1777,674,118,1011,27,12,1311,584,25],"class_list":{"0":"post-262895","1":"post","2":"type-post","3":"status-publish","4":"format-standard","5":"has-post-thumbnail","7":"category-rennes","8":"tag-actu","9":"tag-actualites","10":"tag-bretagne","11":"tag-eu","12":"tag-europe","13":"tag-faits-divers","14":"tag-fr","15":"tag-france","16":"tag-news","17":"tag-pompiers","18":"tag-rennes","19":"tag-republique-francaise"},"share_on_mastodon":{"url":"https:\/\/pubeurope.com\/@fr\/114890228627242543","error":""},"_links":{"self":[{"href":"https:\/\/www.europesays.com\/fr\/wp-json\/wp\/v2\/posts\/262895","targetHints":{"allow":["GET"]}}],"collection":[{"href":"https:\/\/www.europesays.com\/fr\/wp-json\/wp\/v2\/posts"}],"about":[{"href":"https:\/\/www.europesays.com\/fr\/wp-json\/wp\/v2\/types\/post"}],"author":[{"embeddable":true,"href":"https:\/\/www.europesays.com\/fr\/wp-json\/wp\/v2\/users\/2"}],"replies":[{"embeddable":true,"href":"https:\/\/www.europesays.com\/fr\/wp-json\/wp\/v2\/comments?post=262895"}],"version-history":[{"count":0,"href":"https:\/\/www.europesays.com\/fr\/wp-json\/wp\/v2\/posts\/262895\/revisions"}],"wp:featuredmedia":[{"embeddable":true,"href":"https:\/\/www.europesays.com\/fr\/wp-json\/wp\/v2\/media\/262896"}],"wp:attachment":[{"href":"https:\/\/www.europesays.com\/fr\/wp-json\/wp\/v2\/media?parent=262895"}],"wp:term":[{"taxonomy":"category","embeddable":true,"href":"https:\/\/www.europesays.com\/fr\/wp-json\/wp\/v2\/categories?post=262895"},{"taxonomy":"post_tag","embeddable":true,"href":"https:\/\/www.europesays.com\/fr\/wp-json\/wp\/v2\/tags?post=262895"}],"curies":[{"name":"wp","href":"https:\/\/api.w.org\/{rel}","templated":true}]}}