{"id":262898,"date":"2025-07-21T08:16:12","date_gmt":"2025-07-21T08:16:12","guid":{"rendered":"https:\/\/www.europesays.com\/fr\/262898\/"},"modified":"2025-07-21T08:16:12","modified_gmt":"2025-07-21T08:16:12","slug":"strasbourg-mission-fouilles-petit-dej-prehistorique-au-vaisseau-un-plongeon-dans-le-passe-pendant-lete-2","status":"publish","type":"post","link":"https:\/\/www.europesays.com\/fr\/262898\/","title":{"rendered":"Strasbourg. Mission fouilles, petit dej&rsquo; pr\u00e9historique\u2026 au Vaisseau, un plongeon dans le pass\u00e9 pendant l\u2019\u00e9t\u00e9"},"content":{"rendered":"<p>D\u00e9licatement, \u00e0 l\u2019aide d\u2019un pinceau, Ma\u00efa, 6 ans, d\u00e9gage les r\u00e9sidus de pl\u00e2tre d\u2019un f\u00e9mur tout juste confi\u00e9 par son son bin\u00f4me du jour, charg\u00e9, lui, de creuser \u00e0 l\u2019aide d\u2019une pelle pour extirper les fossiles du sable. Leur mission\u00a0: reconstituer le squelette d\u2019un T-rex, le dino pr\u00e9f\u00e9r\u00e9 des enfants, non seulement pour son c\u00f4t\u00e9 redoutable\u00a0\u2013 son nom veut d\u2019ailleurs dire \u00ab\u00a0roi des l\u00e9zards tyrans\u00a0\u00bb \u2013, mais aussi pour ses mensurations\u00a0: \u00ab\u00a0Il faisait 13 m\u00e8tres de long et pesait 8 tonnes. Il&#8230;<\/p>\n","protected":false},"excerpt":{"rendered":"D\u00e9licatement, \u00e0 l\u2019aide d\u2019un pinceau, Ma\u00efa, 6 ans, d\u00e9gage les r\u00e9sidus de pl\u00e2tre d\u2019un f\u00e9mur tout juste confi\u00e9&hellip;\n","protected":false},"author":2,"featured_media":262780,"comment_status":"","ping_status":"","sticky":false,"template":"","format":"standard","meta":{"footnotes":""},"categories":[2820],"tags":[1111,11,1687,27337,1777,674,2271,107,1011,27,775,12,25,640],"class_list":{"0":"post-262898","1":"post","2":"type-post","3":"status-publish","4":"format-standard","5":"has-post-thumbnail","7":"category-strasbourg","8":"tag-actu","9":"tag-actualites","10":"tag-culture-loisirs","11":"tag-estivales","12":"tag-eu","13":"tag-europe","14":"tag-exposition-arts-plastiques","15":"tag-fil-info","16":"tag-fr","17":"tag-france","18":"tag-grand-est","19":"tag-news","20":"tag-republique-francaise","21":"tag-strasbourg"},"share_on_mastodon":{"url":"https:\/\/pubeurope.com\/@fr\/114890236529090352","error":""},"_links":{"self":[{"href":"https:\/\/www.europesays.com\/fr\/wp-json\/wp\/v2\/posts\/262898","targetHints":{"allow":["GET"]}}],"collection":[{"href":"https:\/\/www.europesays.com\/fr\/wp-json\/wp\/v2\/posts"}],"about":[{"href":"https:\/\/www.europesays.com\/fr\/wp-json\/wp\/v2\/types\/post"}],"author":[{"embeddable":true,"href":"https:\/\/www.europesays.com\/fr\/wp-json\/wp\/v2\/users\/2"}],"replies":[{"embeddable":true,"href":"https:\/\/www.europesays.com\/fr\/wp-json\/wp\/v2\/comments?post=262898"}],"version-history":[{"count":0,"href":"https:\/\/www.europesays.com\/fr\/wp-json\/wp\/v2\/posts\/262898\/revisions"}],"wp:featuredmedia":[{"embeddable":true,"href":"https:\/\/www.europesays.com\/fr\/wp-json\/wp\/v2\/media\/262780"}],"wp:attachment":[{"href":"https:\/\/www.europesays.com\/fr\/wp-json\/wp\/v2\/media?parent=262898"}],"wp:term":[{"taxonomy":"category","embeddable":true,"href":"https:\/\/www.europesays.com\/fr\/wp-json\/wp\/v2\/categories?post=262898"},{"taxonomy":"post_tag","embeddable":true,"href":"https:\/\/www.europesays.com\/fr\/wp-json\/wp\/v2\/tags?post=262898"}],"curies":[{"name":"wp","href":"https:\/\/api.w.org\/{rel}","templated":true}]}}