{"id":262899,"date":"2025-07-21T08:17:10","date_gmt":"2025-07-21T08:17:10","guid":{"rendered":"https:\/\/www.europesays.com\/fr\/262899\/"},"modified":"2025-07-21T08:17:10","modified_gmt":"2025-07-21T08:17:10","slug":"mamadou-sarr-deja-de-retour-en-alsace-france-strasbourg","status":"publish","type":"post","link":"https:\/\/www.europesays.com\/fr\/262899\/","title":{"rendered":"Mamadou Sarr d\u00e9j\u00e0 de retour en Alsace ? &#8211; France &#8211; Strasbourg"},"content":{"rendered":"<p>Un troph\u00e9e et puis s\u2019en va.<\/p>\n<p><a target=\"_blank\" href=\"https:\/\/www.sofoot.com\/breves\/strasbourg-mamadou-sarr-signe-officiellement-a-chelsea\" rel=\"nofollow noopener\">\u00c0 peine parti<\/a>, d\u00e9j\u00e0 de retour. <strong>Parmi les r\u00e9v\u00e9lations de la saison en Ligue 1<\/strong> du c\u00f4t\u00e9 de Strasbourg, Mamadou Sarr avait <a target=\"_blank\" href=\"https:\/\/www.sofoot.com\/breves\/strasbourg-mamadou-sarr-signe-officiellement-a-chelsea\" rel=\"nofollow noopener\">mis les voiles pour Chelsea<\/a> et la Coupe du monde des clubs en d\u00e9but d\u2019\u00e9t\u00e9. Une affaire entendue <a target=\"_blank\" href=\"https:\/\/www.sofoot.com\/breves\/mercato-mamadou-sarr-va-filer-a-chelsea-tout-en-restant-a-strasbourg\" rel=\"nofollow noopener\">depuis de longs mois<\/a> qui n\u2019a pas pour autant ent\u00e9rin\u00e9 son histoire avec le Racing. En effet, Fabrizio Romano, <strong>toujours bien inform\u00e9<\/strong>, annonce que le d\u00e9fenseur international U20 devrait revenir en pr\u00eat du c\u00f4t\u00e9 de la Meinau pour une nouvelle saison. Une excellente nouvelle pour les Alsaciens, qui vont donc pouvoir compter sur <strong>un joueur cl\u00e9 de l\u2019an dernier<\/strong> (27 matchs).<\/p>\n<blockquote class=\"twitter-tweet\">\n<p lang=\"en\" dir=\"ltr\">\ud83d\udea8\ud83d\udd35 EXCL: Strasbourg agree deal to sign Mamadou Sarr on loan from Chelsea, the defender is back to the club.<br \/>\nAfter signing 8 year deal at <a target=\"_blank\" href=\"https:\/\/twitter.com\/hashtag\/CFC?src=hash&amp;ref_src=twsrc%5Etfw\" rel=\"nofollow noopener\">#CFC<\/a>, Sarr returns to Strasbourg on loan as key part of Rosenior plans for upcoming season with top 5 ambitions in Ligue1.<br \/>\nHere we go. \ud83c\uddeb\ud83c\uddf7 <a target=\"_blank\" href=\"https:\/\/t.co\/8XjCYktOCV\" rel=\"nofollow\">pic.twitter.com\/8XjCYktOCV<\/a><\/p>\n<p>\u2014 Fabrizio Romano (@FabrizioRomano) <a target=\"_blank\" href=\"https:\/\/twitter.com\/FabrizioRomano\/status\/1947016957208998315?ref_src=twsrc%5Etfw\" rel=\"nofollow noopener\">July 20, 2025<\/a><\/p><\/blockquote>\n<p>Avec les\u00a0Blues, il a tout de m\u00eame eu le temps de <a target=\"_blank\" href=\"https:\/\/www.sofoot.com\/articles\/chelsea-balaye-le-psg-et-soffre-la-coupe-du-monde-des-clubs\" rel=\"nofollow noopener\">d\u00e9crocher le Mondial des clubs<\/a>, au cours duquel<strong> il a disput\u00e9 9 minutes<\/strong> en poules face \u00e0 l\u2019Esp\u00e9rance de Tunis. Pour Strasbourg c\u2019est <a target=\"_blank\" href=\"https:\/\/www.sofoot.com\/breves\/mercato-strasbourg-tient-sa-nouvelle-sentinelle-avec-maximillian-oyedele\" rel=\"nofollow noopener\">un renfort de poids<\/a> dans<strong> l\u2019objectif d\u2019accrocher \u00e0 nouveau l\u2019Europe<\/strong>, et surtout, de bien y figurer, <a target=\"_blank\" href=\"https:\/\/www.sofoot.com\/breves\/mercato-strasbourg-tient-sa-nouvelle-sentinelle-avec-maximillian-oyedele\" rel=\"nofollow noopener\">au c\u0153ur d\u2019un mercato ambitieux<\/a>.<\/p>\n<p>Est-ce qu\u2019Andrey Santos peut revenir lui aussi ?<\/p>\n<p>\t\t\t\t\t\t\t\t\t\t<a class=\"lien-connexe\" href=\"https:\/\/www.sofoot.com\/breves\/kendry-paez-et-mathis-amougou-pourrait-etre-pretes-par-chelsea-a-strasbourg\" rel=\"nofollow noopener\" target=\"_blank\">Chelsea devrait pr\u00eater deux nouveaux joueurs \u00e0 Strasbourg <\/a>\t\t\t\t\t<script async src=\"https:\/\/platform.twitter.com\/widgets.js\" charset=\"utf-8\"><\/script><\/p>\n","protected":false},"excerpt":{"rendered":"Un troph\u00e9e et puis s\u2019en va. \u00c0 peine parti, d\u00e9j\u00e0 de retour. Parmi les r\u00e9v\u00e9lations de la saison&hellip;\n","protected":false},"author":2,"featured_media":262900,"comment_status":"","ping_status":"","sticky":false,"template":"","format":"standard","meta":{"footnotes":""},"categories":[2820],"tags":[1111,47,11,61,69,65,64,1777,674,63,1011,27,775,68,66,12,62,70,25,67,640],"class_list":{"0":"post-262899","1":"post","2":"type-post","3":"status-publish","4":"format-standard","5":"has-post-thumbnail","7":"category-strasbourg","8":"tag-actu","9":"tag-actualite","10":"tag-actualites","11":"tag-actus-football","12":"tag-bundesliga","13":"tag-championnats-europeens","14":"tag-equipe-de-france","15":"tag-eu","16":"tag-europe","17":"tag-football","18":"tag-fr","19":"tag-france","20":"tag-grand-est","21":"tag-ligua","22":"tag-ligue-1","23":"tag-news","24":"tag-news-foot","25":"tag-premier-league","26":"tag-republique-francaise","27":"tag-serie-a","28":"tag-strasbourg"},"share_on_mastodon":{"url":"https:\/\/pubeurope.com\/@fr\/114890240446886143","error":""},"_links":{"self":[{"href":"https:\/\/www.europesays.com\/fr\/wp-json\/wp\/v2\/posts\/262899","targetHints":{"allow":["GET"]}}],"collection":[{"href":"https:\/\/www.europesays.com\/fr\/wp-json\/wp\/v2\/posts"}],"about":[{"href":"https:\/\/www.europesays.com\/fr\/wp-json\/wp\/v2\/types\/post"}],"author":[{"embeddable":true,"href":"https:\/\/www.europesays.com\/fr\/wp-json\/wp\/v2\/users\/2"}],"replies":[{"embeddable":true,"href":"https:\/\/www.europesays.com\/fr\/wp-json\/wp\/v2\/comments?post=262899"}],"version-history":[{"count":0,"href":"https:\/\/www.europesays.com\/fr\/wp-json\/wp\/v2\/posts\/262899\/revisions"}],"wp:featuredmedia":[{"embeddable":true,"href":"https:\/\/www.europesays.com\/fr\/wp-json\/wp\/v2\/media\/262900"}],"wp:attachment":[{"href":"https:\/\/www.europesays.com\/fr\/wp-json\/wp\/v2\/media?parent=262899"}],"wp:term":[{"taxonomy":"category","embeddable":true,"href":"https:\/\/www.europesays.com\/fr\/wp-json\/wp\/v2\/categories?post=262899"},{"taxonomy":"post_tag","embeddable":true,"href":"https:\/\/www.europesays.com\/fr\/wp-json\/wp\/v2\/tags?post=262899"}],"curies":[{"name":"wp","href":"https:\/\/api.w.org\/{rel}","templated":true}]}}