{"id":262901,"date":"2025-07-21T08:18:23","date_gmt":"2025-07-21T08:18:23","guid":{"rendered":"https:\/\/www.europesays.com\/fr\/262901\/"},"modified":"2025-07-21T08:18:23","modified_gmt":"2025-07-21T08:18:23","slug":"pres-de-nice-ce-spectacle-totalement-inedit-entraine-les-baigneurs-sous-leau","status":"publish","type":"post","link":"https:\/\/www.europesays.com\/fr\/262901\/","title":{"rendered":"Pr\u00e8s de Nice, ce spectacle totalement in\u00e9dit entra\u00eene les baigneurs sous l\u2019eau"},"content":{"rendered":"<p>            Par<br \/>\n        <strong><br \/>\n            <a href=\"https:\/\/actu.fr\/auteur\/pierrechemel\" title=\"Consulter tous les articles de Pierre Chemel\" rel=\"nofollow noopener\" target=\"_blank\">Pierre Chemel<\/a><br \/>\n        <\/strong><\/p>\n<p>        Publi\u00e9 le<\/p>\n<p>            15 juil. 2025 \u00e0 12h01        <\/p>\n<p>Sur la plage de Villefranche-sur-Mer, pr\u00e8s de <a href=\"https:\/\/actu.fr\/provence-alpes-cote-d-azur\/nice_06088\" rel=\"nofollow noopener\" target=\"_blank\">Nice<\/a>, le spectacle n\u2019\u00e9tait pas que dans le ciel bleu ou sur les serviettes ce dimanche 13 juillet. Le compositeur fran\u00e7ais Michel Redolfi avait immerg\u00e9 ses <strong>haut-parleurs<\/strong> dans la baie pour offrir un <strong>concert in\u00e9dit<\/strong> aux nageurs : sous l\u2019eau, une musique \u00e9lectronique planante se m\u00ealait aux chants de baleines enregistr\u00e9s \u00e0 Tahiti et aux textes po\u00e9tiques lus par <strong>Jean-Marc Barr<\/strong>, le c\u00e9l\u00e8bre acteur du Grand Bleu.<\/p>\n<p class=\" wall-content\">Dehors, seuls quelques graves r\u00e9sonnaient. Mais en plongeant une <strong>oreille<\/strong> dans l\u2019eau, la nettet\u00e9 du son frappait. \u00ab Il y a de la musique\u202f! Dans l\u2019eau\u202f! C\u2019est incroyable\u202f! \u00bb, s\u2019est exclam\u00e9 un enfant, la t\u00eate hors des flots.<\/p>\n<p>La planche, les yeux ferm\u00e9s<\/p>\n<p class=\" wall-content\">Pendant que certains continuaient leurs jeux et leurs brasses, d\u2019autres faisaient la planche, les yeux ferm\u00e9s. \u00ab On a entendu les <strong>dauphins<\/strong> et les oiseaux. Ils parlent de leurs histoires et vous le ressentez dans votre corps. \u00c7a vibre et c\u2019est tr\u00e8s po\u00e9tique \u00bb, s\u2019est \u00e9merveill\u00e9e Kristen King, une Californienne install\u00e9e sur la Riviera.<\/p>\n<p class=\" wall-content\">Michel Redolfi, bio-acousticien et designer sonore, ne cache pas son ambition\u202f: \u00ab L\u2019id\u00e9e, c\u2019est de faire que les gens soient baign\u00e9s dans le son, qu\u2019ils soient dans un mus\u00e9e, dans la mer, dans un tramway, et d\u2019y aller de la mani\u00e8re la plus douce possible. \u00bb Il con\u00e7oit des environnements sonores depuis les ann\u00e9es 1980, des tramways de Nice et Brest au mus\u00e9e Cocteau \u00e0 Menton. Ses concerts subaquatiques visent \u00e0 ramener chacun \u00e0 \u00ab son \u00e9tat pr\u00e9-natal, flottant dans un oc\u00e9an de sons et de douceur \u00bb.<\/p>\n<p class=\" wall-content\">\n<p class=\" wall-content\">Pour Jean-Christophe Allard, 58 ans, habitu\u00e9 de ces concerts, l\u2019exp\u00e9rience en mer est incomparable\u202f: \u00ab En mer c\u2019est plus impressionnant. Le son passe par le cr\u00e2ne, m\u00eame pas par les oreilles. C\u2019est une grosse s\u00e9ance de relaxation. \u00bb<\/p>\n<p>Vid\u00e9os : en ce moment sur ActuUn b\u00e9mol : la bande-son \u00e9lectro<\/p>\n<p class=\" wall-content\">\u00c0 ses c\u00f4t\u00e9s, <strong>Jean-Marc Barr<\/strong>, 64 ans, pr\u00eatait sa voix aux textes d\u2019Erri De Luca et Jean Cocteau, assis hors de l\u2019eau\u202f: \u00ab Tout d\u2019un coup, la mer devient comme une cath\u00e9drale \u00bb, glisse-t-il, \u00e9voquant \u00ab un vrai rapport avec la nature \u00bb et \u00ab ce tr\u00e9sor \u00bb que repr\u00e9sente l\u2019oc\u00e9an.<\/p>\n<p class=\" wall-content\">Seul b\u00e9mol pour certains\u202f: la bande-son \u00e9lectro. \u00ab \u00c7a serait encore plus beau avec de la musique classique, Bach, Mozart ou Chopin\u2026 \u00bb, nuance Astrid Al-Hadeed, une spectatrice irlando-kowe\u00eftienne.<\/p>\n<p class=\" wall-content\">Malgr\u00e9 tout, sur la baie mythique des apn\u00e9istes, le concert a transform\u00e9 l\u2019horizon en un Grand Bleu sonore et po\u00e9tique.<\/p>\n<p class=\" wall-content\"><strong>(Avec AFP)<\/strong><\/p>\n<p class=\" wall-content\">Suivez toute l\u2019actualit\u00e9 de vos villes et m\u00e9dias favoris en vous inscrivant \u00e0 <a href=\"https:\/\/moncompte.actu.fr\" title=\"D\u00e9couvez Mon Actu\" rel=\"nofollow noopener\" data-trk=\"{&quot;cta&quot;:{&quot;action&quot;:&quot;https:\\\/\\\/moncompte.actu.fr&quot;,&quot;category&quot;:&quot;mon compte&quot;,&quot;from&quot;:&quot;article footer&quot;,&quot;name&quot;:&quot;Mon actu&quot;,&quot;type&quot;:&quot;cta&quot;}}\" target=\"_blank\">Mon Actu<\/a>.<\/p>\n","protected":false},"excerpt":{"rendered":"Par Pierre Chemel Publi\u00e9 le 15 juil. 2025 \u00e0 12h01 Sur la plage de Villefranche-sur-Mer, pr\u00e8s de Nice,&hellip;\n","protected":false},"author":2,"featured_media":262902,"comment_status":"","ping_status":"","sticky":false,"template":"","format":"standard","meta":{"footnotes":""},"categories":[2819],"tags":[1111,11,1697,1777,674,1011,27,1757,1652,873,12,2401,882,25],"class_list":{"0":"post-262901","1":"post","2":"type-post","3":"status-publish","4":"format-standard","5":"has-post-thumbnail","7":"category-nice","8":"tag-actu","9":"tag-actualites","10":"tag-concert","11":"tag-eu","12":"tag-europe","13":"tag-fr","14":"tag-france","15":"tag-insolite","16":"tag-loisirs-culture","17":"tag-musique","18":"tag-news","19":"tag-nice","20":"tag-provence-alpes-cote-dazur","21":"tag-republique-francaise"},"share_on_mastodon":{"url":"https:\/\/pubeurope.com\/@fr\/114890244437804641","error":""},"_links":{"self":[{"href":"https:\/\/www.europesays.com\/fr\/wp-json\/wp\/v2\/posts\/262901","targetHints":{"allow":["GET"]}}],"collection":[{"href":"https:\/\/www.europesays.com\/fr\/wp-json\/wp\/v2\/posts"}],"about":[{"href":"https:\/\/www.europesays.com\/fr\/wp-json\/wp\/v2\/types\/post"}],"author":[{"embeddable":true,"href":"https:\/\/www.europesays.com\/fr\/wp-json\/wp\/v2\/users\/2"}],"replies":[{"embeddable":true,"href":"https:\/\/www.europesays.com\/fr\/wp-json\/wp\/v2\/comments?post=262901"}],"version-history":[{"count":0,"href":"https:\/\/www.europesays.com\/fr\/wp-json\/wp\/v2\/posts\/262901\/revisions"}],"wp:featuredmedia":[{"embeddable":true,"href":"https:\/\/www.europesays.com\/fr\/wp-json\/wp\/v2\/media\/262902"}],"wp:attachment":[{"href":"https:\/\/www.europesays.com\/fr\/wp-json\/wp\/v2\/media?parent=262901"}],"wp:term":[{"taxonomy":"category","embeddable":true,"href":"https:\/\/www.europesays.com\/fr\/wp-json\/wp\/v2\/categories?post=262901"},{"taxonomy":"post_tag","embeddable":true,"href":"https:\/\/www.europesays.com\/fr\/wp-json\/wp\/v2\/tags?post=262901"}],"curies":[{"name":"wp","href":"https:\/\/api.w.org\/{rel}","templated":true}]}}