{"id":262903,"date":"2025-07-21T08:19:11","date_gmt":"2025-07-21T08:19:11","guid":{"rendered":"https:\/\/www.europesays.com\/fr\/262903\/"},"modified":"2025-07-21T08:19:11","modified_gmt":"2025-07-21T08:19:11","slug":"benfica-bruges-feyenoord-les-adversaires-possibles-de-nice-lors-du-3e-tour-preliminaire-2","status":"publish","type":"post","link":"https:\/\/www.europesays.com\/fr\/262903\/","title":{"rendered":"Benfica, Bruges, Feyenoord&#8230; Les adversaires possibles de Nice lors du 3e tour pr\u00e9liminaire"},"content":{"rendered":"<p class=\"mb-4 text-lg md:leading-8 break-words\">Apr\u00e8s le PSG, l&rsquo;OM et Monaco, Nice peut-il devenir le quatri\u00e8me club fran\u00e7ais \u00e0 rejoindre <a href=\"https:\/\/rmcsport.bfmtv.com\/football\/ligue-des-champions\/direct-ligue-des-champions-suivez-le-tirage-au-sort-du-3e-tour-preliminaire-avec-nice-en-live_LN-202507210154.html\" rel=\"nofollow noopener\" target=\"_blank\" data-ylk=\"slk:la phase de ligue de la Ligue des champions;elm:context_link;itc:0;sec:content-canvas\" class=\"link \">la phase de ligue de la Ligue des champions<\/a>? La t\u00e2che sera loin d&rsquo;\u00eatre ais\u00e9e. Le quatri\u00e8me de Ligue 1 2024\/25 sera fix\u00e9 ce lundi sur le nom de son adversaire pour le 3e tour pr\u00e9liminaire de la C1 pr\u00e9vu les 5-6 et 12 ao\u00fbt.<\/p>\n<p>Un chemin encore long<\/p>\n<p class=\"mb-4 text-lg md:leading-8 break-words\">Un tirage au sort pr\u00e9vu \u00e0 12h qui s&rsquo;annonce compliqu\u00e9 pour les Ni\u00e7ois puisqu&rsquo;ils int\u00e8grent la comp\u00e9tition sans \u00eatre t\u00eates de s\u00e9rie, leur indice UEFA \u00e9tant trop faible. Alors, ce sont cinq adversaires potentiels qui se dressent devant les hommes de Franck Haise, et pas des moindres.<\/p>\n<p class=\"mb-4 text-lg md:leading-8 break-words\"><a href=\"https:\/\/rmcsport.bfmtv.com\/football\/ligue-des-champions\/direct-ligue-des-champions-suivez-le-tirage-au-sort-du-3e-tour-preliminaire-avec-nice-en-live_LN-202507210154.html\" rel=\"nofollow noopener\" target=\"_blank\" data-ylk=\"slk:&gt;&gt; Suivez le tirage au sort en direct;elm:context_link;itc:0;sec:content-canvas\" class=\"link \">&gt;&gt; Suivez le tirage au sort en direct<\/a><\/p>\n<p class=\"mb-4 text-lg md:leading-8 break-words\">Les trois premiers sont Benfica, le Club Bruges et Feyenoord, nouveaux venus dans ces tours pr\u00e9liminaires. Mais Nice peut \u00e9galement tomber contre le vainqueur de la double confrontation entre les Glasgow Rangers et le Panathina\u00efkos lors du 2e tour pr\u00e9liminaire, dont le match aller est pr\u00e9vu ce mardi.<\/p>\n<p class=\"mb-4 text-lg md:leading-8 break-words\">Si le tirage au sort s&rsquo;annonce peu cl\u00e9ment avec le Gym, la route vers la phase de ligue de la Ligue des champions sera encore longue. En cas de victoire, il faudra venir \u00e0 bout des barrages o\u00f9 quatre champions europ\u00e9ens entreront en lice (Celtic, FC B\u00e2le, Sturm Graz et Bodo\/Glimt) en plus des six vainqueurs du 3e tour.<\/p>\n<p class=\"mb-4 text-lg md:leading-8 break-words\">Si l&rsquo;OGC Nice perd son 3e tour pr\u00e9liminaire, le club sera directement revers\u00e9 en phase de ligue de la Ligue Europa. Une comp\u00e9tition qu&rsquo;il a termin\u00e9e \u00e0 <a href=\"https:\/\/fr.news.yahoo.com\/sport\/nice-bodo-glimt-laffluence-historiquement-212904162.html\" data-ylk=\"slk:l&#039;avant derni\u00e8re-place la saison derni\u00e8re;elm:context_link;itc:0;sec:content-canvas;outcm:mb_qualified_link;_E:mb_qualified_link;ct:story;\" class=\"link  yahoo-link\" target=\"_blank\" rel=\"noopener\">l&rsquo;avant derni\u00e8re-place la saison derni\u00e8re<\/a>, avec seulement trois points glan\u00e9s en huit rencontres.<\/p>\n<p class=\"mb-4 text-lg md:leading-8 break-words\"><a href=\"https:\/\/rmcsport.bfmtv.com\/football\/ligue-des-champions\/ligue-des-champions-benfica-bruges-feyenoord-les-adversaires-possibles-de-nice-lors-du-3e-tour-preliminaire_AV-202507210170.html#xtor=AL-68\" rel=\"nofollow noopener\" target=\"_blank\" data-ylk=\"slk:Article original publi\u00e9 sur RMC Sport;elm:context_link;itc:0;sec:content-canvas\" class=\"link \">Article original publi\u00e9 sur RMC Sport<\/a><\/p>\n","protected":false},"excerpt":{"rendered":"Apr\u00e8s le PSG, l&rsquo;OM et Monaco, Nice peut-il devenir le quatri\u00e8me club fran\u00e7ais \u00e0 rejoindre la phase de&hellip;\n","protected":false},"author":2,"featured_media":262904,"comment_status":"","ping_status":"","sticky":false,"template":"","format":"standard","meta":{"footnotes":""},"categories":[2819],"tags":[1111,11,1777,674,1011,27,3308,40262,3022,447,3127,12,2401,882,93,25],"class_list":{"0":"post-262903","1":"post","2":"type-post","3":"status-publish","4":"format-standard","5":"has-post-thumbnail","7":"category-nice","8":"tag-actu","9":"tag-actualites","10":"tag-eu","11":"tag-europe","12":"tag-fr","13":"tag-france","14":"tag-franck-haise","15":"tag-glasgow-rangers","16":"tag-ligue","17":"tag-ligue-des-champions","18":"tag-monaco","19":"tag-news","20":"tag-nice","21":"tag-provence-alpes-cote-dazur","22":"tag-psg","23":"tag-republique-francaise"},"share_on_mastodon":{"url":"https:\/\/pubeurope.com\/@fr\/114890248329342674","error":""},"_links":{"self":[{"href":"https:\/\/www.europesays.com\/fr\/wp-json\/wp\/v2\/posts\/262903","targetHints":{"allow":["GET"]}}],"collection":[{"href":"https:\/\/www.europesays.com\/fr\/wp-json\/wp\/v2\/posts"}],"about":[{"href":"https:\/\/www.europesays.com\/fr\/wp-json\/wp\/v2\/types\/post"}],"author":[{"embeddable":true,"href":"https:\/\/www.europesays.com\/fr\/wp-json\/wp\/v2\/users\/2"}],"replies":[{"embeddable":true,"href":"https:\/\/www.europesays.com\/fr\/wp-json\/wp\/v2\/comments?post=262903"}],"version-history":[{"count":0,"href":"https:\/\/www.europesays.com\/fr\/wp-json\/wp\/v2\/posts\/262903\/revisions"}],"wp:featuredmedia":[{"embeddable":true,"href":"https:\/\/www.europesays.com\/fr\/wp-json\/wp\/v2\/media\/262904"}],"wp:attachment":[{"href":"https:\/\/www.europesays.com\/fr\/wp-json\/wp\/v2\/media?parent=262903"}],"wp:term":[{"taxonomy":"category","embeddable":true,"href":"https:\/\/www.europesays.com\/fr\/wp-json\/wp\/v2\/categories?post=262903"},{"taxonomy":"post_tag","embeddable":true,"href":"https:\/\/www.europesays.com\/fr\/wp-json\/wp\/v2\/tags?post=262903"}],"curies":[{"name":"wp","href":"https:\/\/api.w.org\/{rel}","templated":true}]}}