{"id":262911,"date":"2025-07-21T08:23:14","date_gmt":"2025-07-21T08:23:14","guid":{"rendered":"https:\/\/www.europesays.com\/fr\/262911\/"},"modified":"2025-07-21T08:23:14","modified_gmt":"2025-07-21T08:23:14","slug":"des-artistes-en-exil-reunis-sur-scene-par-the-brick-project-a-bordeaux","status":"publish","type":"post","link":"https:\/\/www.europesays.com\/fr\/262911\/","title":{"rendered":"Des artistes en exil r\u00e9unis sur sc\u00e8ne par The Brick Project \u00e0 Bordeaux"},"content":{"rendered":"<p>A quel point avons-nous le choix ? Une question pos\u00e9e par la compagnie The Brick Project dans la premi\u00e8re \u00e9bauche de son spectacle Dilemma, pr\u00e9sent\u00e9 \u00e0 l\u2019occasion de sa sortie de r\u00e9sidence artistique \u00e0 la Villa Valmont (Lormont), le 10 juillet. Pendant une trentaine de minutes, la danseuse franco-russe Dina Khuseyn et le oudiste Nawras Ibrahim, originaire de Palestine, s\u2019emparent de la sc\u00e8ne et m\u00ealent leurs horizons artistiques pour interroger le rapport au libre-arbitre et \u00e0 l\u2019ob\u00e9issance.<\/p>\n<p>Cette question autour de l\u2019amplitude du choix, Mathilde Perrault se l\u2019est aussi pos\u00e9e, notamment en termes d\u2019opportunit\u00e9s, alors qu\u2019elle montait l\u2019\u00e9t\u00e9 dernier sa compagnie The Brick Project r\u00e9unissant des artistes exil\u00e9\u00b7es.\u00a0<\/p>\n<p>La com\u00e9dienne, dipl\u00f4m\u00e9e d\u2019un master de management des projets culturels \u00e0 Sciences Po Bordeaux, a mont\u00e9 cette association artistique en juin 2025 sur la base d\u2019un constat :\u00a0<\/p>\n<blockquote class=\"wp-block-quote is-layout-flow wp-block-quote-is-layout-flow\">\n<p>\u00ab\u00a0Il y a beaucoup d\u2019artistes exil\u00e9\u00b7es dans la r\u00e9gion, qui peinent \u00e0 se faire conna\u00eetre pour des raisons diverses : des freins administratifs et \u00e9conomiques, des probl\u00e8mes de langue, du racisme\u2026 C\u2019est un \u00e9norme g\u00e2chis de talents et de potentiels !\u00a0\u00bb<\/p>\n<\/blockquote>\n<p>\t\tUn tremplin pour les artistes internationaux<\/p>\n<p>Des contraintes renforc\u00e9es par \u00ab\u00a0un contexte toujours plus compliqu\u00e9 pour la culture, cibl\u00e9e par de nombreuses coupes budg\u00e9taires\u00a0\u00bb, rappelle la fondatrice de The Brick Project. Avec sa jeune compagnie, elle entend fournir un tremplin \u00e0 ces artistes internationaux. D\u2019o\u00f9 le nom anglophone The Brick Project : \u00ab\u00a0Avec des briques, tu peux casser une vitre ou construire une maison\u00a0\u00bb, explicite la metteuse en sc\u00e8ne. L\u2019image derri\u00e8re cet intitul\u00e9 est plut\u00f4t claire : aider \u00e0 faire sauter des verrous tout en consolidant des parcours voire des carri\u00e8res.\u00a0\u00a0<\/p>\n<blockquote class=\"wp-block-quote is-layout-flow wp-block-quote-is-layout-flow\">\n<p>\u00ab\u00a0On met un point d\u2019honneur \u00e0 ce que les artistes soient salari\u00e9s, ils sont pay\u00e9s au cachet et en heures de r\u00e9p\u00e9tition. C\u2019est important parce que ce n\u2019est pas toujours le cas dans le m\u00e9tier!\u00a0\u00bb<\/p>\n<\/blockquote>\n<p>La danseuse Dina, t\u00eate d\u2019affiche de Dilemma, salue l\u2019initiative derri\u00e8re cette compagnie :<\/p>\n<blockquote class=\"wp-block-quote is-layout-flow wp-block-quote-is-layout-flow\">\n<p>\u00ab\u00a0C\u2019est important de donner de la visibilit\u00e9 \u00e0 des artistes de diff\u00e9rents pays, de diff\u00e9rents horizons. Apr\u00e8s, la culture est un secteur d\u00e9j\u00e0 tr\u00e8s international, elle se nourrit par les \u00e9changes.\u00a0\u00bb<\/p>\n<\/blockquote>\n<p>N\u00e9e gr\u00e2ce \u00e0 l\u2019incubateur Singa Bordeaux, qui accompagne des projets locaux de collaboration entre personnes nouvelles arrivantes et locales, la compagnie The Brick Project fait r\u00e9guli\u00e8rement du rep\u00e9rage.<\/p>\n<blockquote class=\"wp-block-quote is-layout-flow wp-block-quote-is-layout-flow\">\n<p>\u00ab\u00a0Les artistes, je les rencontre via des institutions du monde social comme la fondation Cos, les r\u00e9seaux de Singa et j\u2019\u00e9largis aupr\u00e8s de travailleurs et travailleuses sociales comme le groupe SOS\u00a0\u00bb, pr\u00e9cise Mathilde Perrault, \u00e9galement professeure de cin\u00e9ma au cours Florent \u00e0 Bordeaux.<\/p>\n<\/blockquote>\n<p>D\u2019ailleurs, Mathilde se souvient avoir rencontr\u00e9 Nawras, le joueur de oud, \u00e0 un concert au Garage moderne \u00e0 Bordeaux, pour la journ\u00e9e mondiale des r\u00e9fugi\u00e9\u00b7es, en juin dernier. De l\u00e0, cette collaboration est n\u00e9e.\u00a0<\/p>\n<p>\t\tDivers horizons artistiques et territoriaux<\/p>\n<p>Dans ce spectacle, Nawras accompagne avec son instrument \u00e0 corde, chaque pas de danse, chaque phras\u00e9. Dina donne la r\u00e9plique dans un semblant de \u00ab\u00a0one woman show\u00a0\u00bb, comme elle aime s\u2019en amuser. Avec Dilemma, The Brick Project honore sa vocation, celle de mettre en lumi\u00e8re des artistes exil\u00e9\u00b7es.\u00a0<\/p>\n<p>L\u2019un est n\u00e9 en Palestine, l\u2019autre vient de Russie. Nawras apprend \u00e0 jouer du oud \u00e0 J\u00e9nine (Cisjordanie) en 2007. Il obtient ensuite une bourse pour \u00e9tudier la contrebasse au conservatoire de Bordeaux en 2011, b\u00e9n\u00e9ficiant du jumelage culturel avec la ville de Ramallah. Apr\u00e8s son dipl\u00f4me, il poursuit ses \u00e9tudes \u00e0 Toulouse en musiques traditionnelles, o\u00f9 il reprend le oud. Au quotidien, Nawras joue dans des groupes, en duo et contribue \u00e0 des projets artistiques.\u00a0<\/p>\n<p>Dina, elle, d\u00e9couvre la danse \u00e0 six ans \u00e0 Moscou, sous l\u2019impulsion de sa m\u00e8re. \u00ab\u00a0A partir de huit ans, j\u2019ai commenc\u00e9 \u00e0 la danse de mani\u00e8re professionnelle.\u00a0\u00bb Elle apprend la danse classique en Russie tout en sachant que ce style de lui correspond pas.<\/p>\n<blockquote class=\"wp-block-quote is-layout-flow wp-block-quote-is-layout-flow\">\n<p>\u00ab\u00a0Je voulais faire des \u00e9tudes en danse contemporaine, mais \u00e0 cette \u00e9poque, \u00e0 la fin du communisme, il n\u2019y avait que le classique en Russie. Il fallait que je me d\u00e9place\u00a0\u00bb, indique Dina.<\/p>\n<\/blockquote>\n<p>La danseuse passe par Rotterdam puis Vienne et son festival ImPulsTanz, avant d\u2019entamer un master en danse contemporaine \u00e0 Montpellier, en 2010. Aujourd\u2019hui, Dina a sa propre association Danses du Futur, elle donne des cours et a m\u00eame mont\u00e9 un studio de danse nomade Contactkids, qui propose des ateliers associant enfants et adultes.<\/p>\n<p>Ne pas essentialiser<\/p>\n<p>S\u2019ils parlent volontiers de leurs parcours artistiques, Nawras comme Dina sont frileux \u00e0 l\u2019id\u00e9e de raconter son histoire personnelle. \u00ab\u00a0C\u2019est rare que je dise que je suis Palestinien, je suis d\u2019abord un artiste, un oudiste\u00a0\u00bb, revendique le musicien. Dina adopte la m\u00eame posture, regrettant cette tendance \u00e0 \u00ab\u00a0mettre les gens dans des bo\u00eetes, selon qu\u2019on vient de l\u00e0 ou l\u00e0\u00a0\u00bb.<\/p>\n<blockquote class=\"wp-block-quote is-layout-flow wp-block-quote-is-layout-flow\">\n<p>\u00ab\u00a0J\u2019ai envie que les gens me voient comme une personne et non directement comme une danseuse russe. Des connexions se font, elles n\u2019ont pas forc\u00e9ment de lien avec ma vie, avec la fa\u00e7on que j\u2019ai de me repr\u00e9senter\u00a0\u00bb, reconnait l\u2019artiste.<\/p>\n<\/blockquote>\n<p>C\u2019est aussi le parti pris de la compagnie. Une des raisons qui fait que Nawras et Dina s\u2019y plaisent bien.\u00a0<\/p>\n<blockquote class=\"wp-block-quote is-layout-flow wp-block-quote-is-layout-flow\">\n<p>\u00ab\u00a0Avec The Brick Project, c\u2019\u00e9tait fondamental que le propos aille au-del\u00e0 des histoires individuelles. La raison d\u2019\u00eatre de la compagnie, c\u2019est de travailler avec des artistes internationaux. Je ne vais pas les chercher pour qu\u2019ils racontent leurs histoires, ils peuvent s\u2019ils veulent, mais c\u2019est d\u2019abord artistique, parce que j\u2019admire leur travail\u00a0\u00bb, d\u00e9veloppe la fondatrice.<\/p>\n<\/blockquote>\n<p>L\u2019association parle d\u2019ailleurs \u00e0 dessein d\u2019exil\u00e9\u00b7es et non de r\u00e9fugi\u00e9\u00b7es, estimant que \u00ab\u00a0c\u2019est r\u00e9ducteur et m\u00eame intrusif de consid\u00e9rer une personne seulement par son statut juridique\u00a0\u00bb.<\/p>\n<p>Maintenir les liens <\/p>\n<p>Pour autant, Dina comme Nawras ont chacun leurs propres sensibilit\u00e9s, \u00e9chos de leur pass\u00e9, qui d\u2019une mani\u00e8re o\u00f9 d\u2019une autre les ont pouss\u00e9s \u00e0 rejoindre le projet Dilemma. Le spectacle reproduit l\u2019exp\u00e9rience de Milgram, dans laquelle est \u00e9tudi\u00e9 le degr\u00e9 d\u2019ob\u00e9issance \u00e0 des ordres qui contredisent des valeurs morales \u2013 ici, administrer un choc \u00e9lectrique \u00e0 \u00ab\u00a0un\u00b7e \u00e9l\u00e8ve\u00a0\u00bb faisant des erreurs de m\u00e9morisation.<\/p>\n<p>Qu\u2019aurait-on fait si on devait r\u00e9pondre \u00e0 ces ordres ou si on devait les donner ? Les r\u00e9sonances contemporaines de ce spectacle pluridisciplinaire ont motiv\u00e9 Nawras \u00e0 se joindre \u00e0 la cr\u00e9ation : \u00ab\u00a0C\u2019est ce qu\u2019on a v\u00e9cu et ce qu\u2019on vit toujours, depuis 1948.\u00a0\u00bb\u00a0<\/p>\n<p>Arriv\u00e9s en France depuis plus de dix ans, les deux artistes exil\u00e9\u00b7es, sont d\u00e9j\u00e0 plus ou moins install\u00e9\u00b7es dans le paysage artistique girondin. La cr\u00e9atrice de The Brick Project compte assurer une certaine \u00ab\u00a0continuit\u00e9\u00a0\u00bb, faire en sorte que l\u2019exp\u00e9rience v\u00e9cue ne soit pas qu\u2019un \u00ab\u00a0one shot\u00a0\u00bb :<\/p>\n<blockquote class=\"wp-block-quote is-layout-flow wp-block-quote-is-layout-flow\">\n<p>\u00ab\u00a0On r\u00e9fl\u00e9chit \u00e0 trouver un \u00e9quilibre entre les nouveaux artistes et les anciens. L\u00e0, on travaille sur une production avec des artistes tout juste arriv\u00e9\u00b7es en France, qui parlent peu fran\u00e7ais, n\u2019ont pas vraiment de connaissances sur les syst\u00e8mes administratifs et culturels.\u00a0\u00bb<\/p>\n<\/blockquote>\n<p>La metteuse en sc\u00e8ne dit \u00eatre en contact avec l\u2019organisme de formation Helios afin de proposer aussi un accompagnement p\u00e9dagogique \u00ab\u00a0pour les artistes moins bien ancr\u00e9\u00b7es dans le territoire\u00a0\u00bb.\u00a0<\/p>\n<p>En attendant, Dilemma va continuer \u00e0 se peaufiner pendant l\u2019\u00e9t\u00e9, visant une premi\u00e8re programmation en septembre. Rien n\u2019est encore fix\u00e9, mais la porteuse du projet assure avoir de \u00ab\u00a0solides pistes\u00a0\u00bb, depuis la derni\u00e8re sortie de r\u00e9sidence.\u00a0<\/p>\n<p>Rue89 Bordeaux a besoin de vos dons<\/p>\n<p>Mille mercis \u00e0 nos 131 donateurs ! Gr\u00e2ce \u00e0 vous, nous avons atteint notre objectif initial de 10\u202f000\u202f\u20ac. Ce soutien va nous permettre de renflouer notre tr\u00e9sorerie, apr\u00e8s le d\u00e9sengagement en 2025 d\u2019un annonceur important \u2013 Bordeaux M\u00e9tropole \u2013 et de r\u00e9gler nos factures en attente.<br \/>Cependant, la cagnotte reste ouverte jusqu\u2019\u00e0 fin septembre afin de vous laisser l\u2019occasion de continuer \u00e0 soutenir votre m\u00e9dia ind\u00e9pendant. Chaque don est d\u00e9ductible des imp\u00f4ts \u00e0 hauteur de 66\u202f%. En recevoir davantage nous permettra de consolider nos finances, d\u2019envisager une rentr\u00e9e sereine, et surtout, d\u2019enrichir nos contenus et de renforcer notre r\u00e9daction.<\/p>\n","protected":false},"excerpt":{"rendered":"A quel point avons-nous le choix ? Une question pos\u00e9e par la compagnie The Brick Project dans la&hellip;\n","protected":false},"author":2,"featured_media":262912,"comment_status":"","ping_status":"","sticky":false,"template":"","format":"standard","meta":{"footnotes":""},"categories":[2817],"tags":[1111,11,1997,251,1777,674,17093,1011,27,12,2219,25,1347],"class_list":{"0":"post-262911","1":"post","2":"type-post","3":"status-publish","4":"format-standard","5":"has-post-thumbnail","7":"category-bordeaux","8":"tag-actu","9":"tag-actualites","10":"tag-bordeaux","11":"tag-culture","12":"tag-eu","13":"tag-europe","14":"tag-exil","15":"tag-fr","16":"tag-france","17":"tag-news","18":"tag-nouvelle-aquitaine","19":"tag-republique-francaise","20":"tag-theatre"},"share_on_mastodon":{"url":"https:\/\/pubeurope.com\/@fr\/114890264068813019","error":""},"_links":{"self":[{"href":"https:\/\/www.europesays.com\/fr\/wp-json\/wp\/v2\/posts\/262911","targetHints":{"allow":["GET"]}}],"collection":[{"href":"https:\/\/www.europesays.com\/fr\/wp-json\/wp\/v2\/posts"}],"about":[{"href":"https:\/\/www.europesays.com\/fr\/wp-json\/wp\/v2\/types\/post"}],"author":[{"embeddable":true,"href":"https:\/\/www.europesays.com\/fr\/wp-json\/wp\/v2\/users\/2"}],"replies":[{"embeddable":true,"href":"https:\/\/www.europesays.com\/fr\/wp-json\/wp\/v2\/comments?post=262911"}],"version-history":[{"count":0,"href":"https:\/\/www.europesays.com\/fr\/wp-json\/wp\/v2\/posts\/262911\/revisions"}],"wp:featuredmedia":[{"embeddable":true,"href":"https:\/\/www.europesays.com\/fr\/wp-json\/wp\/v2\/media\/262912"}],"wp:attachment":[{"href":"https:\/\/www.europesays.com\/fr\/wp-json\/wp\/v2\/media?parent=262911"}],"wp:term":[{"taxonomy":"category","embeddable":true,"href":"https:\/\/www.europesays.com\/fr\/wp-json\/wp\/v2\/categories?post=262911"},{"taxonomy":"post_tag","embeddable":true,"href":"https:\/\/www.europesays.com\/fr\/wp-json\/wp\/v2\/tags?post=262911"}],"curies":[{"name":"wp","href":"https:\/\/api.w.org\/{rel}","templated":true}]}}