{"id":262919,"date":"2025-07-21T08:28:09","date_gmt":"2025-07-21T08:28:09","guid":{"rendered":"https:\/\/www.europesays.com\/fr\/262919\/"},"modified":"2025-07-21T08:28:09","modified_gmt":"2025-07-21T08:28:09","slug":"trois-personnes-blessees-dont-une-grievement","status":"publish","type":"post","link":"https:\/\/www.europesays.com\/fr\/262919\/","title":{"rendered":"trois personnes bless\u00e9es, dont une gri\u00e8vement"},"content":{"rendered":"<p>            Par<br \/>\n        <strong><br \/>\n            <a href=\"https:\/\/actu.fr\/auteur\/thibault-nadal-actu-fr\" title=\"Consulter tous les articles de Thibault Nadal\" rel=\"nofollow noopener\" target=\"_blank\">Thibault Nadal<\/a><br \/>\n        <\/strong><\/p>\n<p>        Publi\u00e9 le<\/p>\n<p>            21 juil. 2025 \u00e0 9h33        <\/p>\n<p><strong>INFO ACTU MARSEILLE<\/strong>. Nouveau drame sur la <a href=\"https:\/\/actu.fr\/tag\/corniche\" rel=\"nofollow noopener\" target=\"_blank\">Corniche Kennedy<\/a>. Ce vendredi 18\u00a0juillet 2025, un grave <a href=\"https:\/\/actu.fr\/tag\/accident\" rel=\"nofollow noopener\" target=\"_blank\">accident<\/a> est survenu dans le 7e arrondissement de <a href=\"https:\/\/actu.fr\/marseille\/\" rel=\"nofollow noopener\" target=\"_blank\">Marseille<\/a>, apprend actu Marseille.<\/p>\n<p class=\" wall-content\">Les <a href=\"https:\/\/actu.fr\/tag\/marin-pompier\" rel=\"nofollow noopener\" target=\"_blank\">marins-pompiers<\/a> confirment \u00eatre intervenus <strong>une collision entre un deux-roues et un v\u00e9hicule<\/strong> qui a fait trois bless\u00e9s, dont un grave.<\/p>\n<p>La passag\u00e8re du deux-roues dans un \u00e9tat grave<\/p>\n<p class=\" wall-content\">Les faits sont survenus peu apr\u00e8s 21h30. Les secours ont \u00e9t\u00e9 appel\u00e9s pour un accident, impliquant un v\u00e9hicule et un deux-roues.<\/p>\n<p class=\" wall-content\">Le chauffeur de la voiture, lui, est indemne. En revanche, la passag\u00e8re du deux-roues, <strong>\u00e2g\u00e9e de 20\u00a0ans<\/strong>, a \u00e9t\u00e9 transport\u00e9e dans un \u00e9tat grave \u00e0 la Timone (5e). <strong>Son pronostic vital est engag\u00e9<\/strong>. Le conducteur du v\u00e9hicule a \u00e9galement \u00e9t\u00e9 transport\u00e9 \u00e0 l\u2019h\u00f4pital, mais son \u00e9tat suscitait moins d\u2019inqui\u00e9tudes.<\/p>\n<p>D\u00e9j\u00e0 un grave accident le mois dernier<\/p>\n<p class=\" wall-content\">Les circonstances du drame ne sont pas connues pour le moment.<\/p>\n<p>Vid\u00e9os : en ce moment sur Actu<\/p>\n<p class=\" wall-content\">Il y a moins d\u2019un mois, le 29\u00a0juin, <a href=\"https:\/\/actu.fr\/provence-alpes-cote-d-azur\/marseille_13055\/marseille-grave-accident-sur-la-corniche-une-personne-blessee-le-conducteur-du-vehicule-en-fuite_62843611.html\" rel=\"nofollow noopener\" target=\"_blank\">un accident \u00e9tait d\u00e9j\u00e0 survenu sur la Corniche<\/a>, d\u00e9j\u00e0 pour une collision entre un v\u00e9hicule et un deux-roues. Le drame avait fait <strong>plusieurs bless\u00e9s<\/strong>.<\/p>\n<p class=\" wall-content\">Suivez toute l\u2019actualit\u00e9 de vos villes et m\u00e9dias favoris en vous inscrivant \u00e0 <a href=\"https:\/\/moncompte.actu.fr\" title=\"D\u00e9couvez Mon Actu\" rel=\"nofollow noopener\" data-trk=\"{&quot;cta&quot;:{&quot;action&quot;:&quot;https:\\\/\\\/moncompte.actu.fr&quot;,&quot;category&quot;:&quot;mon compte&quot;,&quot;from&quot;:&quot;article footer&quot;,&quot;name&quot;:&quot;Mon actu&quot;,&quot;type&quot;:&quot;cta&quot;}}\" target=\"_blank\">Mon Actu<\/a>.<\/p>\n","protected":false},"excerpt":{"rendered":"Par Thibault Nadal Publi\u00e9 le 21 juil. 2025 \u00e0 9h33 INFO ACTU MARSEILLE. Nouveau drame sur la Corniche&hellip;\n","protected":false},"author":2,"featured_media":262920,"comment_status":"","ping_status":"","sticky":false,"template":"","format":"standard","meta":{"footnotes":""},"categories":[2814],"tags":[119,1111,11,7958,1777,674,118,1011,27,17289,884,12,882,25],"class_list":{"0":"post-262919","1":"post","2":"type-post","3":"status-publish","4":"format-standard","5":"has-post-thumbnail","7":"category-marseille","8":"tag-accident","9":"tag-actu","10":"tag-actualites","11":"tag-corniche","12":"tag-eu","13":"tag-europe","14":"tag-faits-divers","15":"tag-fr","16":"tag-france","17":"tag-marin-pompier","18":"tag-marseille","19":"tag-news","20":"tag-provence-alpes-cote-dazur","21":"tag-republique-francaise"},"share_on_mastodon":{"url":"https:\/\/pubeurope.com\/@fr\/114890283718435332","error":""},"_links":{"self":[{"href":"https:\/\/www.europesays.com\/fr\/wp-json\/wp\/v2\/posts\/262919","targetHints":{"allow":["GET"]}}],"collection":[{"href":"https:\/\/www.europesays.com\/fr\/wp-json\/wp\/v2\/posts"}],"about":[{"href":"https:\/\/www.europesays.com\/fr\/wp-json\/wp\/v2\/types\/post"}],"author":[{"embeddable":true,"href":"https:\/\/www.europesays.com\/fr\/wp-json\/wp\/v2\/users\/2"}],"replies":[{"embeddable":true,"href":"https:\/\/www.europesays.com\/fr\/wp-json\/wp\/v2\/comments?post=262919"}],"version-history":[{"count":0,"href":"https:\/\/www.europesays.com\/fr\/wp-json\/wp\/v2\/posts\/262919\/revisions"}],"wp:featuredmedia":[{"embeddable":true,"href":"https:\/\/www.europesays.com\/fr\/wp-json\/wp\/v2\/media\/262920"}],"wp:attachment":[{"href":"https:\/\/www.europesays.com\/fr\/wp-json\/wp\/v2\/media?parent=262919"}],"wp:term":[{"taxonomy":"category","embeddable":true,"href":"https:\/\/www.europesays.com\/fr\/wp-json\/wp\/v2\/categories?post=262919"},{"taxonomy":"post_tag","embeddable":true,"href":"https:\/\/www.europesays.com\/fr\/wp-json\/wp\/v2\/tags?post=262919"}],"curies":[{"name":"wp","href":"https:\/\/api.w.org\/{rel}","templated":true}]}}