{"id":262923,"date":"2025-07-21T08:30:12","date_gmt":"2025-07-21T08:30:12","guid":{"rendered":"https:\/\/www.europesays.com\/fr\/262923\/"},"modified":"2025-07-21T08:30:12","modified_gmt":"2025-07-21T08:30:12","slug":"lyon-pourquoi-il-nest-plus-possible-demprunter-la-passerelle-du-college","status":"publish","type":"post","link":"https:\/\/www.europesays.com\/fr\/262923\/","title":{"rendered":"Lyon. Pourquoi il n\u2019est plus possible d\u2019emprunter la passerelle du Coll\u00e8ge"},"content":{"rendered":"<p>Depuis le mardi 15\u00a0juillet, la M\u00e9tropole de Lyon a engag\u00e9 des travaux d\u2019entretien sur la passerelle du Coll\u00e8ge, ce pont pi\u00e9ton qui enjambe le Rh\u00f4ne, entre le 6e arrondissement et la Presqu\u2019\u00eele. Les ouvriers ont commenc\u00e9 par installer des \u00e9chafaudages sur les pyl\u00f4nes en forme d\u2019arche monumentale.<\/p>\n<p>Cette semaine, ils vont nettoyer et d\u00e9caper ces deux structures en pierre habillant la passerelle, emprunt\u00e9e par les Lyonnais pour passer d\u2019une rive \u00e0 l\u2019autre du Rh\u00f4ne. Le chantier devrait s\u2019achever le 1er\u00a0ao\u00fbt. Jusqu\u2019\u00e0 cette \u00e9ch\u00e9ance, le pont est ferm\u00e9 aux pi\u00e9tons du lundi au jeudi (de 7\u00a0h \u00e0 16\u00a0h\u00a030) et le vendredi (7\u00a0h &#8211; 14\u00a0h).<\/p>\n","protected":false},"excerpt":{"rendered":"Depuis le mardi 15\u00a0juillet, la M\u00e9tropole de Lyon a engag\u00e9 des travaux d\u2019entretien sur la passerelle du Coll\u00e8ge,&hellip;\n","protected":false},"author":2,"featured_media":262924,"comment_status":"","ping_status":"","sticky":false,"template":"","format":"standard","meta":{"footnotes":""},"categories":[1889],"tags":[1111,11,2430,4749,33,2757,1777,674,1011,27,2428,2756,12,25,2429],"class_list":{"0":"post-262923","1":"post","2":"type-post","3":"status-publish","4":"format-standard","5":"has-post-thumbnail","7":"category-lyon","8":"tag-actu","9":"tag-actualites","10":"tag-auvergne-rhone-alpes","11":"tag-btp-et-chantiers","12":"tag-economie","13":"tag-edition-lyon-villeurbanne","14":"tag-eu","15":"tag-europe","16":"tag-fr","17":"tag-france","18":"tag-lyon","19":"tag-lyon-bassin","20":"tag-news","21":"tag-republique-francaise","22":"tag-rhone"},"share_on_mastodon":{"url":"https:\/\/pubeurope.com\/@fr\/114890291515499954","error":""},"_links":{"self":[{"href":"https:\/\/www.europesays.com\/fr\/wp-json\/wp\/v2\/posts\/262923","targetHints":{"allow":["GET"]}}],"collection":[{"href":"https:\/\/www.europesays.com\/fr\/wp-json\/wp\/v2\/posts"}],"about":[{"href":"https:\/\/www.europesays.com\/fr\/wp-json\/wp\/v2\/types\/post"}],"author":[{"embeddable":true,"href":"https:\/\/www.europesays.com\/fr\/wp-json\/wp\/v2\/users\/2"}],"replies":[{"embeddable":true,"href":"https:\/\/www.europesays.com\/fr\/wp-json\/wp\/v2\/comments?post=262923"}],"version-history":[{"count":0,"href":"https:\/\/www.europesays.com\/fr\/wp-json\/wp\/v2\/posts\/262923\/revisions"}],"wp:featuredmedia":[{"embeddable":true,"href":"https:\/\/www.europesays.com\/fr\/wp-json\/wp\/v2\/media\/262924"}],"wp:attachment":[{"href":"https:\/\/www.europesays.com\/fr\/wp-json\/wp\/v2\/media?parent=262923"}],"wp:term":[{"taxonomy":"category","embeddable":true,"href":"https:\/\/www.europesays.com\/fr\/wp-json\/wp\/v2\/categories?post=262923"},{"taxonomy":"post_tag","embeddable":true,"href":"https:\/\/www.europesays.com\/fr\/wp-json\/wp\/v2\/tags?post=262923"}],"curies":[{"name":"wp","href":"https:\/\/api.w.org\/{rel}","templated":true}]}}