{"id":262925,"date":"2025-07-21T08:31:11","date_gmt":"2025-07-21T08:31:11","guid":{"rendered":"https:\/\/www.europesays.com\/fr\/262925\/"},"modified":"2025-07-21T08:31:11","modified_gmt":"2025-07-21T08:31:11","slug":"nomination-molly-mayfield-barbee-le-nouveau-visage-des-etats-unis-a-lyon","status":"publish","type":"post","link":"https:\/\/www.europesays.com\/fr\/262925\/","title":{"rendered":"Nomination. Molly Mayfield Barbee, le nouveau visage des Etats-Unis \u00e0 Lyon &#8211;"},"content":{"rendered":"<p>\t\t\t\t<img fetchpriority=\"high\" decoding=\"async\" width=\"786\" height=\"843\" src=\"https:\/\/www.europesays.com\/fr\/wp-content\/uploads\/2025\/07\/Molly-Mayfield-Barbee-consul-USA-Lyon.jpg\" alt=\"\" title=\"Molly Mayfield Barbee consul USA Lyon\"   class=\"wp-image-162969\"\/><\/p>\n<p>Molly Mayfield Barbee, consul des \u00c9tats Unis d\u2019Am\u00e9rique \u00e0 Lyon &#8211; Photo DR<\/p>\n<p><strong>Texte\u00a0: Margaux Noury \u2013 <\/strong>Alors qu\u2019il y a quelques mois, le pr\u00e9sident Donald Trump envisageait de fermer plusieurs consulats en France, dont celui de Lyon, un nouveau consul est arriv\u00e9 dans la capitale des Gaules.<\/p>\n<p>Et c\u2019est une femme\u00a0! <strong>Molly Mayfield Barbee<\/strong>, originaire du Colorado succ\u00e8de ainsi \u00e0 <strong>Richard Johns<\/strong>, en place depuis ao\u00fbt 2022. Accompagn\u00e9e de son conjoint, \u00e9galement diplomate, et de leurs deux enfants, elle a pris ses fonctions le 27 juin dernier au 1, quai Jules Courmont, dans le 2e arrondissement.<\/p>\n<p><strong>La diplomate n\u2019en est pas \u00e0 son coup d\u2019essai<\/strong><\/p>\n<p>Depuis 2022, elle servait comme chef de cabinet \u00e0 la Mission des Etats-Unis aupr\u00e8s de l\u2019Union europ\u00e9enne \u00e0 Bruxelles. Aujourd\u2019hui, ses missions seront plus locales en couvrant les r\u00e9gions Auvergne-Rh\u00f4ne-Alpes et Bourgogne-Franche-Comt\u00e9.<\/p>\n<p><img loading=\"lazy\" decoding=\"async\" class=\" wp-image-162971 alignleft\" src=\"data:image\/svg+xml,%3Csvg%20xmlns=\" http:=\"\" alt=\"\" width=\"497\" height=\"427\" data-lazy- data-lazy- data-lazy-src=\"https:\/\/www.europesays.com\/fr\/wp-content\/uploads\/2025\/07\/corps-consulaire-Lyon-et-consul-usa.jpg\"\/>Deux r\u00e9gions o\u00f9 celle \u00ab\u00a0qui adore \u00eatre en pleine nature\u00a0\u00bb devrait se plaire. Elle rejoint un corps consulaire lyonnais tr\u00e8s fourni avec 69 consulats (21 consuls de carri\u00e8re- 48 consulats honoraires)\u00a0et 4 membres associ\u00e9s, diplomates de carri\u00e8re.<\/p>\n<p>En l\u2019occurrence, le secr\u00e9taire g\u00e9n\u00e9ral d\u2019Interpol, la directrice du CIRC, le conseiller diplomatique de la Pr\u00e9fecture de R\u00e9gion et le directeur de l\u2019Acad\u00e9mie de l\u2019OMS. Elle a \u00e9t\u00e9 accueillie par les consuls honoraires <strong>Hugues Pouzet<\/strong> et <strong>Marie-Christine Herrbach<\/strong> (photo ci-contre).<\/p>\n<p><strong>Une sp\u00e9cialiste de l\u2019Afrique et du Moyen-Orient<\/strong><\/p>\n<p>Parlant couramment arabe \u2013 et fran\u00e7ais, Molly Mayfield Barbee a encha\u00een\u00e9 les missions depuis son arriv\u00e9e au D\u00e9partement d\u2019\u00c9tat en 2011\u00a0: une premi\u00e8re affection \u00e0 Bagdad, un poste d\u2019assistante aux affaires culturelles \u00e0 J\u00e9rusalem en 2012, un passage au bureau de veille du Bureau de Renseignement et de Recherche (INR) puis un service comme officier politique \u00e0 Amman en Jordanie de 2015 \u00e0 2019.<\/p>\n<p>Derni\u00e8rement, elle a travaill\u00e9 \u00e0 Alger dans la section politique-\u00e9conomique \u00e0 l\u2019ambassade am\u00e9ricaine o\u00f9 elle a coordonn\u00e9 l\u2019ensemble des activit\u00e9s d\u2019assistance \u00e9trang\u00e8re des Etats-Unis dans le pays.<\/p>\n","protected":false},"excerpt":{"rendered":"Molly Mayfield Barbee, consul des \u00c9tats Unis d\u2019Am\u00e9rique \u00e0 Lyon &#8211; Photo DR Texte\u00a0: Margaux Noury \u2013 Alors&hellip;\n","protected":false},"author":2,"featured_media":262926,"comment_status":"","ping_status":"","sticky":false,"template":"","format":"standard","meta":{"footnotes":""},"categories":[1889],"tags":[4257,1111,11,2430,40263,1777,674,1011,27,2428,12,25],"class_list":{"0":"post-262925","1":"post","2":"type-post","3":"status-publish","4":"format-standard","5":"has-post-thumbnail","7":"category-lyon","8":"tag-0top","9":"tag-actu","10":"tag-actualites","11":"tag-auvergne-rhone-alpes","12":"tag-etats-unis-a-lyon","13":"tag-eu","14":"tag-europe","15":"tag-fr","16":"tag-france","17":"tag-lyon","18":"tag-news","19":"tag-republique-francaise"},"share_on_mastodon":{"url":"https:\/\/pubeurope.com\/@fr\/114890295565281354","error":""},"_links":{"self":[{"href":"https:\/\/www.europesays.com\/fr\/wp-json\/wp\/v2\/posts\/262925","targetHints":{"allow":["GET"]}}],"collection":[{"href":"https:\/\/www.europesays.com\/fr\/wp-json\/wp\/v2\/posts"}],"about":[{"href":"https:\/\/www.europesays.com\/fr\/wp-json\/wp\/v2\/types\/post"}],"author":[{"embeddable":true,"href":"https:\/\/www.europesays.com\/fr\/wp-json\/wp\/v2\/users\/2"}],"replies":[{"embeddable":true,"href":"https:\/\/www.europesays.com\/fr\/wp-json\/wp\/v2\/comments?post=262925"}],"version-history":[{"count":0,"href":"https:\/\/www.europesays.com\/fr\/wp-json\/wp\/v2\/posts\/262925\/revisions"}],"wp:featuredmedia":[{"embeddable":true,"href":"https:\/\/www.europesays.com\/fr\/wp-json\/wp\/v2\/media\/262926"}],"wp:attachment":[{"href":"https:\/\/www.europesays.com\/fr\/wp-json\/wp\/v2\/media?parent=262925"}],"wp:term":[{"taxonomy":"category","embeddable":true,"href":"https:\/\/www.europesays.com\/fr\/wp-json\/wp\/v2\/categories?post=262925"},{"taxonomy":"post_tag","embeddable":true,"href":"https:\/\/www.europesays.com\/fr\/wp-json\/wp\/v2\/tags?post=262925"}],"curies":[{"name":"wp","href":"https:\/\/api.w.org\/{rel}","templated":true}]}}