{"id":262938,"date":"2025-07-21T08:40:11","date_gmt":"2025-07-21T08:40:11","guid":{"rendered":"https:\/\/www.europesays.com\/fr\/262938\/"},"modified":"2025-07-21T08:40:11","modified_gmt":"2025-07-21T08:40:11","slug":"alla-poedie-espionnage-et-influence-la-russie-a-lassaut-de-leurope-la-regle-du-jeu","status":"publish","type":"post","link":"https:\/\/www.europesays.com\/fr\/262938\/","title":{"rendered":"Alla Poedie, Espionnage et influence\u00a0: la Russie \u00e0 l\u2019assaut de l\u2019Europe &#8211; La R\u00e8gle du Jeu"},"content":{"rendered":"\n<p class=\"has-drop-cap\">Le 10 juillet 2025, \u00e0 Kyiv, Ivan Voronych, colonel du Service de s\u00e9curit\u00e9 ukrainien (SBU), est abattu de cinq balles dans un parking r\u00e9sidentiel. Selon les autorit\u00e9s ukrainiennes, il s\u2019agit d\u2019une op\u00e9ration cibl\u00e9e, organis\u00e9e par le FSB, le renseignement russe. Trois jours plus tard, les deux pr\u00e9sum\u00e9s ex\u00e9cutants \u2013 un homme et une femme, d\u2019origine az\u00e9rie \u2013 sont tu\u00e9s lors d\u2019un raid du SBU. L\u2019affaire est class\u00e9e comme une attaque terroriste parrain\u00e9e par un \u00c9tat hostile.<\/p>\n<p>Ce fait strat\u00e9gique, dans un pays en guerre, ne saurait \u00eatre r\u00e9duit \u00e0 un simple r\u00e8glement de compte. Il constitue un sympt\u00f4me de plus dans une guerre invisible qui s\u2019\u00e9tend d\u00e9sormais bien au-del\u00e0 du territoire ukrainien. Une guerre o\u00f9 la Russie ne cherche pas seulement \u00e0 conqu\u00e9rir, mais \u00e0 d\u00e9sorganiser, infiltrer, affaiblir les soci\u00e9t\u00e9s europ\u00e9ennes par des moyens non conventionnels.<\/p>\n<p>Depuis le d\u00e9but de son invasion totale de l\u2019Ukraine, la strat\u00e9gie russe vis-\u00e0-vis de l\u2019Europe a chang\u00e9 de nature. En l\u2019absence d\u2019un affrontement militaire direct, Moscou privil\u00e9gie une guerre d\u2019usure par infiltration\u00a0: espionnage, propagande, corruption, influence id\u00e9ologique, sabotage.<\/p>\n<p>Plusieurs gouvernements europ\u00e9ens ont reconnu, ces derni\u00e8res ann\u00e9es, avoir identifi\u00e9 et neutralis\u00e9 des agents russes op\u00e9rant sous fausse couverture diplomatique, journalistique, universitaire ou \u00e9conomique. Mais ces expulsions ponctuelles peinent \u00e0 masquer l\u2019ampleur d\u2019un syst\u00e8me rod\u00e9, persistant, souterrain, qui s\u2019appuie sur les r\u00e9seaux, les zones grises l\u00e9gales et les vuln\u00e9rabilit\u00e9s des d\u00e9mocraties lib\u00e9rales.<\/p>\n<p>Le colonel Voronych dirigeait des op\u00e9rations sensibles contre des infrastructures militaires russes, notamment les bases a\u00e9riennes impliqu\u00e9es dans les bombardements contre des villes ukrainiennes, et enqu\u00eatait sur les flux de financement illicites entre la Russie et certaines structures religieuses pro-Kremlin actives en Ukraine. Il travaillait aussi sur les relais num\u00e9riques d\u2019influence russe.<\/p>\n<p>Sa mort est une d\u00e9monstration de la logique d\u2019\u00c9tat du Kremlin, qui n\u2019h\u00e9site pas \u00e0 neutraliser physiquement un acteur identifi\u00e9 comme strat\u00e9gique, m\u00eame en dehors des zones de combat. Une action planifi\u00e9e, assum\u00e9e, dans la continuit\u00e9 d\u2019une doctrine brutale\u00a0: la Russie terroriste frappe au c\u0153ur, l\u00e0 o\u00f9 elle estime que cela fait mal.<\/p>\n<p>Kyiv, en guerre totale, a r\u00e9agi dans sa logique de survie\u00a0: traque, \u00e9limination, silence. Mais la question demeure, bien au-del\u00e0 de l\u2019Ukraine\u00a0: combien des agents russes non identifi\u00e9s circulent encore sur le territoire europ\u00e9en\u00a0? Combien de cibles d\u00e9sign\u00e9es attendent leur tour\u00a0?<\/p>\n<p>Le 18 juillet, le gouvernement britannique a annonc\u00e9 des sanctions contre 18 officiers du GRU, le renseignement militaire russe. Accus\u00e9s d\u2019avoir dirig\u00e9 ou coordonn\u00e9 des cyberattaques contre des infrastructures britanniques et europ\u00e9ennes, ils sont \u00e9galement soup\u00e7onn\u00e9s de tentatives d\u2019empoisonnement, de sabotage informatique et de manipulation \u00e9lectorale.<\/p>\n<p>Londres envoie un message sans ambigu\u00eft\u00e9\u00a0: la Russie ne collecte plus seulement des donn\u00e9es, elle m\u00e8ne des op\u00e9rations offensives sur le territoire europ\u00e9en. Le langage a chang\u00e9. Les mots sont choisis. Et les cibles sont nomm\u00e9es.<\/p>\n<p>En France, les signaux d\u2019alerte existent, mais restent dispers\u00e9s, sous-trait\u00e9s ou minimis\u00e9s.<\/p>\n<p>Le cas de Henri Proglio, ex-dirigeant d\u2019EDF et du CEA, est embl\u00e9matique\u00a0: ses liens avec des structures \u00e9conomiques russes sensibles, comme Rosatom ou ABR Management (gestionnaire de fonds li\u00e9s au Kremlin), ont suscit\u00e9 de vives inqui\u00e9tudes quant \u00e0 d\u2019\u00e9ventuels transferts de technologies et de savoir-faire strat\u00e9giques, en d\u00e9pit de ses responsabilit\u00e9s au sein de grands groupes industriels fran\u00e7ais.<\/p>\n<p>Autre figure controvers\u00e9e\u00a0: Xenia Fedorova, ancienne r\u00e9dactrice en chef de Russia Today France, aujourd\u2019hui intervenante r\u00e9guli\u00e8re sur CNews. Elle est identifi\u00e9e par plusieurs analystes comme un relais actif de la propagande du Kremlin dans la sph\u00e8re francophone. Son activisme m\u00eale discours pseudo-acad\u00e9miques, intervention m\u00e9diatique, et pr\u00e9sence sur les r\u00e9seaux sociaux. Ce m\u00e9lange toxique vise \u00e0 affaiblir la l\u00e9gitimit\u00e9 du soutien occidental \u00e0 l\u2019Ukraine en diffusant une vision fauss\u00e9e, invers\u00e9e, de la r\u00e9alit\u00e9 du conflit.<\/p>\n<p>Depuis avril 2022, la France a \u00e9galement refus\u00e9 plus de 1\u202f200 visas \u00e0 des citoyens russes, invoquant des risques d\u2019infiltration. Plusieurs diplomates russes ont \u00e9t\u00e9 expuls\u00e9s discr\u00e8tement. Mais la r\u00e9ponse, en l\u2019absence d\u2019une doctrine claire, reste parcellaire et r\u00e9active.<\/p>\n<p>Le veille du discours annuel du pr\u00e9sident Emmanuel Macron aux forces arm\u00e9es, le g\u00e9n\u00e9ral Thierry Burkhard, chef d\u2019\u00e9tat-major des arm\u00e9es fran\u00e7aises, a tenu une conf\u00e9rence de presse d\u2019une rare clart\u00e9 strat\u00e9gique.<\/p>\n<p>\u00ab\u00a0La Russie consid\u00e8re d\u00e9sormais la France comme son principal adversaire en Europe\u00a0\u00bb, a-t-il d\u00e9clar\u00e9, en raison notamment du soutien militaire fran\u00e7ais \u00e0 l\u2019Ukraine.<\/p>\n<p>Mais le g\u00e9n\u00e9ral a surtout point\u00e9 les moyens non militaires dont dispose Vladimir Poutine\u00a0: d\u00e9sinformation, cyberattaques, espionnage, sabotage d\u2019infrastructures sous-marines, man\u0153uvres de satellites russes en orbite, et pr\u00e9sence de sous-marins nucl\u00e9aires russes dans l\u2019Atlantique Nord.<\/p>\n<p>Il a ajout\u00e9 que malgr\u00e9 des pertes colossales, la Russie repr\u00e9sentera d\u2019ici 2030 une menace militaire s\u00e9rieuse pour les fronti\u00e8res de l\u2019Europe. D\u2019o\u00f9 la n\u00e9cessit\u00e9, a-t-il soulign\u00e9, de se d\u00e9fendre sur plusieurs fronts simultan\u00e9s. Et l\u2019un des plus cruciaux, selon lui, reste le soutien r\u00e9solu \u00e0 l\u2019Ukraine.<\/p>\n<p>Si le Royaume-Uni et l\u2019Ukraine ont adopt\u00e9 une posture offensive de contre-ing\u00e9rence, l\u2019Union europ\u00e9enne, dans son ensemble, reste expos\u00e9e. Chaque \u00c9tat membre applique ses propres r\u00e8gles, ses propres seuils d\u2019alerte. Il n\u2019existe toujours pas de strat\u00e9gie europ\u00e9enne unifi\u00e9e pour cartographier, identifier, contrer les activit\u00e9s subversives russes.<\/p>\n<p>Faute de coordination, les agents russes \u00e9voluent dans un espace juridique fragment\u00e9, o\u00f9 la disparit\u00e9 des r\u00e9ponses, tol\u00e9rance politique ici, c\u00e9cit\u00e9 administrative l\u00e0, leur offre des marges d\u2019action consid\u00e9rables.<\/p>\n<p>L\u2019Ukraine, confront\u00e9e \u00e0 une guerre totale, a enti\u00e8rement revu sa doctrine de s\u00e9curit\u00e9. L\u2019espionnage n\u2019est plus une anomalie, il est trait\u00e9 comme une composante centrale du conflit. Le SBU a \u00e9t\u00e9 restructur\u00e9, professionnalis\u00e9, dot\u00e9 de pouvoirs accrus. L\u2019assassinat de Voronych n\u2019a pas \u00e9t\u00e9 suivi d\u2019une note diplomatique, mais d\u2019une r\u00e9ponse l\u00e9tale, rapide, cibl\u00e9e.<\/p>\n<p>L\u2019Europe gagnerait \u00e0 observer, non pour imiter la brutalit\u00e9 de Kyiv, mais pour s\u2019inspirer de sa lucidit\u00e9 strat\u00e9gique. Car ce que Moscou fait aujourd\u2019hui est syst\u00e9mique. Ce n\u2019est pas une tactique, c\u2019est une ligne politique. Une m\u00e9thode. Une guerre.<\/p>\n<p>Le meurtre d\u2019un colonel \u00e0 Kyiv, les cyberattaques \u00e0 Londres, les relais d\u2019influence \u00e0 Paris\u00a0: autant d\u2019\u00e9pisodes d\u2019un m\u00eame r\u00e9cit. Un r\u00e9cit qui ne commence pas avec les chars ni ne finit avec les trait\u00e9s. Un r\u00e9cit qui progresse dans les angles morts. Qui infiltre les esprits. Qui sabote les institutions de l\u2019int\u00e9rieur.<\/p>\n<p>Tant que l\u2019Europe continuera de croire qu\u2019elle est en paix, elle restera vuln\u00e9rable \u00e0 ceux qui, eux, savent qu\u2019ils sont d\u00e9j\u00e0 en guerre.<\/p>\n","protected":false},"excerpt":{"rendered":"Le 10 juillet 2025, \u00e0 Kyiv, Ivan Voronych, colonel du Service de s\u00e9curit\u00e9 ukrainien (SBU), est abattu de&hellip;\n","protected":false},"author":2,"featured_media":262939,"comment_status":"","ping_status":"","sticky":false,"template":"","format":"standard","meta":{"footnotes":""},"categories":[1591],"tags":[11,1887,12,1885,1886,132],"class_list":{"0":"post-262938","1":"post","2":"type-post","3":"status-publish","4":"format-standard","5":"has-post-thumbnail","7":"category-russie","8":"tag-actualites","9":"tag-federation-de-russie","10":"tag-news","11":"tag-russia","12":"tag-russian-federation","13":"tag-russie"},"share_on_mastodon":{"url":"https:\/\/pubeurope.com\/@fr\/114890330873104216","error":""},"_links":{"self":[{"href":"https:\/\/www.europesays.com\/fr\/wp-json\/wp\/v2\/posts\/262938","targetHints":{"allow":["GET"]}}],"collection":[{"href":"https:\/\/www.europesays.com\/fr\/wp-json\/wp\/v2\/posts"}],"about":[{"href":"https:\/\/www.europesays.com\/fr\/wp-json\/wp\/v2\/types\/post"}],"author":[{"embeddable":true,"href":"https:\/\/www.europesays.com\/fr\/wp-json\/wp\/v2\/users\/2"}],"replies":[{"embeddable":true,"href":"https:\/\/www.europesays.com\/fr\/wp-json\/wp\/v2\/comments?post=262938"}],"version-history":[{"count":0,"href":"https:\/\/www.europesays.com\/fr\/wp-json\/wp\/v2\/posts\/262938\/revisions"}],"wp:featuredmedia":[{"embeddable":true,"href":"https:\/\/www.europesays.com\/fr\/wp-json\/wp\/v2\/media\/262939"}],"wp:attachment":[{"href":"https:\/\/www.europesays.com\/fr\/wp-json\/wp\/v2\/media?parent=262938"}],"wp:term":[{"taxonomy":"category","embeddable":true,"href":"https:\/\/www.europesays.com\/fr\/wp-json\/wp\/v2\/categories?post=262938"},{"taxonomy":"post_tag","embeddable":true,"href":"https:\/\/www.europesays.com\/fr\/wp-json\/wp\/v2\/tags?post=262938"}],"curies":[{"name":"wp","href":"https:\/\/api.w.org\/{rel}","templated":true}]}}