{"id":262945,"date":"2025-07-21T08:44:09","date_gmt":"2025-07-21T08:44:09","guid":{"rendered":"https:\/\/www.europesays.com\/fr\/262945\/"},"modified":"2025-07-21T08:44:09","modified_gmt":"2025-07-21T08:44:09","slug":"bacha-ol-lyonnes-fait-son-mea-culpa-apres-france","status":"publish","type":"post","link":"https:\/\/www.europesays.com\/fr\/262945\/","title":{"rendered":"Bacha (OL Lyonnes) fait son mea-culpa apr\u00e8s France"},"content":{"rendered":"<p>                            <img width=\"770\" height=\"433\" src=\"https:\/\/www.europesays.com\/fr\/wp-content\/uploads\/2025\/07\/000_33QH6ZZ-770x433.jpg\" class=\"attachment-article size-article wp-post-image\" alt=\"Selma Bacha lors de la victoires des Bleues contre le Panama\" decoding=\"async\" fetchpriority=\"high\"  \/><\/p>\n<p>Selma Bacha lors de la victoires des Bleues contre le Panama (Photo by FRANCK FIFE \/ AFP)<\/p>\n<p>Ayant eu des mots assez durs apr\u00e8s l\u2019\u00e9limination de la France samedi \u00e0 l\u2019Euro 2025, Selma Bacha a pr\u00e9sent\u00e9 ses excuses, une fois la d\u00e9ception retomb\u00e9e.<\/p>\n<p>Elle a pour elle d\u2019avoir un franc-parler qui contraste souvent avec les discours polic\u00e9s de certains footballeurs. Seulement, samedi, Selma\u00a0<strong>Bacha<\/strong>\u00a0est peut-\u00eatre all\u00e9e un peu loin dans sa prise de parole apr\u00e8s l\u2019\u00e9limination des Bleues contre l\u2019Allemagne. Face au sc\u00e9nario de ce quart de finale de l\u2019Euro 2025, la lat\u00e9rale fran\u00e7aise avait clairement jou\u00e9 les mauvaises perdantes et\u00a0<a href=\"https:\/\/www.olympique-et-lyonnais.com\/euro-le-depit-de-selma-bacha-ol-lyonnes-apres-lelimination-de-la-france,372327.html\" target=\"_blank\" rel=\"noopener\">ne l&rsquo;avait pas cach\u00e9<\/a>.\u00a0\u00ab\u00a0Elles n&rsquo;ont rien propos\u00e9, elles ont bien d\u00e9fendu, elles ont \u00e9t\u00e9 agressives, mais on les a domin\u00e9es de A \u00e0 Z. Elles sont qualifi\u00e9es, je suis d\u00e9sol\u00e9e de le dire, ce n&rsquo;est m\u00eame pas m\u00e9rit\u00e9, sauf qu&rsquo;elles sont en demies. Je suis une mauvaise perdante.\u00a0\u00bb\u00a0Cette sortie m\u00e9diatique n\u2019a pas forc\u00e9ment plu \u00e0 tout le monde et vingt-quatre heures apr\u00e8s la d\u00e9sillusion de l\u2019\u00e9limination \u00e0 10 contre 11, Selma Bacha a fait son mea-culpa sur ses r\u00e9seaux sociaux.<\/p>\n<p>\u00ab\u00a0\u00c0 chaud, la lucidit\u00e9 manque\u00a0\u00bb<\/p>\n<p>Profitant d\u00e9sormais d\u2019une coupure avant de reprendre le chemin de l\u2019entra\u00eenement avec l\u2019<strong>OL Lyonnes<\/strong>, la Lyonnaise\u00a0\u00ab\u00a0va prendre du recul\u00a0\u00bb\u00a0afin de tirer les cons\u00e9quences de ce parcours termin\u00e9 pr\u00e9matur\u00e9ment en Suisse. L\u2019occasion \u00e9galement de pr\u00e9senter ses excuses pour ses propos tenus \u00e0 B\u00e2le. \u00a0\u00ab\u00a0\u00c0 chaud, apr\u00e8s un match comme celui-l\u00e0, les mots d\u00e9passent parfois la pens\u00e9e. L&rsquo;\u00e9motion prend toute la place, et la lucidit\u00e9 manque. J\u2019ai lu, j\u2019ai entendu, j\u2019ai encaiss\u00e9\u00a0\u00bb\u00a0Faute avou\u00e9e, \u00e0 moiti\u00e9 pardonn\u00e9e ? Quoi qu\u2019il en soit, c\u2019est une nouvelle des espoirs d\u00e9\u00e7us qu\u2019ont offerts les Bleues dans cet Euro 2025.<\/p><\/p>\n","protected":false},"excerpt":{"rendered":"Selma Bacha lors de la victoires des Bleues contre le Panama (Photo by FRANCK FIFE \/ AFP) Ayant&hellip;\n","protected":false},"author":2,"featured_media":262946,"comment_status":"","ping_status":"","sticky":false,"template":"","format":"standard","meta":{"footnotes":""},"categories":[1587],"tags":[11,672,1804,1805,1803,1777,674,1801,12,241,242,1802],"class_list":{"0":"post-262945","1":"post","2":"type-post","3":"status-publish","4":"format-standard","5":"has-post-thumbnail","7":"category-allemagne","8":"tag-actualites","9":"tag-allemagne","10":"tag-bundesrepublik-deutschland","11":"tag-de","12":"tag-deutschland","13":"tag-eu","14":"tag-europe","15":"tag-germany","16":"tag-news","17":"tag-ol","18":"tag-ol-feminin","19":"tag-republique-federale-dallemagne"},"share_on_mastodon":{"url":"https:\/\/pubeurope.com\/@fr\/114890346669086321","error":""},"_links":{"self":[{"href":"https:\/\/www.europesays.com\/fr\/wp-json\/wp\/v2\/posts\/262945","targetHints":{"allow":["GET"]}}],"collection":[{"href":"https:\/\/www.europesays.com\/fr\/wp-json\/wp\/v2\/posts"}],"about":[{"href":"https:\/\/www.europesays.com\/fr\/wp-json\/wp\/v2\/types\/post"}],"author":[{"embeddable":true,"href":"https:\/\/www.europesays.com\/fr\/wp-json\/wp\/v2\/users\/2"}],"replies":[{"embeddable":true,"href":"https:\/\/www.europesays.com\/fr\/wp-json\/wp\/v2\/comments?post=262945"}],"version-history":[{"count":0,"href":"https:\/\/www.europesays.com\/fr\/wp-json\/wp\/v2\/posts\/262945\/revisions"}],"wp:featuredmedia":[{"embeddable":true,"href":"https:\/\/www.europesays.com\/fr\/wp-json\/wp\/v2\/media\/262946"}],"wp:attachment":[{"href":"https:\/\/www.europesays.com\/fr\/wp-json\/wp\/v2\/media?parent=262945"}],"wp:term":[{"taxonomy":"category","embeddable":true,"href":"https:\/\/www.europesays.com\/fr\/wp-json\/wp\/v2\/categories?post=262945"},{"taxonomy":"post_tag","embeddable":true,"href":"https:\/\/www.europesays.com\/fr\/wp-json\/wp\/v2\/tags?post=262945"}],"curies":[{"name":"wp","href":"https:\/\/api.w.org\/{rel}","templated":true}]}}