{"id":262951,"date":"2025-07-21T08:48:11","date_gmt":"2025-07-21T08:48:11","guid":{"rendered":"https:\/\/www.europesays.com\/fr\/262951\/"},"modified":"2025-07-21T08:48:11","modified_gmt":"2025-07-21T08:48:11","slug":"une-fin-de-carriere-de-la-pluie-mais-un-succes-retrouve-pour-le-festival-breton","status":"publish","type":"post","link":"https:\/\/www.europesays.com\/fr\/262951\/","title":{"rendered":"Une fin de carri\u00e8re, de la pluie mais un succ\u00e8s retrouv\u00e9 pour le festival breton"},"content":{"rendered":"<p>Une \u00e9dition chaude par l\u2019ambiance\u2026 mais bien fra\u00eeche dans le ciel. Pour leur 33e \u00e9dition, les <a href=\"https:\/\/www.20minutes.fr\/dossier\/vieilles_charrues\" class=\"color-ultramarine c-link\" target=\"_blank\" rel=\"noopener\">Vieilles Charrues<\/a> ont go\u00fbt\u00e9 \u00e0 la pluie et au vent. Mais le festival bas\u00e9 \u00e0 Carhaix (Finist\u00e8re) a surtout renou\u00e9 avec le succ\u00e8s. Apr\u00e8s une \u00e9dition 2024 historiquement basse avec 250.000 spectateurs, le plus grand \u00e9v\u00e9nement musical de Bretagne a attir\u00e9 264.000 personnes pendant quatre jours et 85 concerts, <a href=\"https:\/\/www.20minutes.fr\/arts-stars\/culture\/musique\/4161954-20250705-vieilles-charrues-2025-programmation-complete-concerts\" class=\"color-ultramarine c-link\" target=\"_blank\" rel=\"noopener\">dont trois soir\u00e9es \u00e0 guichets ferm\u00e9s<\/a>. Pr\u00e8s de 7.500 b\u00e9n\u00e9voles ont permis \u00e0 l\u2019\u00e9v\u00e9nement de se tenir dans une ambition habituelle de grande kermesse.<\/p>\n<p>Le festival renoue ainsi avec l\u2019\u00e9quilibre financier. Le succ\u00e8s d\u2019un \u00e9v\u00e9nement culturel \u00ab\u00a0de tr\u00e8s grande ampleur, port\u00e9 par une organisation ind\u00e9pendante, 100\u00a0% associative et sans subvention publique\u00a0\u00bb, rappellent les organisateurs. L\u2019an dernier, l\u2019association <a href=\"https:\/\/www.20minutes.fr\/arts-stars\/culture\/musique\/4101415-20240715-vieilles-charrues-nette-baisse-frequentation-2024-perte-seche-million-euros\" class=\"color-ultramarine c-link\" target=\"_blank\" rel=\"noopener\">avait accus\u00e9 un d\u00e9ficit d\u2019un million d\u2019euros<\/a> en raison d\u2019une baisse de fr\u00e9quentation.<\/p>\n<p>Malgr\u00e9 la pluie et le vent, des dizaines de milliers de personnes ont donc r\u00e9pondu pr\u00e9sents. Certaines d\u2019entre elles ont m\u00eame pu profiter de <a href=\"https:\/\/www.20minutes.fr\/arts-stars\/4164470-20250720-vieilles-charrues-dj-martin-solveig-fait-adieux-scene-annonce-retraite\" class=\"color-ultramarine c-link\" target=\"_blank\" rel=\"noopener\">l\u2019ultime concert de la carri\u00e8re de Martin Solveig<\/a>. Samedi soir, le c\u00e9l\u00e8bre DJ fran\u00e7ais auteur du tube Hello a annonc\u00e9 avoir pris sa retraite sur la grande sc\u00e8ne du festival breton. \u00ab\u00a0C\u2019\u00e9tait une surprise quand on nous a dit, il y a quelques semaines, que les Vieilles Charrues seraient sa seule date cette ann\u00e9e, et sa derni\u00e8re. C\u2019est un immense honneur\u00a0\u00bb, a d\u00e9clar\u00e9 le directeur du festival, J\u00e9r\u00f4me Tr\u00e9horel.<\/p>\n<p>Garder un tarif \u00ab\u00a0accessible\u00a0\u00bb<\/p>\n<p>Cette derni\u00e8re soir\u00e9e s\u2019est boucl\u00e9e avec Zaho de\u00a0Sagazan, Damso et les l\u00e9gendaires Sex Pistols. Avant cela, le festival avait vu d\u00e9filer de tr\u00e8s grandes stars, des artistes fran\u00e7ais et des d\u00e9couvertes\u00a0: Macklemore, Alanis Morissette, Damiano David mais aussi Julien Dor\u00e9 ou Ben Mazu\u00e9.<\/p>\n<\/p>\n<p>Le festival assure avoir fait tout son possible pour maintenir un prix d\u2019entr\u00e9e \u00ab\u00a0accessible\u00a0\u00bb \u00e0 partir de 52 euros la soir\u00e9e. \u00ab\u00a0Faisons en sorte que la culture ne devienne pas un produit de luxe\u00a0\u00bb, insiste le directeur du festival. La prochaine \u00e9dition se d\u00e9roulera du 16 au 19\u00a0juillet 2026.<\/p>\n","protected":false},"excerpt":{"rendered":"Une \u00e9dition chaude par l\u2019ambiance\u2026 mais bien fra\u00eeche dans le ciel. Pour leur 33e \u00e9dition, les Vieilles Charrues&hellip;\n","protected":false},"author":2,"featured_media":262952,"comment_status":"","ping_status":"","sticky":false,"template":"","format":"standard","meta":{"footnotes":""},"categories":[2],"tags":[11,829,40264,1697,251,58,849,3321,1011,27,873,6384,12,25,35758],"class_list":{"0":"post-262951","1":"post","2":"type-post","3":"status-publish","4":"format-standard","5":"has-post-thumbnail","7":"category-actualites","8":"tag-actualites","9":"tag-bretagne","10":"tag-carhaix","11":"tag-concert","12":"tag-culture","13":"tag-divertissement","14":"tag-festival","15":"tag-finistere","16":"tag-fr","17":"tag-france","18":"tag-musique","19":"tag-musique-electronique","20":"tag-news","21":"tag-republique-francaise","22":"tag-vieilles-charrues"},"share_on_mastodon":{"url":"https:\/\/pubeurope.com\/@fr\/114890362368189494","error":""},"_links":{"self":[{"href":"https:\/\/www.europesays.com\/fr\/wp-json\/wp\/v2\/posts\/262951","targetHints":{"allow":["GET"]}}],"collection":[{"href":"https:\/\/www.europesays.com\/fr\/wp-json\/wp\/v2\/posts"}],"about":[{"href":"https:\/\/www.europesays.com\/fr\/wp-json\/wp\/v2\/types\/post"}],"author":[{"embeddable":true,"href":"https:\/\/www.europesays.com\/fr\/wp-json\/wp\/v2\/users\/2"}],"replies":[{"embeddable":true,"href":"https:\/\/www.europesays.com\/fr\/wp-json\/wp\/v2\/comments?post=262951"}],"version-history":[{"count":0,"href":"https:\/\/www.europesays.com\/fr\/wp-json\/wp\/v2\/posts\/262951\/revisions"}],"wp:featuredmedia":[{"embeddable":true,"href":"https:\/\/www.europesays.com\/fr\/wp-json\/wp\/v2\/media\/262952"}],"wp:attachment":[{"href":"https:\/\/www.europesays.com\/fr\/wp-json\/wp\/v2\/media?parent=262951"}],"wp:term":[{"taxonomy":"category","embeddable":true,"href":"https:\/\/www.europesays.com\/fr\/wp-json\/wp\/v2\/categories?post=262951"},{"taxonomy":"post_tag","embeddable":true,"href":"https:\/\/www.europesays.com\/fr\/wp-json\/wp\/v2\/tags?post=262951"}],"curies":[{"name":"wp","href":"https:\/\/api.w.org\/{rel}","templated":true}]}}