{"id":262955,"date":"2025-07-21T08:50:18","date_gmt":"2025-07-21T08:50:18","guid":{"rendered":"https:\/\/www.europesays.com\/fr\/262955\/"},"modified":"2025-07-21T08:50:18","modified_gmt":"2025-07-21T08:50:18","slug":"jeremy-gandon-et-adrien-dumont-de-chassart-enregistrent-un-nouveau-top-10","status":"publish","type":"post","link":"https:\/\/www.europesays.com\/fr\/262955\/","title":{"rendered":"J\u00e9r\u00e9my Gandon et Adrien Dumont de Chassart enregistrent un nouveau top 10"},"content":{"rendered":"<p>\t\t\t\t\t\t<img width=\"770\" height=\"556\" src=\"https:\/\/www.europesays.com\/fr\/wp-content\/uploads\/2025\/05\/jeremy-gandon-pga-tour-americas-770x556.jpg\" class=\"img-responsive wp-post-image\" alt=\"Jeremy Gandon Photo by David Berding \/ GETTY IMAGES NORTH AMERICA \/ Getty Images via AFP\" decoding=\"async\" fetchpriority=\"high\"  \/>\t\t\t\t\t<\/p>\n<p>\t\t\t\t\t\t Partager cet article <\/p>\n<p class=\"screen-reader-text juiz_sps_maybe_hidden_text\">Partager la publication \u00ab\u00a0J\u00e9r\u00e9my Gandon et Adrien Dumont de Chassart enregistrent un nouveau top 10\u00a0\u00bb<\/p>\n<p><strong>Auteur d\u2019une belle semaine dans le Missouri, J\u00e9r\u00e9my Gandon a pris la septi\u00e8me place du Price Cutter Charity Championship. Il a \u00e9t\u00e9 devanc\u00e9 d\u2019un coup par le Belge Adrien Dumont de Chassart.<\/strong><\/p>\n<p>\t\t\t\t\t<a id=\"180479\" href=\"https:\/\/www.swing.fr\/voyage\/35-14eme-edition-des-doubles-gosset-by-beachcomber\" target=\"_blank\" rel=\"sponsorised nofollow noopener\"><img decoding=\"async\" src=\"data:image\/svg+xml,%3Csvg%20xmlns=\" http:=\"\" class=\"img-responsive\" alt=\"\" data-lazy-src=\"https:\/\/www.europesays.com\/fr\/wp-content\/uploads\/2025\/07\/beachcomber-e01-doubles-gosset-26-1170x275-1.jpg\"\/><\/a><\/p>\n<p>Cela faisait plus de trois mois et sa victoire au <strong>Club Car Championship<\/strong> que <strong>J\u00e9r\u00e9my Gandon<\/strong> n\u2019avait pas atteint un top 10 sur le <strong>Korn Ferry Tour.<\/strong> Il vient d\u2019y rem\u00e9dier gr\u00e2ce \u00e0 sa septi\u00e8me place enregistr\u00e9e au <strong>Highland Springs Country Club<\/strong>. Le Dr\u00f4mois a sign\u00e9 des cartes de 68 (-4) et 69 (-3) durant le week-end. Ce r\u00e9sultat lui permet de remonter \u00e0 la dixi\u00e8me position de l\u2019ordre du m\u00e9rite.<\/p>\n<p><strong>Adrien Dumont de Chassart<\/strong> a fait encore mieux en jouant un coup de moins. Il s\u2019est class\u00e9 cinqui\u00e8me gr\u00e2ce \u00e0 deux derni\u00e8res cartes de 68 (-4). Le Belge se rapproche grandement du top 20 du g\u00e9n\u00e9ral (23e), synonyme de mont\u00e9e sur le <strong>PGA Tour<\/strong>.<\/p>\n<p>La victoire est revenue \u00e0 <strong>Chandler Blanchet<\/strong>, nettement en t\u00eate apr\u00e8s ses deux 62 (-10) inauguraux. L\u2019Am\u00e9ricain, titr\u00e9 pour la premi\u00e8re fois \u00e0 ce niveau, s\u2019est finalement impos\u00e9 avec trois coups d\u2019avance sur son compatriote <strong>Patrick Welch<\/strong>.<\/p>\n<p>\t\t\t\t\t<a id=\"174669\" href=\"https:\/\/site.arkea-banque-ei.com\/\" target=\"_blank\" rel=\"sponsorised nofollow noopener\"><img decoding=\"async\" src=\"data:image\/svg+xml,%3Csvg%20xmlns=\" http:=\"\" class=\"img-responsive\" alt=\"\" data-lazy-src=\"https:\/\/www.europesays.com\/fr\/wp-content\/uploads\/2025\/06\/arkea-e02-objectif-strategie-v2-1170x275-1.png\"\/><\/a><\/p>\n<blockquote class=\"twitter-tweet\">\n<p dir=\"ltr\" lang=\"en\">Blanchet\u2019s lead continues to grow \ud83d\udcc8<a href=\"https:\/\/twitter.com\/Chan_Blanchet?ref_src=twsrc%5Etfw\" rel=\"nofollow noopener\" target=\"_blank\">@Chan_Blanchet<\/a> extends lead to 5 <a href=\"https:\/\/twitter.com\/PriceCutterCC?ref_src=twsrc%5Etfw\" rel=\"nofollow noopener\" target=\"_blank\">@PriceCutterCC<\/a>. <a href=\"https:\/\/t.co\/LEYtzMnsTA\" rel=\"nofollow\">pic.twitter.com\/LEYtzMnsTA<\/a><\/p>\n<p>\u2014 Korn Ferry Tour (@KornFerryTour) <a href=\"https:\/\/twitter.com\/KornFerryTour\/status\/1946990342382776686?ref_src=twsrc%5Etfw\" rel=\"nofollow noopener\" target=\"_blank\">July 20, 2025<\/a><\/p>\n<\/blockquote>\n<p>Le leaderboard<\/p>\n<p><img loading=\"lazy\" decoding=\"async\" class=\"alignnone size-image-largeur-770 wp-image-180563\" src=\"data:image\/svg+xml,%3Csvg%20xmlns=\" http:=\"\" alt=\"\" width=\"770\" height=\"455\" data-lazy- data-lazy- data-lazy-src=\"https:\/\/www.europesays.com\/fr\/wp-content\/uploads\/2025\/07\/capture-decran-2025-07-20-a-23.44.35-770x455.png\"\/><\/p>\n<p>\t\t\t\t\t<a id=\"178032\" href=\"https:\/\/www.golfy.fr\/landing\/golf-planete-decouvrez-les-golfs-collections-du-reseau-golfy?utm_source=golf_planete&amp;utm_medium=display&amp;utm_campaign=golfs_collection_2025\" target=\"_blank\" rel=\"sponsorised nofollow noopener\"><img decoding=\"async\" src=\"data:image\/svg+xml,%3Csvg%20xmlns=\" http:=\"\" class=\"img-responsive\" alt=\"\" data-lazy-src=\"https:\/\/www.europesays.com\/fr\/wp-content\/uploads\/2025\/06\/golfy-e06-golfs-collection-france-ete-1170x275-1.jpg\"\/><\/a><\/p>\n<p>\u00a9David Berding \/ GETTY IMAGES NORTH AMERICA \/ Getty Images via AFP<\/p>\n<p>\t\t\t<script async src=\"https:\/\/platform.twitter.com\/widgets.js\" charset=\"utf-8\"><\/script><\/p>\n","protected":false},"excerpt":{"rendered":"Partager cet article Partager la publication \u00ab\u00a0J\u00e9r\u00e9my Gandon et Adrien Dumont de Chassart enregistrent un nouveau top 10\u00a0\u00bb&hellip;\n","protected":false},"author":2,"featured_media":106726,"comment_status":"","ping_status":"","sticky":false,"template":"","format":"standard","meta":{"footnotes":""},"categories":[1418],"tags":[1011,27,1472,60],"class_list":{"0":"post-262955","1":"post","2":"type-post","3":"status-publish","4":"format-standard","5":"has-post-thumbnail","7":"category-golf","8":"tag-fr","9":"tag-france","10":"tag-golf","11":"tag-sports"},"share_on_mastodon":{"url":"https:\/\/pubeurope.com\/@fr\/114890370486447141","error":""},"_links":{"self":[{"href":"https:\/\/www.europesays.com\/fr\/wp-json\/wp\/v2\/posts\/262955","targetHints":{"allow":["GET"]}}],"collection":[{"href":"https:\/\/www.europesays.com\/fr\/wp-json\/wp\/v2\/posts"}],"about":[{"href":"https:\/\/www.europesays.com\/fr\/wp-json\/wp\/v2\/types\/post"}],"author":[{"embeddable":true,"href":"https:\/\/www.europesays.com\/fr\/wp-json\/wp\/v2\/users\/2"}],"replies":[{"embeddable":true,"href":"https:\/\/www.europesays.com\/fr\/wp-json\/wp\/v2\/comments?post=262955"}],"version-history":[{"count":0,"href":"https:\/\/www.europesays.com\/fr\/wp-json\/wp\/v2\/posts\/262955\/revisions"}],"wp:featuredmedia":[{"embeddable":true,"href":"https:\/\/www.europesays.com\/fr\/wp-json\/wp\/v2\/media\/106726"}],"wp:attachment":[{"href":"https:\/\/www.europesays.com\/fr\/wp-json\/wp\/v2\/media?parent=262955"}],"wp:term":[{"taxonomy":"category","embeddable":true,"href":"https:\/\/www.europesays.com\/fr\/wp-json\/wp\/v2\/categories?post=262955"},{"taxonomy":"post_tag","embeddable":true,"href":"https:\/\/www.europesays.com\/fr\/wp-json\/wp\/v2\/tags?post=262955"}],"curies":[{"name":"wp","href":"https:\/\/api.w.org\/{rel}","templated":true}]}}