{"id":262956,"date":"2025-07-21T08:51:17","date_gmt":"2025-07-21T08:51:17","guid":{"rendered":"https:\/\/www.europesays.com\/fr\/262956\/"},"modified":"2025-07-21T08:51:17","modified_gmt":"2025-07-21T08:51:17","slug":"portrait-apres-un-accident-thibaud-lefrancois-est-devenu-un-athlete-de-haut-niveau","status":"publish","type":"post","link":"https:\/\/www.europesays.com\/fr\/262956\/","title":{"rendered":"Portrait. Apr\u00e8s un accident, Thibaud Lefran\u00e7ois est devenu un athl\u00e8te de haut niveau"},"content":{"rendered":"<p>            Par<br \/>\n        <strong><br \/>\n            <a href=\"https:\/\/actu.fr\/auteur\/thomas-bernard\" title=\"Consulter tous les articles de Thomas Bernard\" target=\"_blank\" rel=\"noopener\">Thomas Bernard<\/a><br \/>\n        <\/strong><\/p>\n<p>        Publi\u00e9 le<\/p>\n<p>            20 juil. 2025 \u00e0 17h10        <\/p>\n<p>Au c\u0153ur de l\u2019\u00e9t\u00e9, la balle r\u00e9sonne dans le gymnase Jean Vincent,<strong> quartier Beaujoire<\/strong> \u00e0 <strong>Nantes<\/strong>. Sur le terrain, Thibaud Lefran\u00e7ois lance le ballon de volley sur un filet de rebond. Avec le Tour de France en fond sur le t\u00e9l\u00e9phone, l\u2019athl\u00e8te pr\u00e9pare les prochains championnats d\u2019Europe de volley assis, organis\u00e9s en Hongrie du 28\u00a0juillet au 3\u00a0ao\u00fbt. Un nouveau d\u00e9fi sportif pour le Nantais de 32\u00a0ans qui a particip\u00e9 aux <a href=\"https:\/\/actu.fr\/tag\/jeux-paralympiques-paris-2024\" target=\"_blank\" rel=\"noopener\">derniers Jeux Paralympiques \u00e0 Paris<\/a>.<\/p>\n<p class=\" wall-content\">Une \u00e9tape de plus pour celui dont la vie a bascul\u00e9 en 2017 lors d\u2019un accident de travail lui faisant perdre l\u2019usage de sa jambe gauche. R\u00e9cit.<\/p>\n<p>Sportif dans l\u2019\u00e2me<\/p>\n<p class=\" wall-content\">Le volleyeur a grandi dans le Sud Loire, en particulier dans la commune de <a href=\"https:\/\/actu.fr\/pays-de-la-loire\/corcoue-sur-logne_44156\" target=\"_blank\" rel=\"noopener\">Corcou\u00e9-sur-Logne<\/a>, il y d\u00e9couvre le sport\u2009: pour paraphraser une c\u00e9l\u00e8bre BD fran\u00e7aise \u00ab\u2009il est tomb\u00e9 dedans quand il \u00e9tait petit\u2009\u00bb. Thibaud pratique le badminton, le judo, course \u00e0 pied et le kayak-polo.<\/p>\n<p class=\" wall-content\">\u00ab\u2009J\u2019aime les rencontres et le partage dans le sport. En comp\u00e9tition, j\u2019ai toujours \u00e9t\u00e9 anim\u00e9 par la volont\u00e9 de me surpasser\u2009\u00bb, raconte l\u2019athl\u00e8te paralympique. Apr\u00e8s des \u00e9tudes en Staps \u00e0 l\u2019<strong>Universit\u00e9 de Nantes<\/strong>, Thibaud d\u00e9cide de faire de sa passion sa profession en devenant <strong>\u00e9ducateur sportif<\/strong>.<\/p>\n<p class=\" wall-content\">En 2017, Thibaud, accompagn\u00e9 de trois amis, part <strong>\u00e0 v\u00e9lo en direction d\u2019Istanbul<\/strong>. Une aventure sportive et humaine au cours de laquelle, le Nantais parcourt 6\u2009000\u00a0km en deux roues en traversant, la Suisse, l\u2019Italie, la Croatie, la Slov\u00e9nie, la Bosnie, le Mont\u00e9n\u00e9gro, l\u2019Albanie et la Gr\u00e8ce.<\/p>\n<p class=\" wall-content\">\u00ab\u2009On a fait des superbes rencontres. On a dormi chez des gens. Souvent, ils nous ont laiss\u00e9 leur lit et ils dormaient dans leur canap\u00e9. C\u2019est fascinant de voir comment les gens sont accueillants\u2009\u00bb, se rem\u00e9more le joueur des Neptunes. Une exp\u00e9rience enrichissante sur le plan humain.<\/p>\n<p>Accident et r\u00e9\u00e9ducation<\/p>\n<p class=\" wall-content\">\u00ab\u2009Au retour de ce voyage, je veux reprendre mon m\u00e9tier d\u2019\u00e9ducateur sportif mais ce n\u2019\u00e9tait pas \u00e9vident de retrouver un poste en cours d\u2019ann\u00e9e donc je pars faire de l\u2019int\u00e9rim. Au bout de deux semaines, j\u2019ai mon accident de travail\u2009\u00bb, narre Thibaud.<\/p>\n<p class=\" wall-content\">Apr\u00e8s cet accident de <strong>janvier\u00a02018,<\/strong> le Nantais se r\u00e9veille sur son lit d\u2019h\u00f4pital. Les m\u00e9decins ont d\u00fb <a href=\"https:\/\/www.tiktok.com\/@actufrnantes\/video\/7296907227854638368?lang=fr\" target=\"_blank\" rel=\"noopener\">amputer<\/a> sa jambe gauche car son pied \u00e9tait trop ab\u00eem\u00e9. Pendant quatre mois et demi, Thibaud suit un <strong>parcours de r\u00e9\u00e9ducation\u00a0<\/strong>au p\u00f4le de r\u00e9adaptation Maubreuil &amp; Tourmaline de Saint-Herblain.<\/p>\n<p class=\" wall-content\">Au fil des semaines, <strong>Thibaud r\u00e9athl\u00e9tise son corps<\/strong> et apprend \u00e0 marcher avec sa proth\u00e8se apr\u00e8s la cicatrisation. \u00ab\u2009J\u2019\u00e9tais comme un enfant, je red\u00e9couvrais mon corps\u2009\u00bb, confie l\u2019ancien kayakiste.<\/p>\n<blockquote class=\"ac-article-quote wall-content\">\n<p>Je m&rsquo;interrogeais sur les proth\u00e8ses. Si je pouvais continuer \u00e0 danser, courir ou faire du sport. Je pars dans l&rsquo;inconnu, je ne sais pas si je pouvais continuer \u00e0 faire mon travail d&rsquo;\u00e9ducateur sportif. J&rsquo;ai 24 ans \u00e0 ce moment-l\u00e0, je me questionne sur ma vie quotidienne et savoir si je vais pouvoir replaire \u00e0 quelqu&rsquo;un, pouvoir fonder ma famille. Est-ce que ma famille va me regarder diff\u00e9remment ?\u00a0Je n&rsquo;ai pas de r\u00e9ponses \u00e0 ce moment-l\u00e0 et donc il y a de l&rsquo;incertitude. <\/p>\n<p>    <strong>Thibaud Lefran\u00e7ois<\/strong>\n            <\/p><\/blockquote>\n<p class=\" wall-content\">Au cours de cette \u00e9preuve, Thibaud compte sur le soutien de sa famille, pr\u00e9sente au quotidien lors de son hospitalisation.<\/p>\n<p class=\" wall-content\">Gr\u00e2ce \u00e0 ce travail de r\u00e9\u00e9ducation, l\u2019\u00e9ducateur sportif parvient \u00e0 pratiquer les disciplines qu\u2019il faisait avant l\u2019accident, notamment le badminton o\u00f9 il apprivoise \u00ab\u2009sa mobilit\u00e9 avec la proth\u00e8se\u2009\u00bb.<\/p>\n<p class=\" wall-content\">\u00ab\u2009L\u2019esprit positif que j\u2019avais pendant mon voyage m\u2019a aid\u00e9 \u00e0 mieux appr\u00e9hender mon accident. M\u00eame s\u2019il y a eu des moments complexes\u2009\u00bb, livre le volleyeur.<\/p>\n<p>Le volley assis<\/p>\n<p class=\" wall-content\">Apr\u00e8s son amputation, Thibaud pratique le parabadminton et dispute les championnats de France de la discipline. En 2019, il d\u00e9couvre par hasard le volley assis en voyant une annonce pour participer aux <strong>Jeux Paralympiques de Paris 2024<\/strong> du comit\u00e9 paralympique sportif fran\u00e7ais (CPSF).<\/p>\n<p class=\" wall-content\">Le CPSF a mis en place \u00ab\u2009la rel\u00e8ve\u2009\u00bb un programme pour d\u00e9tecter des talents qui peuvent participer aux Jeux Paralympiques de diverses disciplines. \u00c0 l\u2019issue de tests, Thibaud est orient\u00e9 vers le volley assis, discipline qu\u2019il pratique alors \u00e0 <strong>Saint-Aignan-de-Grand-Lieu<\/strong> et \u00e0 Nantes.<\/p>\n<p class=\" wall-content\"><a href=\"https:\/\/www.instagram.com\/p\/DJbVDVvKDhA\/embed\" title=\"Ouvrir le lien sur Instagram\" target=\"_blank\" rel=\"noopener\">Visualiser le contenu sur Instagram<\/a><\/p>\n<p class=\" wall-content\">\u00ab\u2009Au d\u00e9but, je ne suis pas bon techniquement car je ne suis pas volleyeur mais je comprends rapidement la mani\u00e8re dont il faut se d\u00e9placer sur le terrain\u2009\u00bb, d\u00e9crypte le Lig\u00e9rien. Le volleyeur est convoqu\u00e9 d\u00e8s l\u2019\u00e9t\u00e9 2019 en \u00e9quipe de France.<\/p>\n<p class=\" wall-content\">Thibaud progresse individuellement et glane les<strong> succ\u00e8s \u00e0 l\u2019\u00e9chelle collective<\/strong>, en atteste le <strong>doubl\u00e9 championnat Coupe de France<\/strong> avec les Neptunes de Nantes en 2025. En raison de ses performances, le Nantais a pu r\u00e9aliser l\u2019un de ses r\u00eaves\u2009: participer aux Jeux Paralympiques de Paris.<\/p>\n<p>L\u2019aventure paralympique \u00e0 Paris<\/p>\n<p class=\" wall-content\">Il y a un an, la France vivait la fr\u00e9n\u00e9sie et la joie collective des Jeux olympiques et paralympiques de Paris 2024. S\u00e9lectionn\u00e9 avec l\u2019\u00e9quipe de France de volley assis, Thibaud y participe comme athl\u00e8te.<\/p>\n<p class=\" wall-content\">C\u00e9r\u00e9monie d\u2019ouverture, ambiance, comp\u00e9tition sportive, village olympique, le joueur des Neptunes \u00ab\u2009en a pris plein les yeux\u2009\u00bb. \u00ab\u2009Au d\u00e9but je suis impressionn\u00e9 de toutes les diff\u00e9rences de handicap. Pour aller la c\u00e9r\u00e9monie d\u2019ouverture, je me souviens de l\u2019ambiance et de la bonne \u00e9nergie au sein de la d\u00e9l\u00e9gation fran\u00e7aise\u2009\u00bb, sourit Thibaud.<\/p>\n<p class=\" wall-content\">Au lendemain de la c\u00e9r\u00e9monie d\u2019ouverture, la France dispute son premier match dans la comp\u00e9tition face au <strong>Kazakhstan<\/strong>. Un souvenir m\u00e9morable pour le volleyeur.<\/p>\n<blockquote class=\"ac-article-quote wall-content\">\n<p>On a jou\u00e9 devant 5 000 personnes, c&rsquo;\u00e9tait la premi\u00e8re fois pour nous. Il y avait un speaker, les spectateurs criaient notre nom, les lumi\u00e8res\u2026 Tout \u00e9tait dingue.\u00a0C&rsquo;\u00e9tait hors du temps.<\/p>\n<p>    <strong>Thibaud Lefran\u00e7ois<\/strong>\n            <\/p><\/blockquote>\n<p class=\" wall-content\">Sur le plan sportif, l\u2019\u00e9quipe de France termine \u00e0 la 7e place (sur 8). Class\u00e9e au 23e rang mondial lors des Jeux, la France conc\u00e8de trois d\u00e9faites en phase de poule contre les 2e, 3e et 5e mondiaux. mais l\u2019objectif \u00e9tait ailleurs pour les Fran\u00e7ais.<\/p>\n<p class=\" wall-content\"><a href=\"https:\/\/www.instagram.com\/p\/DB_nNh0v7qG\/embed\" title=\"Ouvrir le lien sur Instagram\" target=\"_blank\" rel=\"noopener\">Visualiser le contenu sur Instagram<\/a><\/p>\n<p class=\" wall-content\">\u00ab\u2009On venait pour prendre de l\u2019exp\u00e9rience, qu\u2019on n\u2019\u00e9tait pas l\u00e0 par hasard et nous voulions montrer que nous avions progress\u00e9. On \u00e9tait un peu les \u2018Rasta Rockett\u2019\u00a0du tournoi. Certains joueurs adverses ont particip\u00e9 aux Jeux Paralympiques de Sydney\u2009\u00bb, d\u00e9crit Thibaud.<\/p>\n<p class=\" wall-content\">Devenu \u00ab\u2009accro\u2009\u00bb aux Jeux Paralympiques, le joueur des Neptunes vise d\u00e9j\u00e0 Los Angeles en 2028.<\/p>\n<p>\u00ab\u2009Vivre les choses\u2009\u00bb<\/p>\n<p class=\" wall-content\">Aujourd\u2019hui, Thibaud partage son quotidien d\u2019athl\u00e8te de haut niveau avec son r\u00f4le d\u2019ambassadeur sport sant\u00e9 chez <a href=\"https:\/\/www.lna-sante.com\/\" target=\"_blank\" rel=\"noopener\">LNA Sant\u00e9<\/a>. \u00ab\u2009L\u2019objectif c\u2019est d\u2019impulser une dynamique de sport sant\u00e9 au sein de l\u2019entreprise aupr\u00e8s des patients, des r\u00e9sidents d\u2019Ehpad et des professionnels\u2009\u00bb, explique le sportif. Gr\u00e2ce \u00e0 un <strong>parcours de m\u00e9c\u00e9nat sportif<\/strong>, LNA Sant\u00e9 d\u00e9gage du temps \u00e0 Thibaud afin qu\u2019il puisse s\u2019entra\u00eener et r\u00e9pondre aux exigences de haut niveau.<\/p>\n<p class=\" wall-content\">Apr\u00e8s avoir fait <a href=\"https:\/\/www.instagram.com\/p\/COp02VKJtUH\/?img_index=6\" target=\"_blank\" rel=\"noopener\">le tour du Mont Blanc<\/a> avec des amis en 2022, Thibaud confie se focaliser \u00e0 100 sur le volley assis, notamment les prochains<strong> championnats d\u2019Europe en Hongrie<\/strong> cet \u00e9t\u00e9.<\/p>\n<p class=\" wall-content\">\u00ab\u2009Je n\u2019aurai jamais imagin\u00e9 vivre toutes les choses que j\u2019ai v\u00e9cues. Je suis fier de tout ce que j\u2019ai pu faire. C\u2019est la curiosit\u00e9 qui m\u2019a amen\u00e9 \u00e0 faire tout \u00e7a\u2009\u00bb, r\u00e9trospective Thibaud.<\/p>\n<blockquote class=\"ac-article-quote wall-content\">\n<p>La phrase qui m&rsquo;anime, c&rsquo;est de ne pas rester sur ta premi\u00e8re id\u00e9e et de vraiment vivre les choses.<\/p>\n<p>    <strong>Thibaud Lefran\u00e7ois<\/strong>\n            <\/p><\/blockquote>\n<p class=\" wall-content\">Apr\u00e8s avoir \u00e9chang\u00e9 avec nous pendant une heure, Thibaud se h\u00e2te \u00e0 quitter le gymnase Jean Vincent. Direction le CREPS des Pays de la Loire \u00e0 <strong>la Chapelle-sur-Erdre<\/strong> pour une s\u00e9ance de musculation. Dans son quotidien de sportif de haut niveau, rien ne freine le joueur de l\u2019\u00e9quipe de France bien d\u00e9cid\u00e9\u2009: \u00e0 \u00ab\u2009profiter pleinement de la vie\u2009\u00bb.<\/p>\n<p class=\" wall-content\">Suivez toute l\u2019actualit\u00e9 de vos villes et m\u00e9dias favoris en vous inscrivant \u00e0 <a href=\"https:\/\/moncompte.actu.fr\" title=\"D\u00e9couvez Mon Actu\" rel=\"nofollow noopener\" data-trk=\"{&quot;cta&quot;:{&quot;action&quot;:&quot;https:\\\/\\\/moncompte.actu.fr&quot;,&quot;category&quot;:&quot;mon compte&quot;,&quot;from&quot;:&quot;article footer&quot;,&quot;name&quot;:&quot;Mon actu&quot;,&quot;type&quot;:&quot;cta&quot;}}\" target=\"_blank\">Mon Actu<\/a>.<\/p>\n<p>                    <script async src=\"\/\/www.instagram.com\/embed.js\"><\/script><script async src=\"\/\/www.tiktok.com\/embed.js\"><\/script><\/p>\n","protected":false},"excerpt":{"rendered":"Par Thomas Bernard Publi\u00e9 le 20 juil. 2025 \u00e0 17h10 Au c\u0153ur de l\u2019\u00e9t\u00e9, la balle r\u00e9sonne dans&hellip;\n","protected":false},"author":2,"featured_media":262957,"comment_status":"","ping_status":"","sticky":false,"template":"","format":"standard","meta":{"footnotes":""},"categories":[1417],"tags":[1011,27,1943,40265,9026,60,1470,1469],"class_list":{"0":"post-262956","1":"post","2":"type-post","3":"status-publish","4":"format-standard","5":"has-post-thumbnail","7":"category-volley","8":"tag-fr","9":"tag-france","10":"tag-handicap","11":"tag-jeux-paralympiques-paris-2024","12":"tag-portrait","13":"tag-sports","14":"tag-volley","15":"tag-volleyball"},"share_on_mastodon":{"url":"https:\/\/pubeurope.com\/@fr\/114890374169474066","error":""},"_links":{"self":[{"href":"https:\/\/www.europesays.com\/fr\/wp-json\/wp\/v2\/posts\/262956","targetHints":{"allow":["GET"]}}],"collection":[{"href":"https:\/\/www.europesays.com\/fr\/wp-json\/wp\/v2\/posts"}],"about":[{"href":"https:\/\/www.europesays.com\/fr\/wp-json\/wp\/v2\/types\/post"}],"author":[{"embeddable":true,"href":"https:\/\/www.europesays.com\/fr\/wp-json\/wp\/v2\/users\/2"}],"replies":[{"embeddable":true,"href":"https:\/\/www.europesays.com\/fr\/wp-json\/wp\/v2\/comments?post=262956"}],"version-history":[{"count":0,"href":"https:\/\/www.europesays.com\/fr\/wp-json\/wp\/v2\/posts\/262956\/revisions"}],"wp:featuredmedia":[{"embeddable":true,"href":"https:\/\/www.europesays.com\/fr\/wp-json\/wp\/v2\/media\/262957"}],"wp:attachment":[{"href":"https:\/\/www.europesays.com\/fr\/wp-json\/wp\/v2\/media?parent=262956"}],"wp:term":[{"taxonomy":"category","embeddable":true,"href":"https:\/\/www.europesays.com\/fr\/wp-json\/wp\/v2\/categories?post=262956"},{"taxonomy":"post_tag","embeddable":true,"href":"https:\/\/www.europesays.com\/fr\/wp-json\/wp\/v2\/tags?post=262956"}],"curies":[{"name":"wp","href":"https:\/\/api.w.org\/{rel}","templated":true}]}}