{"id":262958,"date":"2025-07-21T08:52:14","date_gmt":"2025-07-21T08:52:14","guid":{"rendered":"https:\/\/www.europesays.com\/fr\/262958\/"},"modified":"2025-07-21T08:52:14","modified_gmt":"2025-07-21T08:52:14","slug":"les-verites-de-loann-goujon-sur-larret-de-sa-carriere-pro-il-arrivait-un-temps-ou-je-netais-plus-forcement-en-phase-avec-ce-qui-se-fait-aujourdhui-dans-le-rugby","status":"publish","type":"post","link":"https:\/\/www.europesays.com\/fr\/262958\/","title":{"rendered":"Les v\u00e9rit\u00e9s de Loann Goujon sur l&rsquo;arr\u00eat de sa carri\u00e8re pro : \u00ab\u00a0Il arrivait un temps o\u00f9 je n\u2019\u00e9tais plus forc\u00e9ment en phase avec ce qui se fait aujourd\u2019hui dans le rugby\u00a0\u00bb"},"content":{"rendered":"<p>Un an apr\u00e8s avoir tir\u00e9 un trait sur sa carri\u00e8re professionnelle, <strong>Loann Goujon<\/strong>, ancien troisi\u00e8me ligne international (17 s\u00e9lections), fait un retour inattendu\u2026 mais loin des projecteurs du Top 14.<\/p>\n<p>\u00c0 <strong>36 ans<\/strong>, l\u2019ancien joueur de La Rochelle, Lyon et Bordeaux-B\u00e8gles, a d\u00e9cid\u00e9 de rechausser les crampons pour \u00e9voluer en <strong>R\u00e9gionale 2 avec le RC Combronde<\/strong>, le club o\u00f9 tout a commenc\u00e9.<\/p>\n<p><strong>\u00ab Boucler la boucle \u00bb avec Combronde<\/strong><\/p>\n<p>Dans un entretien accord\u00e9 au <a href=\"https:\/\/www.rugbyrama.fr\/2025\/07\/16\/la-belle-histoire-amateur-je-suis-disponible-pour-jouer-du-1-au-15-loann-goujon-se-confie-avant-de-rechausser-les-crampons-a-combronde-club-de-12826347.php\" rel=\"nofollow noopener\" target=\"_blank\">Midi Olympique<\/a>, Goujon confie son \u00e9tat d\u2019esprit :<\/p>\n<p>\u00ab Il s\u2019agit de boucler la boucle dans le club o\u00f9 j\u2019ai commenc\u00e9. Je n\u2019\u00e9tais vraiment pas reparti pour le faire, mais finalement, je me suis laiss\u00e9 un peu convaincre autour d\u2019une bi\u00e8re et puis voil\u00e0 ! Je vais essayer de transmettre deux ou trois choses pour l\u2019\u00e9quipe. [\u2026] Mon but premier est surtout de pouvoir aller courir un peu avec les coll\u00e8gues et profiter. \u00bb<\/p>\n<p><strong>Une aventure n\u00e9e sur un pari<\/strong><\/p>\n<p>L\u2019id\u00e9e de ce retour est n\u00e9e en mai dernier, au d\u00e9tour d\u2019une soir\u00e9e entre amis. \u00ab C\u2019\u00e9tait d\u00e9but mai, au cours d\u2019un festival de musique \u00e0 c\u00f4t\u00e9 de Combronde, avec trois amis d\u2019enfance [\u2026] et on s\u2019est dit, \u00a0\u00bballez, si je fais une autre saison, tu en refais une !\u00a0\u00bb Et on se retrouve donc \u00e0 en refaire une tous les quatre (rires). \u00bb<\/p>\n<p><strong>L\u2019esprit familial avant tout<\/strong><\/p>\n<p>Pour Goujon, revenir dans ce club auvergnat \u00e9tait une \u00e9vidence. \u00ab Combronde reste un club tr\u00e8s familial. [\u2026] \u00c0 chaque fois que j\u2019y retourne, c\u2019est comme si je n\u2019\u00e9tais jamais parti. Aujourd\u2019hui, c\u2019est aussi un juste retour des choses d\u2019y retourner, de reporter ce maillot. \u00bb<\/p>\n<p><strong>Pas de pression\u2026 mais un r\u00f4le de transmission<\/strong><\/p>\n<p>L\u2019ancien international souhaite surtout partager son exp\u00e9rience :<\/p>\n<p>\u00ab Je ne suis pas l\u00e0 pour prendre la place de quelqu\u2019un. Je suis plus au service d\u2019un staff s\u2019il y a besoin d\u2019un coup de main. [\u2026] Sur la partie mentale, ce sera \u00e0 moi aussi de montrer l\u2019exemple. \u00bb<\/p>\n<p><strong>Un retour au jeu, loin du Top 14<\/strong><\/p>\n<p>Habitu\u00e9 aux pelouses de Top 14, Goujon va d\u00e9sormais \u00e9voluer <strong>huit divisions plus bas<\/strong>.<\/p>\n<p>\u00ab Ce n\u2019est pas l\u2019\u00e9cart de niveau qui me chagrine. Cela fait un an que j\u2019ai compl\u00e8tement arr\u00eat\u00e9 et que j\u2019ai ralenti le sport. Encore une fois, ce sont vraiment pour les liens d\u2019amiti\u00e9 que je veux rejouer \u00e0 Combronde. \u00bb<\/p>\n<p><strong>Il pr\u00e9cise \u00eatre pr\u00eat \u00e0 jouer \u00e0 n\u2019importe quel poste. Extrait:<\/strong><\/p>\n<p>\u00ab\u00a0Je suis disponible pour jouer du 1 au 15 ! Cela a toujours \u00e9t\u00e9 mon r\u00eave de taper des longues p\u00e9nalit\u00e9s donc on verra !\u00a0\u00bb<\/p>\n<p><strong>Il s\u2019appr\u00eate \u00e0 en baver lors de la pr\u00e9paration physique. Extrait:<\/strong><\/p>\n<p>\u00ab\u00a0Cette pr\u00e9paration physique devrait gratter un peu, quelles que soient les s\u00e9ances, mais bon il faudra que je montre l\u2019exemple \u00e0 un moment donn\u00e9 et m\u00eame si j\u2019en bave un peu il faudra jouer le jeu ! Il faut y passer de toute fa\u00e7on.\u00a0\u00bb<\/p>\n<p><strong>Sa nouvelle vie apr\u00e8s le rugby pro<\/strong><\/p>\n<p>Depuis septembre 2024, Goujon a entam\u00e9 une <strong>reconversion dans l\u2019\u00e9v\u00e9nementiel<\/strong> avec Clermont Auvergne Events, une antenne de GL Events. \u00ab La transition s\u2019est faite naturellement. [\u2026] J\u2019avais vraiment exprim\u00e9 mon souhait de retourner en Auvergne et il y a eu cette opportunit\u00e9. \u00bb<\/p>\n<p><strong>Des souvenirs forts avec les Bleus<\/strong><\/p>\n<p>Avec 17 s\u00e9lections, l\u2019ancien international garde des souvenirs marquants :<\/p>\n<p>\u00ab Ma plus grande fiert\u00e9 est d\u2019avoir rendu mes parents fiers, tout simplement. [\u2026] Repr\u00e9senter son pays, chanter l\u2019hymne national, devant des dizaines de milliers de personnes, cela n\u2019a pas de prix. \u00bb<\/p>\n<p><strong>Une derni\u00e8re pige pro ? Jamais !<\/strong><\/p>\n<p>Interrog\u00e9 sur un \u00e9ventuel retour au rugby pro, il tranche :<\/p>\n<p>\u00ab Je savais qu\u2019au 30 juin 2024, ma carri\u00e8re \u00e9tait finie, et je n\u2019ai aucun regret. [\u2026] Il arrivait un temps o\u00f9 je n\u2019\u00e9tais plus forc\u00e9ment en phase avec ce qui se fait aujourd\u2019hui dans le rugby. En plus, j\u2019ai eu la chance de jouer ce dernier match contre Toulouse et on leur en a mis quarante donc c\u2019\u00e9tait une petite satisfaction personnelle (rires).<\/p>\n<p>Je pr\u00e9f\u00e9rais arr\u00eater compl\u00e8tement plut\u00f4t que d\u2019essayer d\u2019aller faire un an ou deux ailleurs. Il y a eu des opportunit\u00e9s, mais cela voulait dire\u00a0: d\u00e9m\u00e9nager pour un an, deux ans, tout reconstruire\u00a0etc. Cela ne valait pas le coup.\u00bb<\/p>\n","protected":false},"excerpt":{"rendered":"Un an apr\u00e8s avoir tir\u00e9 un trait sur sa carri\u00e8re professionnelle, Loann Goujon, ancien troisi\u00e8me ligne international (17&hellip;\n","protected":false},"author":2,"featured_media":262959,"comment_status":"","ping_status":"","sticky":false,"template":"","format":"standard","meta":{"footnotes":""},"categories":[1416],"tags":[1011,27,479,1468,60],"class_list":{"0":"post-262958","1":"post","2":"type-post","3":"status-publish","4":"format-standard","5":"has-post-thumbnail","7":"category-rugby","8":"tag-fr","9":"tag-france","10":"tag-rugby","11":"tag-rugby-football","12":"tag-sports"},"share_on_mastodon":{"url":"https:\/\/pubeurope.com\/@fr\/114890378067703712","error":""},"_links":{"self":[{"href":"https:\/\/www.europesays.com\/fr\/wp-json\/wp\/v2\/posts\/262958","targetHints":{"allow":["GET"]}}],"collection":[{"href":"https:\/\/www.europesays.com\/fr\/wp-json\/wp\/v2\/posts"}],"about":[{"href":"https:\/\/www.europesays.com\/fr\/wp-json\/wp\/v2\/types\/post"}],"author":[{"embeddable":true,"href":"https:\/\/www.europesays.com\/fr\/wp-json\/wp\/v2\/users\/2"}],"replies":[{"embeddable":true,"href":"https:\/\/www.europesays.com\/fr\/wp-json\/wp\/v2\/comments?post=262958"}],"version-history":[{"count":0,"href":"https:\/\/www.europesays.com\/fr\/wp-json\/wp\/v2\/posts\/262958\/revisions"}],"wp:featuredmedia":[{"embeddable":true,"href":"https:\/\/www.europesays.com\/fr\/wp-json\/wp\/v2\/media\/262959"}],"wp:attachment":[{"href":"https:\/\/www.europesays.com\/fr\/wp-json\/wp\/v2\/media?parent=262958"}],"wp:term":[{"taxonomy":"category","embeddable":true,"href":"https:\/\/www.europesays.com\/fr\/wp-json\/wp\/v2\/categories?post=262958"},{"taxonomy":"post_tag","embeddable":true,"href":"https:\/\/www.europesays.com\/fr\/wp-json\/wp\/v2\/tags?post=262958"}],"curies":[{"name":"wp","href":"https:\/\/api.w.org\/{rel}","templated":true}]}}