{"id":262962,"date":"2025-07-21T08:55:11","date_gmt":"2025-07-21T08:55:11","guid":{"rendered":"https:\/\/www.europesays.com\/fr\/262962\/"},"modified":"2025-07-21T08:55:11","modified_gmt":"2025-07-21T08:55:11","slug":"zarco-reconnait-un-mauvais-choix-qui-lui-a-peut-etre-coute-le-top-10","status":"publish","type":"post","link":"https:\/\/www.europesays.com\/fr\/262962\/","title":{"rendered":"Zarco reconna\u00eet un \u00ab\u00a0mauvais choix\u00a0\u00bb qui lui a peut-\u00eatre co\u00fbt\u00e9 le top 10"},"content":{"rendered":"<p>Quelques sourcils se sont lev\u00e9s au moment de voir le choix de pneu de <a href=\"https:\/\/fr.motorsport.com\/driver\/johann-zarco\/96107\/\" target=\"_blank\" rel=\"noopener\">Johann Zarco<\/a> pour le GP de R\u00e9publique tch\u00e8que. Alors que tous ses rivaux optaient pour la gomme medium \u00e0 l&rsquo;arri\u00e8re, le Fran\u00e7ais, qui <a href=\"https:\/\/fr.motorsport.com\/motogp\/news\/zarco-trop-limite-esperer-mieux-sprint-brno\/10743452\/\" target=\"_blank\" rel=\"noopener\">avait annonc\u00e9 songer au dur<\/a> a finalement choisi&#8230; un pneu tendre, malgr\u00e9 la forte d\u00e9gradation constat\u00e9e chez ses rivaux d\u00e8s le sprint et une temp\u00e9rature de piste qui avoisinait d\u00e9j\u00e0 les 45\u00b0C.<\/p>\n<p>Le pari n&rsquo;a pas \u00e9t\u00e9 payant. Le potentiel avantage en adh\u00e9rence en d\u00e9but d&rsquo;\u00e9preuve ne s&rsquo;est pas constat\u00e9 puisque le premier tour a vu <a href=\"https:\/\/fr.motorsport.com\/driver\/jorge-martin\/109391\/\" target=\"_blank\" rel=\"noopener\">Jorge Mart\u00edn<\/a> et <a href=\"https:\/\/fr.motorsport.com\/driver\/jack-miller\/96423\/\" target=\"_blank\" rel=\"noopener\">Jack Miller<\/a> le doubler, avant un d\u00e9passement d&rsquo;<a href=\"https:\/\/fr.motorsport.com\/driver\/enea-bastianini\/109398\/\" target=\"_blank\" rel=\"noopener\">Enea Bastianini<\/a> dans les premiers virages. Zarco \u00e9tait 12e et n&rsquo;a gagn\u00e9 des places qu&rsquo;\u00e0 la faveur de l&rsquo;accrochage entre <a href=\"https:\/\/fr.motorsport.com\/driver\/alex-marquez\/96324\/\" target=\"_blank\" rel=\"noopener\">\u00c1lex M\u00e1rquez<\/a> et <a href=\"https:\/\/fr.motorsport.com\/driver\/joan-mir\/289392\/\" target=\"_blank\" rel=\"noopener\">Joan Mir<\/a>.<\/p>\n<p>II s&rsquo;est accroch\u00e9 \u00e0 la dixi\u00e8me place jusqu&rsquo;\u00e0 la mi-course, avant de subir la d\u00e9gradation de sa gomme tendre face \u00e0 des pilotes qui avaient un pneu plus endurant. <a href=\"https:\/\/fr.motorsport.com\/driver\/fermin-aldeguer\/945314\/\" target=\"_blank\" rel=\"noopener\">Ferm\u00edn Aldeguer<\/a>, <a href=\"https:\/\/fr.motorsport.com\/driver\/luca-marini\/201098\/\" target=\"_blank\" rel=\"noopener\">Luca Marini<\/a> et <a href=\"https:\/\/fr.motorsport.com\/driver\/pol-espargaro\/94345\/\" target=\"_blank\" rel=\"noopener\">Pol Espargar\u00f3<\/a> ont coup sur coup pris l&rsquo;avantage sur Zarco. Le pilote LCR a pu contenir <a href=\"https:\/\/fr.motorsport.com\/driver\/ai-ogura\/471489\/\" target=\"_blank\" rel=\"noopener\">Ai Ogura<\/a> en fin d&rsquo;\u00e9preuve pour prendre une modeste 13e place.<\/p>\n<p>\u00ab\u00a0Une course difficile\u00a0\u00bb, a r\u00e9sum\u00e9 Zarco, reconnaissant une erreur dans son choix de pneu\u00a0: \u00ab\u00a0C&rsquo;est dommage de ne pas avoir pu d\u00e9crocher un bon r\u00e9sultat apr\u00e8s un bon samedi, parce que le samedi a \u00e9t\u00e9 assez positif, mais on n&rsquo;a pas pu voulu prendre le pneu medium arri\u00e8re. On croyait que le tendre pourrait marcher.\u00a0\u00bb<\/p>\n<p>   <img decoding=\"async\" draggable=\"false\" src=\"https:\/\/www.europesays.com\/fr\/wp-content\/uploads\/2025\/07\/johann-zarco-team-lcr.jpg\" alt=\"Johann Zarco, Team LCR\" width=\"1200\" height=\"800\" loading=\"lazy\"\/> <\/p>\n<p class=\"title\">Johann Zarco<\/p>\n<p class=\"photographer\">Photo de: Honda Racing<\/p>\n<p>\u00ab\u00a0[Samedi], lors du sprint, il semblait plut\u00f4t bon et l&rsquo;usure n&rsquo;\u00e9tait pas tr\u00e8s forte, mais [dimanche] il faisait tr\u00e8s chaud et m\u00eame mon pneu avant ne fonctionnait pas tr\u00e8s bien. Je n&rsquo;ai pas pu profiter de l&rsquo;avantage de l&rsquo;arri\u00e8re et apr\u00e8s la mi-course, c&rsquo;est devenu vraiment, vraiment difficile. C&rsquo;\u00e9tait un mauvais choix et je n&rsquo;ai pas pu faire de tr\u00e8s bonnes choses. Au moins, j&rsquo;ai pris quelques points, ce qui \u00e9tait le plus important pour conclure la premi\u00e8re moiti\u00e9 de saison, qui a \u00e9t\u00e9 assez positive.\u00a0\u00bb<\/p>\n<p>Entre un sprint d\u00e9licat mais quand m\u00eame termin\u00e9 \u00e0 la huiti\u00e8me place et cette strat\u00e9gie inefficace, Zarco n&rsquo;a pas de quoi pavoiser mais les cinq points au cours du week-end repr\u00e9sentent son plus gros total depuis le podium de Silverstone, puisqu&rsquo;il encha\u00eenait les d\u00e9convenues depuis quelques courses. Sans son mauvais choix de pneu, il aurait peut-\u00eatre pu retrouver un top 10 qui lui \u00e9chappe le dimanche depuis la Grande-Bretagne.<\/p>\n<p>\u00ab\u00a0Les qualifications \u00e9taient assez bonnes [\u00e0 Brno] et le sprint a \u00e9t\u00e9 plut\u00f4t correct. Peut-\u00eatre que j&rsquo;aurais pu rester dans le top 10 avec le pneu medium mais j&rsquo;ai fait un choix diff\u00e9rent, en esp\u00e9rant garder un avantage sur les autres mais \u00e7a n&rsquo;a pas \u00e9t\u00e9 le cas, peut-\u00eatre \u00e0 cause de la chaleur.\u00a0\u00bb<\/p>\n<p>Lire aussi :<\/p>\n<p>Dans cet article<\/p>\n<p>Soyez le premier inform\u00e9 et souscrivez aux alertes mails pour recevoir les infos en temps r\u00e9el<\/p>\n<p>    S&rsquo;abonner aux alertes de news<\/p>\n","protected":false},"excerpt":{"rendered":"Quelques sourcils se sont lev\u00e9s au moment de voir le choix de pneu de Johann Zarco pour le&hellip;\n","protected":false},"author":2,"featured_media":262963,"comment_status":"","ping_status":"","sticky":false,"template":"","format":"standard","meta":{"footnotes":""},"categories":[1413],"tags":[37813,1011,27,37812,1741,1457,1456,1458,60,3771],"class_list":{"0":"post-262962","1":"post","2":"type-post","3":"status-publish","4":"format-standard","5":"has-post-thumbnail","7":"category-moto","8":"tag-brno-circuit","9":"tag-fr","10":"tag-france","11":"tag-gp-de-ru00e9publique-tchu00e8que","12":"tag-johann-zarco","13":"tag-moto","14":"tag-motocycle","15":"tag-motogp","16":"tag-sports","17":"tag-team-lcr"},"share_on_mastodon":{"url":"https:\/\/pubeurope.com\/@fr\/114890389943080731","error":""},"_links":{"self":[{"href":"https:\/\/www.europesays.com\/fr\/wp-json\/wp\/v2\/posts\/262962","targetHints":{"allow":["GET"]}}],"collection":[{"href":"https:\/\/www.europesays.com\/fr\/wp-json\/wp\/v2\/posts"}],"about":[{"href":"https:\/\/www.europesays.com\/fr\/wp-json\/wp\/v2\/types\/post"}],"author":[{"embeddable":true,"href":"https:\/\/www.europesays.com\/fr\/wp-json\/wp\/v2\/users\/2"}],"replies":[{"embeddable":true,"href":"https:\/\/www.europesays.com\/fr\/wp-json\/wp\/v2\/comments?post=262962"}],"version-history":[{"count":0,"href":"https:\/\/www.europesays.com\/fr\/wp-json\/wp\/v2\/posts\/262962\/revisions"}],"wp:featuredmedia":[{"embeddable":true,"href":"https:\/\/www.europesays.com\/fr\/wp-json\/wp\/v2\/media\/262963"}],"wp:attachment":[{"href":"https:\/\/www.europesays.com\/fr\/wp-json\/wp\/v2\/media?parent=262962"}],"wp:term":[{"taxonomy":"category","embeddable":true,"href":"https:\/\/www.europesays.com\/fr\/wp-json\/wp\/v2\/categories?post=262962"},{"taxonomy":"post_tag","embeddable":true,"href":"https:\/\/www.europesays.com\/fr\/wp-json\/wp\/v2\/tags?post=262962"}],"curies":[{"name":"wp","href":"https:\/\/api.w.org\/{rel}","templated":true}]}}