{"id":262970,"date":"2025-07-21T08:59:10","date_gmt":"2025-07-21T08:59:10","guid":{"rendered":"https:\/\/www.europesays.com\/fr\/262970\/"},"modified":"2025-07-21T08:59:10","modified_gmt":"2025-07-21T08:59:10","slug":"katy-perry-a-failli-tomber-sur-les-spectateurs-lors-dun-concert-a-san-francisco","status":"publish","type":"post","link":"https:\/\/www.europesays.com\/fr\/262970\/","title":{"rendered":"Katy Perry a failli tomber sur les spectateurs lors d\u2019un concert \u00e0 San Francisco"},"content":{"rendered":"<p>La chanteuse a fr\u00f4l\u00e9 la catastrophe le 18 juillet. Alors qu\u2019elle interpr\u00e9tait la chanson Roar, la star a \u00e9t\u00e9 dangereusement d\u00e9s\u00e9quilibr\u00e9e lorsque son papillon g\u00e9ant, un accessoire de sc\u00e8ne, a eu une panne d\u2019h\u00e9lice.<\/p>\n<p class=\"fig-paragraph\">L\u2019ann\u00e9e 2025 est mouvement\u00e9e pour\u00a0<a href=\"http:\/\/www.lefigaro.fr\/culture\/apres-katy-perry-ces-artistes-qui-revent-d-aller-dans-l-espace-20250415\" data-fig-type=\"Article\" data-gtm-custom-categorie=\"navigation\" data-gtm-custom-action=\"crossclick\" data-gtm-custom-label=\"Contextuel\" data-gtm-event=\"customEventSPE\" data-fig-domain=\"LEFIGARO\" rel=\"nofollow noopener\" target=\"_blank\">Katy Perry<\/a>. Apr\u00e8s son v<a href=\"http:\/\/www.lefigaro.fr\/flash-actu\/katy-perry-revivez-le-premier-vol-spatial-100-feminin-20250414\" data-fig-type=\"NewsFlash\" data-gtm-custom-categorie=\"navigation\" data-gtm-custom-action=\"crossclick\" data-gtm-custom-label=\"Contextuel\" data-gtm-event=\"customEventSPE\" data-fig-domain=\"LEFIGARO\" rel=\"nofollow noopener\" target=\"_blank\">oyage spatial tr\u00e8s controvers\u00e9 en avril<\/a>\u00a0et sa s\u00e9paration avec l\u2019acteur\u00a0<a href=\"https:\/\/www.lefigaro.fr\/cinema\/2017\/05\/04\/03002-20170504ARTFIG00271-orlando-bloom-aimerait-incarner-le-prochain-james-bond.php\" data-fig-type=\"Article\" data-gtm-custom-categorie=\"navigation\" data-gtm-custom-action=\"crossclick\" data-gtm-custom-label=\"Contextuel\" data-gtm-event=\"customEventSPE\" data-fig-domain=\"LEFIGARO\" rel=\"nofollow noopener\" target=\"_blank\">Orlando Bloom\u00a0<\/a>en juin, la chanteuse californienne a manqu\u00e9 de chuter de plusieurs m\u00e8tres lors de son concert \u00e0 San Francisco le 18 juillet, rapporte\u00a0<a href=\"https:\/\/eu.usatoday.com\/story\/entertainment\/celebrities\/2025\/07\/19\/katy-perry-concert-prop-malfunctions\/85288715007\/\" target=\"_blank\" rel=\"sponsored noopener nofollow\" data-gtm-custom-categorie=\"navigation\" data-gtm-custom-action=\"crossclick\" data-gtm-custom-label=\"Contextuel\" data-gtm-event=\"customEventSPE\">USA Today Entertainment<\/a>. Alors qu\u2019elle interpr\u00e9tait son tube Roar sur un papillon robotique volant au-dessus des spectateurs, l\u2019accessoire m\u00e9tallique s\u2019est subitement affaiss\u00e9 et manqu\u00e9 de renverser l\u2019artiste. Bouscul\u00e9e, la star s\u2019est accroch\u00e9e \u00e0 l\u2019une des ailes du robot et a cess\u00e9 de chanter quelques secondes, avant de reprendre. Selon les informations du m\u00e9dia am\u00e9ricain, l\u2019incident technique est survenu \u00e0 la suite d\u2019une panne d\u2019h\u00e9lice.<\/p>\n<p class=\"fig-paragraph\">Film\u00e9e par les spectateurs, la s\u00e9quence a fait le tour des r\u00e9seaux sociaux. Non sans humour, Katy Perry a surf\u00e9 sur le \u00ab\u00a0buzz\u00a0\u00bb en republiant sur Instagram la vid\u00e9o de son incident\u00a0: \u00ab Good night, San Fran \u00bb a-t-elle comment\u00e9 avec autod\u00e9rision.<\/p>\n<p>                                    <a class=\"fig-a11y-skip a11y-hidden\" href=\"#fig-a11y-skip-main-inarticle\"><br \/>\n        Passer la publicit\u00e9<br \/>\n    <\/a><\/p>\n<p>Coinc\u00e9e dans une cage en juin<\/p>\n<p class=\"fig-paragraph\">Ce n\u2019est pas la premi\u00e8re fois qu\u2019un incident technique survint lors de la tourn\u00e9e Lifetimes Tour de Katy Perry. Alors qu\u2019elle interpr\u00e9tait le morceau Woman\u2019s World en Australie, en juin 2025, la star am\u00e9ricaine<a href=\"http:\/\/www.lefigaro.fr\/musique\/apres-beyonce-katy-perry-connait-un-incident-technique-sur-scene-20250702\" data-fig-type=\"Article\" data-gtm-custom-categorie=\"navigation\" data-gtm-custom-action=\"crossclick\" data-gtm-custom-label=\"Contextuel\" data-gtm-event=\"customEventSPE\" data-fig-domain=\"LEFIGARO\" rel=\"nofollow noopener\" target=\"_blank\">\u00a0est rest\u00e9e coinc\u00e9e durant plusieurs minutes dans une cage m\u00e9tallique<\/a>, avant d\u2019\u00eatre secouru par des membres de son \u00e9quipe. Ces al\u00e9as du direct rappellent ceux qu\u2019a subis Beyonc\u00e9 le m\u00eame mois, \u00e0 Houston. \u00c0 bord d\u2019une Cadillac rouge \u00e9carlate, la chanteuse de R\u2019n\u2019B\u00a0<a href=\"http:\/\/www.lefigaro.fr\/culture\/stop-stop-stop-la-cadillac-de-beyonce-bascule-dans-le-vide-elle-interrompt-son-concert-20250629\" data-fig-type=\"NewsFlash\" data-gtm-custom-categorie=\"navigation\" data-gtm-custom-action=\"crossclick\" data-gtm-custom-label=\"Contextuel\" data-gtm-event=\"customEventSPE\" data-fig-domain=\"LEFIGARO\" rel=\"nofollow noopener\" target=\"_blank\">a failli plonger dans la foule lorsqu\u2019un c\u00e2ble a c\u00e9d\u00e9<\/a>. Depuis, la star a modifi\u00e9 le show de son spectacle Cowboy Carter Tour et a remplac\u00e9 la voiture par un cheval robotique.<\/p>\n<p class=\"fig-paragraph\">Pour l\u2019instant, on ne sait pas si Katy Perry va modifier son concert. La chanteuse ach\u00e8vera sa tourn\u00e9e Lifetimes Tour le 7 d\u00e9cembre \u00e0 Abu Dhabi.<\/p>\n","protected":false},"excerpt":{"rendered":"La chanteuse a fr\u00f4l\u00e9 la catastrophe le 18 juillet. Alors qu\u2019elle interpr\u00e9tait la chanson Roar, la star a&hellip;\n","protected":false},"author":2,"featured_media":262971,"comment_status":"","ping_status":"","sticky":false,"template":"","format":"standard","meta":{"footnotes":""},"categories":[1359],"tags":[1697,58,59,1011,27,8553,973],"class_list":{"0":"post-262970","1":"post","2":"type-post","3":"status-publish","4":"format-standard","5":"has-post-thumbnail","7":"category-people","8":"tag-concert","9":"tag-divertissement","10":"tag-entertainment","11":"tag-fr","12":"tag-france","13":"tag-katy-perry","14":"tag-people"},"share_on_mastodon":{"url":"https:\/\/pubeurope.com\/@fr\/114890405626557567","error":""},"_links":{"self":[{"href":"https:\/\/www.europesays.com\/fr\/wp-json\/wp\/v2\/posts\/262970","targetHints":{"allow":["GET"]}}],"collection":[{"href":"https:\/\/www.europesays.com\/fr\/wp-json\/wp\/v2\/posts"}],"about":[{"href":"https:\/\/www.europesays.com\/fr\/wp-json\/wp\/v2\/types\/post"}],"author":[{"embeddable":true,"href":"https:\/\/www.europesays.com\/fr\/wp-json\/wp\/v2\/users\/2"}],"replies":[{"embeddable":true,"href":"https:\/\/www.europesays.com\/fr\/wp-json\/wp\/v2\/comments?post=262970"}],"version-history":[{"count":0,"href":"https:\/\/www.europesays.com\/fr\/wp-json\/wp\/v2\/posts\/262970\/revisions"}],"wp:featuredmedia":[{"embeddable":true,"href":"https:\/\/www.europesays.com\/fr\/wp-json\/wp\/v2\/media\/262971"}],"wp:attachment":[{"href":"https:\/\/www.europesays.com\/fr\/wp-json\/wp\/v2\/media?parent=262970"}],"wp:term":[{"taxonomy":"category","embeddable":true,"href":"https:\/\/www.europesays.com\/fr\/wp-json\/wp\/v2\/categories?post=262970"},{"taxonomy":"post_tag","embeddable":true,"href":"https:\/\/www.europesays.com\/fr\/wp-json\/wp\/v2\/tags?post=262970"}],"curies":[{"name":"wp","href":"https:\/\/api.w.org\/{rel}","templated":true}]}}