{"id":262972,"date":"2025-07-21T09:00:13","date_gmt":"2025-07-21T09:00:13","guid":{"rendered":"https:\/\/www.europesays.com\/fr\/262972\/"},"modified":"2025-07-21T09:00:13","modified_gmt":"2025-07-21T09:00:13","slug":"plus-de-350-oeuvres-dalbert-maignan-exposees-au-musee-de-picardie","status":"publish","type":"post","link":"https:\/\/www.europesays.com\/fr\/262972\/","title":{"rendered":"plus de 350 \u0153uvres d&rsquo;Albert Maignan expos\u00e9es au mus\u00e9e de Picardie"},"content":{"rendered":"<p class=\"article__intro\">Jusqu\u2019au 4 janvier 2026, une r\u00e9trospective est consacr\u00e9e \u00e0 Albert Maignan au mus\u00e9e de Picardie \u00e0 Amiens. L&rsquo;occasion d&rsquo;y d\u00e9couvrir plus de 350 \u0153uvres de l&rsquo;artiste, peintre prolifique de la Belle \u00c9poque. Certaines ont \u00e9t\u00e9 restaur\u00e9es pour l&rsquo;occasion.<\/p>\n<p>\n      L\u2019actu des r\u00e9gions\n    <\/p>\n<p>\n      Chaque jour, un tour d\u2019horizon des principales infos de toutes les r\u00e9gions.\n    <\/p>\n<p>    France T\u00e9l\u00e9visions utilise votre adresse e-mail afin de vous envoyer la newsletter \u00ab\u00a0L\u2019actu des r\u00e9gions\u00a0\u00bb. Vous pouvez vous d\u00e9sinscrire \u00e0 tout moment via le lien en bas de cette newsletter. <a target=\"_blank\" href=\"https:\/\/www.francetelevisions.fr\/groupe\/confidentialite\/politique-de-confidentialite\/politique-de-confidentialite-de-france-televisions-6503\" rel=\"nofollow noopener\">Notre politique de confidentialit\u00e9<\/a><\/p>\n<p>Les Voies du tocsin, c&rsquo;est avec cette \u0153uvre qu&rsquo;est n\u00e9 le lien entre Albert Maignan et le mus\u00e9e de Picardie. \u00ab\u00a0Ce tableau a \u00e9t\u00e9 pr\u00e9sent\u00e9 \u00e0 l&rsquo;exposition universelle de 1889, celle \u00e0 l&rsquo;occasion de laquelle la tour Eiffel a \u00e9t\u00e9 construite. Et le tableau a \u00e9t\u00e9 achet\u00e9 par le gouvernement. C&rsquo;est ce que souhaitait Maignan, d&rsquo;ailleurs\u00a0\u00bb, explique Pierre St\u00e9panoff, directeur du mus\u00e9e de Picardie, \u00e0 des visiteurs. Gouvernement qui d\u00e9cidera de l&rsquo;exposer au mus\u00e9e de Picardie, flambant neuf.<\/p>\n<p><a data-article-figure=\"\" href=\"https:\/\/france3-regions.franceinfo.fr\/image\/y6VX-dRKKFMQFwzleSZ-GlNgtF0\/1920x1080\/regions\/2025\/07\/17\/s-expo-albert-maignan-un-virtuose-la-belle-poque-au-mus-e-de-picardie-00-00-02-16-68790c05a7c1a205242122.jpg\" data-pswp-width=\"1920\" data-pswp-height=\"1080\" target=\"_blank\" rel=\"nofollow noopener\"><\/p>\n<p>          <img width=\"600\" height=\"400\" class=\"article-image lazy\" data-src=\"https:\/\/www.europesays.com\/fr\/wp-content\/uploads\/2025\/07\/s-expo-albert-maignan-un-virtuose-la-belle-poque-au-mus-e-de-picardie-00-00-02-16-68790c05a7c1a20524.webp\" alt=\"Le tableau Les Voix du toscin, d'Albert Maignan (1888) expos\u00e9 au Mus\u00e9e de Picardie \u00e0 Amiens.\" fetchpriority=\"high\" as=\"image\"\/><\/p>\n<p>\n            Le tableau Les Voix du toscin, d&rsquo;Albert Maignan (1888) expos\u00e9 au Mus\u00e9e de Picardie \u00e0 Amiens.<br \/>\n                           \u2022<br \/>\n                                      \u00a9 Guillaume Destombes \/ FTV\n                      <\/p>\n<p><\/a><\/p>\n<p>Albert Maignan est consid\u00e9r\u00e9 comme l&rsquo;un des peintres les plus fameux de la Belle \u00c9poque. Touche-\u00e0-tout, il s&rsquo;illustre autant dans la peinture que dans la photographie, les dessins ou encore les motifs pour vitraux. \u00c0 sa mort, il l\u00e8gue son fonds d&rsquo;atelier et sa collection au mus\u00e9e de Picardie, qui en d\u00e9voile aujourd&rsquo;hui une partie.<\/p>\n<\/p>\n<p>\u00ab\u00a0Il y a encore des centaines de dessins et de peintures dans les r\u00e9serves. Mais du moins, ce qu&rsquo;on peut dire, c&rsquo;est qu&rsquo;on en propose une vision exhaustive. C&rsquo;est-\u00e0-dire que tous les aspects de sa carri\u00e8re sont trait\u00e9s dans cette exposition. Donc il a fallu faire un choix qui n&rsquo;est pas toujours facile. Derri\u00e8re, on a fait des restaurations. Donc les \u0153uvres qu&rsquo;on voit ici n&rsquo;\u00e9taient pas pr\u00e9sentables en l&rsquo;\u00e9tat, elles ont \u00e9t\u00e9 restaur\u00e9es\u00a0\u00bb, indique Pierre St\u00e9panoff.<\/p>\n<p><a data-article-figure=\"\" href=\"https:\/\/france3-regions.franceinfo.fr\/image\/9XyRw2hj_VjfQQZxd8YVMO9M-uM\/1920x1080\/regions\/2025\/07\/17\/s-expo-albert-maignan-un-virtuose-la-belle-poque-au-mus-e-de-picardie-00-00-38-09-68790d0444c2d535112309.jpg\" data-pswp-width=\"1920\" data-pswp-height=\"1080\" target=\"_blank\" rel=\"nofollow noopener\"><\/p>\n<p>          <img width=\"600\" height=\"400\" class=\"article-image lazy\" data-src=\"https:\/\/www.europesays.com\/fr\/wp-content\/uploads\/2025\/07\/s-expo-albert-maignan-un-virtuose-la-belle-poque-au-mus-e-de-picardie-00-00-38-09-68790d0444c2d53511.webp\" alt=\"L'une des photographies d'Albert Maignan expos\u00e9e au Mus\u00e9e de Picardie.\" fetchpriority=\"high\" as=\"image\"\/><\/p>\n<p>\n            L&rsquo;une des photographies d&rsquo;Albert Maignan expos\u00e9e au Mus\u00e9e de Picardie.<br \/>\n                           \u2022<br \/>\n                                      \u00a9 FTV\n                      <\/p>\n<p><\/a><\/p>\n<p>Plus de 350 \u0153uvres sont pr\u00e9sent\u00e9es au public, issues principalement du fonds du mus\u00e9e ami\u00e9nois, mais aussi de pr\u00eats venus de toute la France. \u00ab\u00a0Je d\u00e9couvre des tableaux qui sont pr\u00eat\u00e9s, comme ce tableau religieux qui vient de l&rsquo;\u00e9glise Notre-Dame des Champs. Et puis je retrouve les tableaux du mus\u00e9e, mais vus autrement, restaur\u00e9s, am\u00e9lior\u00e9s, et puis avec un \u00e9clairage adapt\u00e9\u00a0\u00bb, appr\u00e9cie Vincent Foucart pr\u00e9sident des Amis des mus\u00e9es d&rsquo;Amiens.<\/p>\n<p><a data-article-figure=\"\" href=\"https:\/\/france3-regions.franceinfo.fr\/image\/eClwe-KjeFDI-dL_RvEAvHzY7nY\/1920x1080\/regions\/2025\/07\/17\/s-expo-albert-maignan-un-virtuose-la-belle-poque-au-mus-e-de-picardie-00-01-12-15-68790ddedb0e2500991471.jpg\" data-pswp-width=\"1920\" data-pswp-height=\"1080\" target=\"_blank\" rel=\"nofollow noopener\"><\/p>\n<p>          <img width=\"600\" height=\"400\" class=\"article-image lazy\" data-src=\"https:\/\/www.europesays.com\/fr\/wp-content\/uploads\/2025\/07\/s-expo-albert-maignan-un-virtuose-la-belle-poque-au-mus-e-de-picardie-00-01-12-15-68790ddedb0e250099.webp\" alt=\"L'un des nombreux tableaux d'Albert Maignan pr\u00e9sent\u00e9s lors de cette exposition au Mus\u00e9e de Picardie.\" fetchpriority=\"high\" as=\"image\"\/><\/p>\n<p>\n            L&rsquo;un des nombreux tableaux d&rsquo;Albert Maignan pr\u00e9sent\u00e9s lors de cette exposition au Mus\u00e9e de Picardie.<br \/>\n                           \u2022<br \/>\n                                      \u00a9 FTV\n                      <\/p>\n<p><\/a><\/p>\n<p>\u00ab\u00a0Moi, je trouve \u00e7a absolument formidable, surtout de voir l&rsquo;\u00e9volution d&rsquo;un peintre, comment il a commenc\u00e9 jeune, comment sa peinture a \u00e9volu\u00e9. Et au fil de chaque salle, on voit l&rsquo;\u00e9volution du peintre\u00a0\u00bb, observe une visiteuse. \u00ab\u00a0Je ne m&rsquo;attendais pas \u00e0 voir autant d&rsquo;\u0153uvres. Oui, je ne savais pas qu&rsquo;il avait produit autant de tableaux. On n&rsquo;a pas tout vu encore\u00a0\u00bb, rench\u00e9rit une autre.<\/p>\n<p>L&rsquo;exposition est \u00e0 d\u00e9couvrir jusqu&rsquo;au 4 janvier 2026. Elle prendra ensuite la direction de Tess\u00e9, au Mans, sur les terres natales d&rsquo;Albert Maignan.<\/p>\n<p>\u00c9dit\u00e9 par Eline Erzilbengoa \/\u00a0FTV<\/p>\n","protected":false},"excerpt":{"rendered":"Jusqu\u2019au 4 janvier 2026, une r\u00e9trospective est consacr\u00e9e \u00e0 Albert Maignan au mus\u00e9e de Picardie \u00e0 Amiens. L&rsquo;occasion&hellip;\n","protected":false},"author":2,"featured_media":262973,"comment_status":"","ping_status":"","sticky":false,"template":"","format":"standard","meta":{"footnotes":""},"categories":[1358],"tags":[1348,1384,1385,1386,58,59,1011,27],"class_list":{"0":"post-262972","1":"post","2":"type-post","3":"status-publish","4":"format-standard","5":"has-post-thumbnail","7":"category-arts-et-design","8":"tag-arts","9":"tag-arts-and-design","10":"tag-arts-et-design","11":"tag-design","12":"tag-divertissement","13":"tag-entertainment","14":"tag-fr","15":"tag-france"},"share_on_mastodon":{"url":"https:\/\/pubeurope.com\/@fr\/114890409653228927","error":""},"_links":{"self":[{"href":"https:\/\/www.europesays.com\/fr\/wp-json\/wp\/v2\/posts\/262972","targetHints":{"allow":["GET"]}}],"collection":[{"href":"https:\/\/www.europesays.com\/fr\/wp-json\/wp\/v2\/posts"}],"about":[{"href":"https:\/\/www.europesays.com\/fr\/wp-json\/wp\/v2\/types\/post"}],"author":[{"embeddable":true,"href":"https:\/\/www.europesays.com\/fr\/wp-json\/wp\/v2\/users\/2"}],"replies":[{"embeddable":true,"href":"https:\/\/www.europesays.com\/fr\/wp-json\/wp\/v2\/comments?post=262972"}],"version-history":[{"count":0,"href":"https:\/\/www.europesays.com\/fr\/wp-json\/wp\/v2\/posts\/262972\/revisions"}],"wp:featuredmedia":[{"embeddable":true,"href":"https:\/\/www.europesays.com\/fr\/wp-json\/wp\/v2\/media\/262973"}],"wp:attachment":[{"href":"https:\/\/www.europesays.com\/fr\/wp-json\/wp\/v2\/media?parent=262972"}],"wp:term":[{"taxonomy":"category","embeddable":true,"href":"https:\/\/www.europesays.com\/fr\/wp-json\/wp\/v2\/categories?post=262972"},{"taxonomy":"post_tag","embeddable":true,"href":"https:\/\/www.europesays.com\/fr\/wp-json\/wp\/v2\/tags?post=262972"}],"curies":[{"name":"wp","href":"https:\/\/api.w.org\/{rel}","templated":true}]}}