{"id":262974,"date":"2025-07-21T09:01:23","date_gmt":"2025-07-21T09:01:23","guid":{"rendered":"https:\/\/www.europesays.com\/fr\/262974\/"},"modified":"2025-07-21T09:01:23","modified_gmt":"2025-07-21T09:01:23","slug":"litterature-les-6-livres-coups-de-coeur-de-lecrivaine-cecile-pivot-pour-la-semaine-du-21-juillet-2025","status":"publish","type":"post","link":"https:\/\/www.europesays.com\/fr\/262974\/","title":{"rendered":"Litt\u00e9rature : les 6 livres coups de c\u0153ur de l&rsquo;\u00e9crivaine C\u00e9cile Pivot pour la semaine du 21 juillet 2025"},"content":{"rendered":"<p>            <strong>Des nouvelles de l\u2019absurde, <\/strong>Correction automatique<\/p>\n<p>Pourquoi les nouvelles rencontrent-elles si peu de succ\u00e8s en France ? C\u2019est une question que nous sommes en droit de nous poser quand nous lisons <strong>l\u2019excellent recueil de nouvelles et microfictions<\/strong> (son septi\u00e8me) de l\u2019\u00e9crivain isra\u00e9lien Etgar Keret, n\u00e9 en 1967, traduit dans une quarantaine de pays, excellant dans<strong> l\u2019\u00e9criture d\u2019histoires br\u00e8ves, singuli\u00e8res et percutantes<\/strong>. Elles sont ici au nombre de 33, ont trait \u00e0 des mondes parall\u00e8les, \u00e0 l\u2019intelligence artificielle, aux<a href=\"https:\/\/www.femmeactuelle.fr\/actu\/dossiers-d-actualite\/metavers-en-quoi-consiste-ce-monde-virtuel-et-que-faut-il-en-attendre-2144020\" rel=\"nofollow noopener\" target=\"_blank\"> m\u00e9tavers<\/a>, aux cr\u00e9atures informatiques, aux r\u00e9seaux sociaux, \u00e0 la r\u00e9surrection, aux <a href=\"https:\/\/www.femmeactuelle.fr\/actu\/news-actu\/le-mysterieux-signal-radio-wow-venu-de-l-espace-sait-on-enfin-s-il-provenait-ou-non-des-extraterrestres-2186462\" rel=\"nofollow noopener\" target=\"_blank\">extraterrestres<\/a>, au service militaire, \u00e0 la guerre et \u00e0 Dieu \u2013 l\u2019\u00e9crivain se pr\u00e9sente comme juif agnostique. En r\u00e9alit\u00e9, les histoires d\u2019Etgar Keret, qui se d\u00e9roulent pour la plupart quelques dizaines d\u2019ann\u00e9es dans le futur, parlent du couple, de l\u2019amiti\u00e9, de la fraternit\u00e9, d\u2019espoir et son contraire. Pr\u00e9cisons que les accidents de voiture ne sont pas rares chez lui. Il fait sombre chez Keret mais face au chaos de la vie et \u00e0 l\u2019absurdit\u00e9 de la mort, il semble nous dire \u00ab\u00a0rions tant qu\u2019il en est encore temps\u00a0\u00bb avec tous ces cingl\u00e9s, ces familles d\u00e9jant\u00e9es et ces couples n\u00e9vros\u00e9s qui ne ma\u00eetrisent pas grand-chose. Keret a raison : le futur n\u2019est plus ce qu\u2019il \u00e9tait. Pour mieux comprendre la tendance de Keret (par ailleurs sc\u00e9nariste de bandes dessin\u00e9es et r\u00e9alisateur) \u00e0 placer ses personnages dans <strong>des situations compl\u00e8tement folles<\/strong> o\u00f9 elles se trouvent d\u00e9munies, \u00e0 marier l\u2019humour au d\u00e9sespoir, notons qu\u2019il a \u00e9crit ce livre durant le Covid et qu\u2019il vit en Isra\u00ebl, deux faits non n\u00e9gligeables. Deux de ses nouvelles seulement (Intention et Gondole) ont \u00e9t\u00e9 \u00e9crites apr\u00e8s le 7 octobre. En attendant les extraterrestres, lisons cet \u00e9crivain, c\u2019est ce que nous avons probablement de mieux \u00e0 faire.<\/p>\n<p><img decoding=\"async\"  src=\"https:\/\/www.femmeactuelle.fr\/imgre\/fit\/~1~fac~2025~07~21~28e90530-abfd-4cd0-8e04-c85f96b89923.jpeg\/425x625\/quality\/63\/crop-from\/center\/image.avif\" alt=\"\"  class=\"apply-ratio\" loading=\"lazy\" data-ratio=\"0.68\"\/><\/p>\n<p>\u00a9 Correction automatique, d\u2019Etgar Keret, \u00e9d. de l\u2019Olivier, 206 p., 22, 50\u20ac<\/p>\n<p><strong>Ensemble, c\u2019est tout, <\/strong>Toi <\/p>\n<p>Il y a ceux qui comprendront ce que confie H\u00e9l\u00e8ne Gestern \u00e0 propos de son chat. Qui se reconna\u00eetront dans l\u2019amour qu\u2019elle voue \u00e0 sa douce et intelligente Mimi, la complicit\u00e9 qui les lie, les souvenirs qui embrasent le c\u0153ur mais font craindre le pire quand l\u2019animal ador\u00e9 ne sera plus. Qui souriront lorsqu\u2019elle confie que chacune a illumin\u00e9 la vie de l\u2019autre. Et puis il y a les autres. Qui jugeront que tout cela est excessif, ce n\u2019est qu\u2019un chat, il y a des limites tout de m\u00eame. Ce sont deux mondes incompatibles, H\u00e9l\u00e8ne Gestern en a conscience et fait fi de ces derniers, bien souvent donneurs de le\u00e7ons. Dommage, car ils ne savoureront pas \u00e0 leur juste valeur les propos magnifiques de la romanci\u00e8re de 555 et de C\u00e9zembre qui raconte <strong>\u00ab\u00a0dix ans d\u2019amour fou\u00a0\u00bb pour son chat<\/strong>, mais pas seulement. Il est aussi question d\u2019abn\u00e9gation, de sacrifice, de rapports d\u00e9t\u00e9rior\u00e9s, de culpabilit\u00e9 quand Mimi tombe gravement malade.<\/p>\n<p><img decoding=\"async\"  src=\"https:\/\/www.femmeactuelle.fr\/imgre\/fit\/~1~fac~2025~07~21~05d1838f-b10b-42e3-8eac-27d153b59b45.jpeg\/425x708\/quality\/63\/crop-from\/center\/image.avif\" alt=\"\"  class=\"apply-ratio\" loading=\"lazy\" data-ratio=\"0.6\"\/><\/p>\n<p>\u00a9 Toi, d\u2019H\u00e9l\u00e8ne Gestern, \u00e9d. Seuil, col. Le Bar de la sir\u00e8ne, 94 p., 14\u20ac<\/p>\n<p><strong>Une maison remarquable, <\/strong>La Villa <\/p>\n<p><strong>La villa dont h\u00e9rite Brigitte Benkemoun<\/strong> \u00e0 la mort de ses parents, tout pr\u00e8s d\u2019Arles, n\u2019est pas n\u2019importe quelle villa. Construite par l\u2019architecte \u00c9mile Sala dans les ann\u00e9es 70 \u00e0 l\u2019initiative de ses parents, elle est exceptionnelle de par ses volumes grandioses en b\u00e9ton incurv\u00e9, ses formes organiques et son modernisme. Le prestige de l\u2019endroit est une premi\u00e8re charge, non n\u00e9gligeable. La seconde est davantage un questionnement : pourquoi Pierre et Simone, ses parents, de modestes juifs d\u2019Alg\u00e9rie, originaires de Sidi Bel Abb\u00e8s, \u00ab\u00a0deux jeunes quadras typiques des ann\u00e9es Pompidou\u00a0\u00bb, choisissent-ils ce projet hors-norme et os\u00e9 ? Brigitte Benkenoun remonte peu \u00e0 peu le fil, avec interrogations, d\u00e9ceptions et enthousiasmes \u00e0 la cl\u00e9. En dressant <strong>le portrait r\u00e9ussi, tendre et sans concessions d\u2019une famille<\/strong>, la sienne, et surtout d\u2019un homme, son p\u00e8re, un optimiste d\u2019une grande g\u00e9n\u00e9rosit\u00e9, elle inscrit sa famille dans une \u00e9poque, dans une intimit\u00e9, et le myst\u00e8re perd de son \u00e9paisseur. Il est alors possible pour elle d\u2019envisager l\u2019avenir de la<strong> Villa Benkemoun<\/strong>, avec davantage de s\u00e9r\u00e9nit\u00e9.<\/p>\n<p><img decoding=\"async\"  src=\"https:\/\/www.femmeactuelle.fr\/imgre\/fit\/~1~fac~2025~07~21~7ebafec5-85e2-4b20-9dab-dbc1e84304b1.jpeg\/425x675\/quality\/63\/crop-from\/center\/image.avif\" alt=\"\"  class=\"apply-ratio\" loading=\"lazy\" data-ratio=\"0.63\"\/><\/p>\n<p>\u00a9 La Villa, de Brigitte Benkemoun, \u00e9d. Stock, 204 p., 19, 50\u20ac<\/p>\n<p><strong>Zzzzzz, <\/strong>Petite philosophie de la sieste<\/p>\n<p>Quoi de mieux durant les vacances que de se plonger dans un ouvrage consacr\u00e9 <a href=\"https:\/\/www.femmeactuelle.fr\/sante\/sante-pratique\/sieste-mini-flash-ou-longue-quels-sont-les-bienfaits-pour-le-cerveau-selon-la-duree-de-sommeil-2163242\" rel=\"nofollow noopener\" target=\"_blank\">aux bienfaits de la sieste<\/a>, \u00e9crit par un homme dot\u00e9 d\u2019une solide culture et, cela va de soi, grand amateur de sieste, cet \u00ab\u00a0entre-deux subtil arrach\u00e9 \u00e0 l\u2019horloge\u00a0\u00bb ? Cette invitation au pays des songes passe par bien des chemins : la peinture, le cin\u00e9ma, la mythologie, la po\u00e9sie, la m\u00e9decine, le r\u00eave, l\u2019histoire, l\u2019\u00e9tymologie\u2026 <strong>La sieste a de nombreuses vertus<\/strong> mais h\u00e9las, mauvaise presse dans nos soci\u00e9t\u00e9s, et cela ne date pas d\u2019hier. Pourtant, elle r\u00e9pare nos nuits, mais aussi notre \u00e2me, notre corps, et r\u00e9veille notre inspiration.<\/p>\n<p><img decoding=\"async\"  src=\"https:\/\/www.femmeactuelle.fr\/imgre\/fit\/~1~fac~2025~07~21~a83a23e9-ea15-49cb-9f1f-b86ed1c6df20.jpeg\/425x607\/quality\/63\/crop-from\/center\/image.avif\" alt=\"\"  class=\"apply-ratio\" loading=\"lazy\" data-ratio=\"0.7\"\/><\/p>\n<p>\u00a9 Petite philosophie de la sieste, de S\u00e9bastien Spitzer, \u00e9d. de la Martini\u00e8re, 144 p., 14,90 \u20ac<\/p>\n","protected":false},"excerpt":{"rendered":"Des nouvelles de l\u2019absurde, Correction automatique Pourquoi les nouvelles rencontrent-elles si peu de succ\u00e8s en France ? C\u2019est&hellip;\n","protected":false},"author":2,"featured_media":262975,"comment_status":"","ping_status":"","sticky":false,"template":"","format":"standard","meta":{"footnotes":""},"categories":[1357],"tags":[1379,58,59,1011,27,1380],"class_list":{"0":"post-262974","1":"post","2":"type-post","3":"status-publish","4":"format-standard","5":"has-post-thumbnail","7":"category-livres","8":"tag-books","9":"tag-divertissement","10":"tag-entertainment","11":"tag-fr","12":"tag-france","13":"tag-livres"},"share_on_mastodon":{"url":"https:\/\/pubeurope.com\/@fr\/114890413726397197","error":""},"_links":{"self":[{"href":"https:\/\/www.europesays.com\/fr\/wp-json\/wp\/v2\/posts\/262974","targetHints":{"allow":["GET"]}}],"collection":[{"href":"https:\/\/www.europesays.com\/fr\/wp-json\/wp\/v2\/posts"}],"about":[{"href":"https:\/\/www.europesays.com\/fr\/wp-json\/wp\/v2\/types\/post"}],"author":[{"embeddable":true,"href":"https:\/\/www.europesays.com\/fr\/wp-json\/wp\/v2\/users\/2"}],"replies":[{"embeddable":true,"href":"https:\/\/www.europesays.com\/fr\/wp-json\/wp\/v2\/comments?post=262974"}],"version-history":[{"count":0,"href":"https:\/\/www.europesays.com\/fr\/wp-json\/wp\/v2\/posts\/262974\/revisions"}],"wp:featuredmedia":[{"embeddable":true,"href":"https:\/\/www.europesays.com\/fr\/wp-json\/wp\/v2\/media\/262975"}],"wp:attachment":[{"href":"https:\/\/www.europesays.com\/fr\/wp-json\/wp\/v2\/media?parent=262974"}],"wp:term":[{"taxonomy":"category","embeddable":true,"href":"https:\/\/www.europesays.com\/fr\/wp-json\/wp\/v2\/categories?post=262974"},{"taxonomy":"post_tag","embeddable":true,"href":"https:\/\/www.europesays.com\/fr\/wp-json\/wp\/v2\/tags?post=262974"}],"curies":[{"name":"wp","href":"https:\/\/api.w.org\/{rel}","templated":true}]}}