{"id":262978,"date":"2025-07-21T09:03:10","date_gmt":"2025-07-21T09:03:10","guid":{"rendered":"https:\/\/www.europesays.com\/fr\/262978\/"},"modified":"2025-07-21T09:03:10","modified_gmt":"2025-07-21T09:03:10","slug":"robbie-williams-fait-part-de-ses-inquietudes-concernant-la-sante-de-ses-parents","status":"publish","type":"post","link":"https:\/\/www.europesays.com\/fr\/262978\/","title":{"rendered":"Robbie Williams fait part de ses inqui\u00e9tudes concernant la sant\u00e9 de ses parents"},"content":{"rendered":"<p>L&rsquo;ancien chanteur de Take That, actuellement en pleine tourn\u00e9e au Royaume-Uni, a fait le point sur son \u00e9tat de sant\u00e9 en d\u00e9clarant : \u00ab Je suis malade depuis deux semaines \u00e0 cause d&rsquo;une sorte de virus qui m&rsquo;affaiblit beaucoup. C&rsquo;est normal en tourn\u00e9e. Tout le monde a quelque chose \u00bb.<\/p>\n<p>Il s&rsquo;est ensuite confi\u00e9 : \u00ab La situation \u00e0 la maison avec mes parents ? C&rsquo;est tr\u00e8s pr\u00e9caire en ce moment. Ce sont des choses du monde r\u00e9el qui nous affectent profond\u00e9ment, ma femme et moi. Et si ma femme est affect\u00e9e, vous pouvez parier que je le suis aussi. Les calculs sont donc les suivants : Virus + parents malades + tourn\u00e9e des stades \u00bb.<\/p>\n<p>Robbie Williams a pr\u00e9c\u00e9demment annonc\u00e9 que sa m\u00e8re, Janet, avait \u00e9t\u00e9 diagnostiqu\u00e9e comme atteinte de d\u00e9mence en novembre 2024.<\/p>\n<p>Plus t\u00f4t cette semaine, le chanteur d&rsquo;Angels a d\u00e9clar\u00e9 au Sun : \u00ab Ma m\u00e8re est atteinte de d\u00e9mence et elle ne sait plus qui je suis. Elle ne sait plus o\u00f9 elle est \u00bb.<\/p>\n<p>Il a \u00e9galement r\u00e9v\u00e9l\u00e9 que son p\u00e8re, Pete, est atteint de la maladie de Parkinson et qu&rsquo;il a du mal \u00e0 \u00eatre aussi sociable qu&rsquo;il l&rsquo;\u00e9tait autrefois. \u00ab Il avait l&rsquo;habitude de chanter avec moi tous les soirs sur sc\u00e8ne, il arrivait, me volait la vedette, charmait tout le monde, puis allait en coulisses pour boire un verre de vin rouge. Aujourd&rsquo;hui, il ne peut plus sortir de chez lui \u00bb.<\/p>\n","protected":false},"excerpt":{"rendered":"L&rsquo;ancien chanteur de Take That, actuellement en pleine tourn\u00e9e au Royaume-Uni, a fait le point sur son \u00e9tat&hellip;\n","protected":false},"author":2,"featured_media":262979,"comment_status":"","ping_status":"","sticky":false,"template":"","format":"standard","meta":{"footnotes":""},"categories":[1355],"tags":[58,59,1011,27,1361,873,6330],"class_list":{"0":"post-262978","1":"post","2":"type-post","3":"status-publish","4":"format-standard","5":"has-post-thumbnail","7":"category-musique","8":"tag-divertissement","9":"tag-entertainment","10":"tag-fr","11":"tag-france","12":"tag-music","13":"tag-musique","14":"tag-robbie-williams"},"share_on_mastodon":{"url":"https:\/\/pubeurope.com\/@fr\/114890421317341437","error":""},"_links":{"self":[{"href":"https:\/\/www.europesays.com\/fr\/wp-json\/wp\/v2\/posts\/262978","targetHints":{"allow":["GET"]}}],"collection":[{"href":"https:\/\/www.europesays.com\/fr\/wp-json\/wp\/v2\/posts"}],"about":[{"href":"https:\/\/www.europesays.com\/fr\/wp-json\/wp\/v2\/types\/post"}],"author":[{"embeddable":true,"href":"https:\/\/www.europesays.com\/fr\/wp-json\/wp\/v2\/users\/2"}],"replies":[{"embeddable":true,"href":"https:\/\/www.europesays.com\/fr\/wp-json\/wp\/v2\/comments?post=262978"}],"version-history":[{"count":0,"href":"https:\/\/www.europesays.com\/fr\/wp-json\/wp\/v2\/posts\/262978\/revisions"}],"wp:featuredmedia":[{"embeddable":true,"href":"https:\/\/www.europesays.com\/fr\/wp-json\/wp\/v2\/media\/262979"}],"wp:attachment":[{"href":"https:\/\/www.europesays.com\/fr\/wp-json\/wp\/v2\/media?parent=262978"}],"wp:term":[{"taxonomy":"category","embeddable":true,"href":"https:\/\/www.europesays.com\/fr\/wp-json\/wp\/v2\/categories?post=262978"},{"taxonomy":"post_tag","embeddable":true,"href":"https:\/\/www.europesays.com\/fr\/wp-json\/wp\/v2\/tags?post=262978"}],"curies":[{"name":"wp","href":"https:\/\/api.w.org\/{rel}","templated":true}]}}