{"id":262984,"date":"2025-07-21T09:06:10","date_gmt":"2025-07-21T09:06:10","guid":{"rendered":"https:\/\/www.europesays.com\/fr\/262984\/"},"modified":"2025-07-21T09:06:10","modified_gmt":"2025-07-21T09:06:10","slug":"face-a-la-domination-de-pogacar-un-manager-dequipe-evoque-lembarras-des-instances","status":"publish","type":"post","link":"https:\/\/www.europesays.com\/fr\/262984\/","title":{"rendered":"Face \u00e0 la domination de Pogacar, un manager d\u2019\u00e9quipe \u00e9voque \u00ab\u00a0l\u2019embarras\u00a0\u00bb des instances"},"content":{"rendered":"<p>Maillot jaune incontest\u00e9 <a href=\"https:\/\/www.20minutes.fr\/sport\/cyclisme\/tour-de-france\/4164471-20250720-tour-france-2025-comme-con-comment-julian-alaphilippe-pu-croire-gagne-15e-etape\" class=\"color-ultramarine c-link\" target=\"_blank\" rel=\"noopener\">du Tour de France 2025<\/a>, Tadej Pogacar a tellement d\u2019avance sur tout et tout le monde que les d\u00e9bats sur les soup\u00e7ons de dopage entourant le vainqueur, qui agitent habituellement les lendemains d\u2019arriv\u00e9e sur les Champs-Elys\u00e9es, occupaient d\u00e9j\u00e0 les esprits les plus critiques en fin de deuxi\u00e8me semaine. <a href=\"https:\/\/www.ouest-france.fr\/tour-de-france\/tour-de-france-ca-finira-mal-mais-quand-le-coup-de-gueule-dun-manager-a-propos-de-pogacar-0a73ea60-653a-11f0-8d96-1f3c0ceaabc2\" rel=\"nofollow noopener\" target=\"_blank\" class=\"color-ultramarine c-link\">Cit\u00e9 par Ouest-France,<\/a> un manager d\u2019\u00e9quipe suspicieux et r\u00e9sign\u00e9 face \u00e0 l\u2019h\u00e9g\u00e9monie du Slov\u00e8ne et de son \u00e9quipe UAE estime que \u00ab\u00a0tout cela finira mal, mais quand\u00a0?\u00a0\u00bb<\/p>\n<p>Pour lui, il ne fait aucun doute que Pogi avait le record de l\u2019ascension de Bjarne Riis &#8211; <a href=\"https:\/\/www.lemonde.fr\/sport\/article\/2007\/05\/26\/bjarne-riis-vainqueur-du-tour-de-france-1996-a-avoue-s-etre-dope_915345_3242.html\" rel=\"nofollow noopener\" target=\"_blank\" class=\"color-ultramarine c-link\">qui avait lui-m\u00eame reconnu avoir eu recours \u00e0 l\u2019EPO dans les ann\u00e9es\u00a01990<\/a> &#8211; \u00e0 Hautacam dans les jambes. \u00ab\u00a0S\u2019il avait voulu battre le record dans Hautacam, il le prenait, il s\u2019est relev\u00e9 dans les deux derniers kilom\u00e8tres\u00a0\u00bb, confie ce directeur sportif, t\u00e9moin de l\u2019arriv\u00e9e de l\u2019EPO dans le peloton d\u00e9but\u00a01990.<\/p>\n<p>Des instances d\u00e9sempar\u00e9es devant l\u2019emballement des performances<\/p>\n<p>\u00ab\u00a0Aujourd\u2019hui, les instances sont embarrass\u00e9es, elles ne savent pas comment faire. [\u2026] Avec l\u2019argent, on peut avoir son propre laboratoire\u2026\u00a0\u00bb Dopage \u00e9conomique et dopage biologique feraient-ils bon m\u00e9nage\u00a0? L\u2019omerta r\u00e8gne toujours dans le cyclisme, o\u00f9 l\u2019on ne parle pas \u00e0 visage d\u00e9couvert, mais les langues commencent clairement \u00e0 se d\u00e9lier.<\/p>\n","protected":false},"excerpt":{"rendered":"Maillot jaune incontest\u00e9 du Tour de France 2025, Tadej Pogacar a tellement d\u2019avance sur tout et tout le&hellip;\n","protected":false},"author":2,"featured_media":262985,"comment_status":"","ping_status":"","sticky":false,"template":"","format":"standard","meta":{"footnotes":""},"categories":[9],"tags":[207,15150,1011,27,517,60,1138,210,36598],"class_list":{"0":"post-262984","1":"post","2":"type-post","3":"status-publish","4":"format-standard","5":"has-post-thumbnail","7":"category-sports","8":"tag-cyclisme","9":"tag-dopage","10":"tag-fr","11":"tag-france","12":"tag-sport","13":"tag-sports","14":"tag-tadej-pogacar","15":"tag-tour-de-france","16":"tag-uae"},"share_on_mastodon":{"url":"https:\/\/pubeurope.com\/@fr\/114890433106571674","error":""},"_links":{"self":[{"href":"https:\/\/www.europesays.com\/fr\/wp-json\/wp\/v2\/posts\/262984","targetHints":{"allow":["GET"]}}],"collection":[{"href":"https:\/\/www.europesays.com\/fr\/wp-json\/wp\/v2\/posts"}],"about":[{"href":"https:\/\/www.europesays.com\/fr\/wp-json\/wp\/v2\/types\/post"}],"author":[{"embeddable":true,"href":"https:\/\/www.europesays.com\/fr\/wp-json\/wp\/v2\/users\/2"}],"replies":[{"embeddable":true,"href":"https:\/\/www.europesays.com\/fr\/wp-json\/wp\/v2\/comments?post=262984"}],"version-history":[{"count":0,"href":"https:\/\/www.europesays.com\/fr\/wp-json\/wp\/v2\/posts\/262984\/revisions"}],"wp:featuredmedia":[{"embeddable":true,"href":"https:\/\/www.europesays.com\/fr\/wp-json\/wp\/v2\/media\/262985"}],"wp:attachment":[{"href":"https:\/\/www.europesays.com\/fr\/wp-json\/wp\/v2\/media?parent=262984"}],"wp:term":[{"taxonomy":"category","embeddable":true,"href":"https:\/\/www.europesays.com\/fr\/wp-json\/wp\/v2\/categories?post=262984"},{"taxonomy":"post_tag","embeddable":true,"href":"https:\/\/www.europesays.com\/fr\/wp-json\/wp\/v2\/tags?post=262984"}],"curies":[{"name":"wp","href":"https:\/\/api.w.org\/{rel}","templated":true}]}}