{"id":262986,"date":"2025-07-21T09:07:11","date_gmt":"2025-07-21T09:07:11","guid":{"rendered":"https:\/\/www.europesays.com\/fr\/262986\/"},"modified":"2025-07-21T09:07:11","modified_gmt":"2025-07-21T09:07:11","slug":"martin-solveig-a-pris-sa-retraite-apres-ce-dernier-concert-aux-vieilles-charrues-bien-a-sa-maniere","status":"publish","type":"post","link":"https:\/\/www.europesays.com\/fr\/262986\/","title":{"rendered":"Martin Solveig a pris sa retraite apr\u00e8s ce dernier concert aux Vieilles Charrues bien \u00e0 sa mani\u00e8re"},"content":{"rendered":"<p>        <img decoding=\"async\" loading=\"lazy\" src=\"https:\/\/www.europesays.com\/fr\/wp-content\/uploads\/2025\/07\/0b641bb_upload-1-gxr0fywrhf6o-afp-20250719-hl-epollet-2835864-v1-highres-francecarhaixfestivalvieill.jpeg\"  width=\"728\" height=\"409\" alt=\"Martin Solveig, ici le 19 juillet 2025\u00a0\u00e0 Carhaix.\"\/>  <\/p>\n<p>ERIC POLLET \/ Hans Lucas via AFP<\/p>\n<p>Martin Solveig, ici le 19 juillet 2025\u00a0\u00e0 Carhaix.<\/p>\n<p class=\"asset asset-text\">MUSIQUE &#8211; Martin Solveig a rang\u00e9 ses platines, pour de bon. Le concert, ce samedi 19\u00a0juillet, \u00e0 Carhaix de <a href=\"https:\/\/www.huffingtonpost.fr\/culture\/article\/il-n-y-a-pas-que-sur-le-twerk-que-martin-solveig-a-ete-malaisant_136109.html\" target=\"_blank\" rel=\"noopener\">Martin Solveig<\/a>, <a href=\"https:\/\/www.huffingtonpost.fr\/sport\/article\/ada-hegerberg-ballon-d-or-feminin-2018-n-en-veut-pas-a-martin-solveig_136145.html\" target=\"_blank\" rel=\"noopener\">DJ et faiseur de tubes<\/a> internationaux comme All Stars et Hello, \u00e9tait le dernier de sa carri\u00e8re, a indiqu\u00e9, ce dimanche 20\u00a0juillet, le directeur du festival des <a href=\"https:\/\/www.huffingtonpost.fr\/culture\/article\/vieilles-charrues-apres-l-alerte-sur-la-fin-du-festival-le-maire-de-carhaix-denonce-un-chantage_233030.html\" target=\"_blank\" rel=\"noopener\">Vieilles Charrues<\/a>.<\/p>\n<p class=\"asset asset-text\">\u00ab\u00a0C\u2019\u00e9tait une surprise quand on nous l\u2019a dit, il y a quelques semaines, que les Vieilles Charrues seraient sa seule date cette ann\u00e9e, et qu\u2019elle serait sa derni\u00e8re, a d\u00e9clar\u00e9 J\u00e9r\u00f4me Tr\u00e9horel \u00e0 l\u2019AFP.\u00a0C\u2019est un immense honneur.\u00a0\u00bb<\/p>\n<p class=\"asset asset-text\">Auteur de cinq albums, le musicien de 48\u00a0ans a jou\u00e9 samedi devant pr\u00e8s de 70\u00a0000 personnes &#8211; et sous une pluie battante &#8211; pour ses adieux \u00e0 la sc\u00e8ne. \u00ab\u00a0C\u2019est un moment sp\u00e9cial. Toute ma vie, \u00e0 chaque fois que je montais sur sc\u00e8ne je me suis dit\u00a0: \u201cFais comme si c\u2019\u00e9tait le dernier concert.\u201d Jusqu\u2019au moment o\u00f9 cela arrive. Et t\u2019es content d\u2019\u00eatre aux Vieilles Charrues\u00a0\u00bb, a-t-il lanc\u00e9 au public au terme d\u2019une heure de spectacle, selon le quotidien <a href=\"https:\/\/www.letelegramme.fr\/culture-loisirs\/festivals\/vieilles-charrues\/sans-public-on-nest-rien-du-tout-aux-vieilles-charrues-martin-solveig-a-tout-donne-pour-ses-adieux-a-la-scene-video-6858302.php\" target=\"_blank\" rel=\"noopener\" title=\"Nouvelle fen\u00eatre\">Le T\u00e9l\u00e9gramme<\/a>.<\/p>\n<p class=\"asset asset-text\">Depuis le d\u00e9but des ann\u00e9es 2000, Martin Solveig &#8211; de son vrai nom Martin Laurent Picandet &#8211; a fait briller l\u2019\u00e9lectro fran\u00e7aise \u00e0 l\u2019international aux c\u00f4t\u00e9s d\u2019autres DJ comme David Guetta et Bob Sinclar sous la banni\u00e8re de la French touch.<\/p>\n<p>                     \u00ab\u00a0I just came to say hello\u00a0\u00bb    <\/p>\n<p class=\"asset asset-text\">Lanc\u00e9 en 2002 avec la reprise du titre Madan\u00a0de Salif Ke\u00efta, Martin Solveig a encha\u00een\u00e9 de nombreux succ\u00e8s pendant plus de vingt ans. Il a aussi collabor\u00e9 avec Madonna, produisant plusieurs titres de son album MDNA, en 2012.<\/p>\n<p class=\"asset asset-text\">Avec 23 autres DJ, il a par ailleurs anim\u00e9 la c\u00e9r\u00e9monie de cl\u00f4ture des Jeux paralympiques d\u2019\u00e9t\u00e9 de 2024 au Stade de France, quelques ann\u00e9es apr\u00e8s avoir \u00e9galement lanc\u00e9 Alma studio, une application audio d\u2019histoires pour les enfants de 2 \u00e0 10\u00a0ans.<\/p>\n<p class=\"asset asset-text\">Ce samedi, il a cl\u00f4tur\u00e9 son ultime set de la meilleure fa\u00e7on qu\u2019il soit\u00a0: avec son tube Hello, morceau embl\u00e9matique sorti en 2011\u00a0dont le clip le mettait en sc\u00e8ne sur un court de tennis de Roland Garros face \u00e0 Bob Sinclar. \u00ab\u00a0I just came to say hello\u00a0\u00bb, peut-on entendre la chanteuse du groupe Dragonette souffler en musique. Un au revoir bien \u00e0 lui.<\/p>\n","protected":false},"excerpt":{"rendered":"ERIC POLLET \/ Hans Lucas via AFP Martin Solveig, ici le 19 juillet 2025\u00a0\u00e0 Carhaix. MUSIQUE &#8211; Martin&hellip;\n","protected":false},"author":2,"featured_media":262987,"comment_status":"","ping_status":"","sticky":false,"template":"","format":"standard","meta":{"footnotes":""},"categories":[8],"tags":[251,58,59,1011,27,873,6384,35758],"class_list":{"0":"post-262986","1":"post","2":"type-post","3":"status-publish","4":"format-standard","5":"has-post-thumbnail","7":"category-divertissement","8":"tag-culture","9":"tag-divertissement","10":"tag-entertainment","11":"tag-fr","12":"tag-france","13":"tag-musique","14":"tag-musique-electronique","15":"tag-vieilles-charrues"},"share_on_mastodon":{"url":"https:\/\/pubeurope.com\/@fr\/114890437117170846","error":""},"_links":{"self":[{"href":"https:\/\/www.europesays.com\/fr\/wp-json\/wp\/v2\/posts\/262986","targetHints":{"allow":["GET"]}}],"collection":[{"href":"https:\/\/www.europesays.com\/fr\/wp-json\/wp\/v2\/posts"}],"about":[{"href":"https:\/\/www.europesays.com\/fr\/wp-json\/wp\/v2\/types\/post"}],"author":[{"embeddable":true,"href":"https:\/\/www.europesays.com\/fr\/wp-json\/wp\/v2\/users\/2"}],"replies":[{"embeddable":true,"href":"https:\/\/www.europesays.com\/fr\/wp-json\/wp\/v2\/comments?post=262986"}],"version-history":[{"count":0,"href":"https:\/\/www.europesays.com\/fr\/wp-json\/wp\/v2\/posts\/262986\/revisions"}],"wp:featuredmedia":[{"embeddable":true,"href":"https:\/\/www.europesays.com\/fr\/wp-json\/wp\/v2\/media\/262987"}],"wp:attachment":[{"href":"https:\/\/www.europesays.com\/fr\/wp-json\/wp\/v2\/media?parent=262986"}],"wp:term":[{"taxonomy":"category","embeddable":true,"href":"https:\/\/www.europesays.com\/fr\/wp-json\/wp\/v2\/categories?post=262986"},{"taxonomy":"post_tag","embeddable":true,"href":"https:\/\/www.europesays.com\/fr\/wp-json\/wp\/v2\/tags?post=262986"}],"curies":[{"name":"wp","href":"https:\/\/api.w.org\/{rel}","templated":true}]}}