{"id":262988,"date":"2025-07-21T09:08:10","date_gmt":"2025-07-21T09:08:10","guid":{"rendered":"https:\/\/www.europesays.com\/fr\/262988\/"},"modified":"2025-07-21T09:08:10","modified_gmt":"2025-07-21T09:08:10","slug":"une-etude-revele-pour-la-premiere-fois-des-seismes-et-du-magma-sous-les-volcans-endormis-dauvergne","status":"publish","type":"post","link":"https:\/\/www.europesays.com\/fr\/262988\/","title":{"rendered":"Une \u00e9tude r\u00e9v\u00e8le pour la premi\u00e8re fois des s\u00e9ismes et du magma sous les volcans endormis d\u2019Auvergne"},"content":{"rendered":"<p class=\"paragraph text_align_left lp-f-body-02\">Le potentiel r\u00e9veil des volcans d\u2019Auvergne fait depuis bien longtemps l\u2019objet de fantasmes. <a href=\"https:\/\/www.leparisien.fr\/societe\/comme-le-stromboli-les-volcans-d-auvergne-pourraient-ils-entrer-en-eruption-04-07-2019-8109633.php\" target=\"_blank\" rel=\"noreferrer noopener\">Se produira-t-il dans les ann\u00e9es, d\u00e9cennies ou si\u00e8cles \u00e0 venir ?<\/a> S\u2019il est impossible de dater la prochaine \u00e9ruption, les scientifiques multiplient les \u00e9tudes pour analyser les profondeurs des massifs auvergnats. Les r\u00e9sultats de l\u2019une d\u2019entre elles, financ\u00e9e par l\u2019Agence nationale de la recherche (ANR) et port\u00e9e par l\u2019Institut des sciences de la Terre (ISTERRE), qui a commenc\u00e9 en 2023 et doit s\u2019achever en 2028, pr\u00e9sente d\u00e9j\u00e0 de grandes avanc\u00e9es.<\/p>\n<p class=\"paragraph text_align_left lp-f-body-02\">\u00ab L\u2019objectif est d\u2019obtenir une imagerie sismique de la cro\u00fbte et du manteau sous le Massif central \u00bb, explique Guillaume Boudoire, professeur des universit\u00e9s en volcanologie du laboratoire Magmas et Volcans de l\u2019universit\u00e9 Clermont-Auvergne et participant de l\u2019\u00e9tude. \u00ab Une centaine de stations sismiques ont ainsi \u00e9t\u00e9 d\u00e9ploy\u00e9es et des s\u00e9ismes profonds de longue p\u00e9riode ont \u00e9t\u00e9 d\u00e9tect\u00e9s. Ce qui indique la pr\u00e9sence de magma, car c\u2019est li\u00e9 \u00e0 son d\u00e9gazage. \u00bb<\/p>\n<p class=\"paragraph text_align_left lp-f-body-02\">Ainsi, pour la premi\u00e8re fois, ces signaux ont \u00e9t\u00e9 rep\u00e9r\u00e9s sous <a href=\"https:\/\/www.leparisien.fr\/environnement\/les-volcans-d-auvergne-merveille-mondiale-02-07-2018-7804005.php\" target=\"_blank\" rel=\"noreferrer noopener\">les volcans d\u2019Auvergne<\/a>, \u00e0 l\u2019instar de ceux que l\u2019on peut retrouver dans la r\u00e9gion de l\u2019Eifel en Allemagne. Conclusion pour Guillaume Boudoire : le volcanisme auvergnat est bien potentiellement actif : \u00ab On n\u2019est pas r\u00e9ellement surpris de cette activit\u00e9, car on conna\u00eet d\u00e9j\u00e0 l\u2019importante activit\u00e9 thermale sur ce territoire avec plusieurs sources comme \u00e0 Royat, mais c\u2019est important d\u2019avoir des indicateurs via les nouvelles technologies. \u00bb<\/p>\n<p>Vieux magma ou nouveau magma ?<\/p>\n<p class=\"paragraph text_align_left lp-f-body-02\">Reste \u00e0 savoir si cette observation pr\u00e9sage d\u2019une potentielle \u00e9ruption. La derni\u00e8re remonte \u00e0 7 000 ans. \u00ab Mais, \u00e0 l\u2019\u00e9chelle des temps g\u00e9ologiques, ce n\u2019est rien \u00bb, indique Guillaume Boudoire. \u00ab Actuellement, on est dans une pause comme il y en a eu depuis pr\u00e8s de 15 millions d\u2019ann\u00e9es o\u00f9 on a du volcanisme de mani\u00e8re intense en Auvergne. Un jour, cela prendra fin. Je pense qu\u2019on peut quasiment le dire avec certitude. Cependant, on ne sait pas quand. \u00bb<\/p>\n<p class=\"paragraph text_align_left lp-f-body-02\">Toutefois, la datation du magma d\u00e9tect\u00e9 pourrait donner des \u00e9l\u00e9ments de r\u00e9ponses ou\u2026 engendrer de nouvelles questions, rel\u00e8ve le scientifique : \u00ab C\u2019est important de savoir si le magma est l\u00e0 depuis 7 000 ans, s\u2019il est juste en train de refroidir. Ou est-ce que c\u2019est du magma plus r\u00e9cent qui est arriv\u00e9 ? Un magma r\u00e9cemment arriv\u00e9 est plus facilement mobilisable pour migrer vers la surface. \u00bb<\/p>\n","protected":false},"excerpt":{"rendered":"Le potentiel r\u00e9veil des volcans d\u2019Auvergne fait depuis bien longtemps l\u2019objet de fantasmes. Se produira-t-il dans les ann\u00e9es,&hellip;\n","protected":false},"author":2,"featured_media":262989,"comment_status":"","ping_status":"","sticky":false,"template":"","format":"standard","meta":{"footnotes":""},"categories":[7],"tags":[459,1011,27,3746,6875,43,40,41,39,42,44],"class_list":{"0":"post-262988","1":"post","2":"type-post","3":"status-publish","4":"format-standard","5":"has-post-thumbnail","7":"category-sciences-et-technologies","8":"tag-departements-horsidfo","9":"tag-fr","10":"tag-france","11":"tag-futurs","12":"tag-puy-de-dome-63","13":"tag-science","14":"tag-science-and-technology","15":"tag-sciences","16":"tag-sciences-et-technologies","17":"tag-technologies","18":"tag-technology"},"share_on_mastodon":{"url":"https:\/\/pubeurope.com\/@fr\/114890440963507352","error":""},"_links":{"self":[{"href":"https:\/\/www.europesays.com\/fr\/wp-json\/wp\/v2\/posts\/262988","targetHints":{"allow":["GET"]}}],"collection":[{"href":"https:\/\/www.europesays.com\/fr\/wp-json\/wp\/v2\/posts"}],"about":[{"href":"https:\/\/www.europesays.com\/fr\/wp-json\/wp\/v2\/types\/post"}],"author":[{"embeddable":true,"href":"https:\/\/www.europesays.com\/fr\/wp-json\/wp\/v2\/users\/2"}],"replies":[{"embeddable":true,"href":"https:\/\/www.europesays.com\/fr\/wp-json\/wp\/v2\/comments?post=262988"}],"version-history":[{"count":0,"href":"https:\/\/www.europesays.com\/fr\/wp-json\/wp\/v2\/posts\/262988\/revisions"}],"wp:featuredmedia":[{"embeddable":true,"href":"https:\/\/www.europesays.com\/fr\/wp-json\/wp\/v2\/media\/262989"}],"wp:attachment":[{"href":"https:\/\/www.europesays.com\/fr\/wp-json\/wp\/v2\/media?parent=262988"}],"wp:term":[{"taxonomy":"category","embeddable":true,"href":"https:\/\/www.europesays.com\/fr\/wp-json\/wp\/v2\/categories?post=262988"},{"taxonomy":"post_tag","embeddable":true,"href":"https:\/\/www.europesays.com\/fr\/wp-json\/wp\/v2\/tags?post=262988"}],"curies":[{"name":"wp","href":"https:\/\/api.w.org\/{rel}","templated":true}]}}