{"id":262994,"date":"2025-07-21T09:12:15","date_gmt":"2025-07-21T09:12:15","guid":{"rendered":"https:\/\/www.europesays.com\/fr\/262994\/"},"modified":"2025-07-21T09:12:15","modified_gmt":"2025-07-21T09:12:15","slug":"un-couple-et-leur-fille-tues-par-balles-dans-les-hautes-alpes-la-piste-du-double-feminicide-suivi-dun-suicide-privilegiee","status":"publish","type":"post","link":"https:\/\/www.europesays.com\/fr\/262994\/","title":{"rendered":"Un couple et leur fille tu\u00e9s par balles dans les Hautes-Alpes: la piste du double f\u00e9minicide suivi d&rsquo;un suicide privil\u00e9gi\u00e9e"},"content":{"rendered":"<p>La piste d&rsquo;un \u00ab\u00a0drame familial\u00a0\u00bb \u00e9tait privil\u00e9gi\u00e9e apr\u00e8s la <a href=\"https:\/\/www.nicematin.com\/a\/995027\" target=\"_blank\" rel=\"noopener\">d\u00e9couverte d&rsquo;un couple de septuag\u00e9naires et de leur fille<\/a>, retrouv\u00e9s morts dimanche 20 juillet 2025 tu\u00e9s par balles \u00e0 leur domicile dans un village des Hautes-Alpes, a indiqu\u00e9 lundi le parquet de Gap.<\/p>\n<p> \u00ab\u00a0Les premi\u00e8res constatations, par les techniciens en investigation criminelle et le m\u00e9decin l\u00e9giste, ainsi que les premiers t\u00e9moignages, permettent d&rsquo;orienter l&rsquo;enqu\u00eate vers un drame familial: <strong>un double homicide des deux femmes, suivi du suicide de l&rsquo;auteur<\/strong>\u00ab\u00a0, a d\u00e9clar\u00e9 dans un communiqu\u00e9 la procureure Marion Lozac&rsquo;hmeur.<\/p>\n<p>L&rsquo;enqu\u00eate \u00ab\u00a0ouverte du chef d&rsquo;homicide volontaire se poursuit\u00a0\u00bb, afin \u00ab\u00a0de mieux comprendre les circonstances et le contexte des faits\u00a0\u00bb, a ajout\u00e9 la magistrate, pr\u00e9cisant que l&rsquo;autopsie des corps sera diligent\u00e9e mercredi.<\/p>\n<p>Elle a \u00e9t\u00e9 confi\u00e9e \u00e0 la brigade de recherche de la compagnie de gendarmerie de Gap.<\/p>\n<p><strong>D\u00e9couverte des corps par un membre de la famille<\/strong><\/p>\n<p>Dimanche en d\u00e9but de soir\u00e9e, les services de secours avaient \u00e9t\u00e9 alert\u00e9s de la d\u00e9couverte des corps du couple et de leur fille, <strong>n\u00e9e en 1990<\/strong>, \u00e0 leur domicile situ\u00e9 dans la petite commune de la B\u00e2tie-Neuve, par un membre de la famille, selon la m\u00eame source.<\/p>\n<p>Le parquet, la gendarmerie, les techniciens en investigation criminelle et un m\u00e9decin l\u00e9giste s&rsquo;\u00e9taient aussit\u00f4t rendus sur place.<\/p>\n<p>Situ\u00e9e dans le sud des<strong> Hautes-Alpes<\/strong> \u00e0 proximit\u00e9 des stations de ski et du lac tr\u00e8s touristique de Serre-Pon\u00e7on, la B\u00e2tie-Neuve compte quelque 2.600 habitants.<\/p>\n<p>La localit\u00e9 et ses hameaux s&rsquo;\u00e9tendent sur une vaste superficie \u00e0 une altitude allant de 800m \u00e0 2.400m.<\/p>\n","protected":false},"excerpt":{"rendered":"La piste d&rsquo;un \u00ab\u00a0drame familial\u00a0\u00bb \u00e9tait privil\u00e9gi\u00e9e apr\u00e8s la d\u00e9couverte d&rsquo;un couple de septuag\u00e9naires et de leur fille,&hellip;\n","protected":false},"author":2,"featured_media":67068,"comment_status":"","ping_status":"","sticky":false,"template":"","format":"standard","meta":{"footnotes":""},"categories":[4],"tags":[11,332,118,1011,27,12,25],"class_list":{"0":"post-262994","1":"post","2":"type-post","3":"status-publish","4":"format-standard","5":"has-post-thumbnail","7":"category-france","8":"tag-actualites","9":"tag-faits-de-societe","10":"tag-faits-divers","11":"tag-fr","12":"tag-france","13":"tag-news","14":"tag-republique-francaise"},"share_on_mastodon":{"url":"https:\/\/pubeurope.com\/@fr\/114890456712188358","error":""},"_links":{"self":[{"href":"https:\/\/www.europesays.com\/fr\/wp-json\/wp\/v2\/posts\/262994","targetHints":{"allow":["GET"]}}],"collection":[{"href":"https:\/\/www.europesays.com\/fr\/wp-json\/wp\/v2\/posts"}],"about":[{"href":"https:\/\/www.europesays.com\/fr\/wp-json\/wp\/v2\/types\/post"}],"author":[{"embeddable":true,"href":"https:\/\/www.europesays.com\/fr\/wp-json\/wp\/v2\/users\/2"}],"replies":[{"embeddable":true,"href":"https:\/\/www.europesays.com\/fr\/wp-json\/wp\/v2\/comments?post=262994"}],"version-history":[{"count":0,"href":"https:\/\/www.europesays.com\/fr\/wp-json\/wp\/v2\/posts\/262994\/revisions"}],"wp:featuredmedia":[{"embeddable":true,"href":"https:\/\/www.europesays.com\/fr\/wp-json\/wp\/v2\/media\/67068"}],"wp:attachment":[{"href":"https:\/\/www.europesays.com\/fr\/wp-json\/wp\/v2\/media?parent=262994"}],"wp:term":[{"taxonomy":"category","embeddable":true,"href":"https:\/\/www.europesays.com\/fr\/wp-json\/wp\/v2\/categories?post=262994"},{"taxonomy":"post_tag","embeddable":true,"href":"https:\/\/www.europesays.com\/fr\/wp-json\/wp\/v2\/tags?post=262994"}],"curies":[{"name":"wp","href":"https:\/\/api.w.org\/{rel}","templated":true}]}}