{"id":262997,"date":"2025-07-21T09:14:08","date_gmt":"2025-07-21T09:14:08","guid":{"rendered":"https:\/\/www.europesays.com\/fr\/262997\/"},"modified":"2025-07-21T09:14:08","modified_gmt":"2025-07-21T09:14:08","slug":"loire-un-deuxieme-cas-de-dengue-detecte-dans-cette-ville-des-mesures-prises","status":"publish","type":"post","link":"https:\/\/www.europesays.com\/fr\/262997\/","title":{"rendered":"Loire. Un deuxi\u00e8me cas de dengue d\u00e9tect\u00e9 dans cette ville, des mesures prises"},"content":{"rendered":"<p>            Par<br \/>\n        <strong><br \/>\n            <a href=\"https:\/\/actu.fr\/auteur\/mathias-souteyrat\" title=\"Consulter tous les articles de Mathias Souteyrat\" rel=\"nofollow noopener\" target=\"_blank\">Mathias Souteyrat<\/a><br \/>\n        <\/strong><\/p>\n<p>        Publi\u00e9 le<\/p>\n<p>            21 juil. 2025 \u00e0 10h58<br \/>\n        ; mis \u00e0 jour le 21 juil. 2025 \u00e0 11h01    <\/p>\n<p>Apr\u00e8s <a href=\"https:\/\/actu.fr\/auvergne-rhone-alpes\/saint-chamond_42207\/loire-suspicion-de-cas-de-dengue-dans-cette-commune-ce-qu-il-va-se-passer_62886572.html\" rel=\"nofollow noopener\" target=\"_blank\">un premier cas de dengue<\/a> autochtone signal\u00e9 le 4 juillet, l\u2019ARS Auvergne-Rh\u00f4ne-Alpes a re\u00e7u le 15 juillet le signalement d\u2019un 2\u1d49 cas autochtone, toujours \u00e0 <a href=\"https:\/\/actu.fr\/auvergne-rhone-alpes\/saint-chamond_42207\" rel=\"nofollow noopener\" target=\"_blank\">Saint-Chamond<\/a> (Loire), pr\u00e8s de <a href=\"https:\/\/actu.fr\/saint-etienne\/\" rel=\"nofollow noopener\" target=\"_blank\">Saint-Etienne<\/a>. Ce que l\u2019on sait.<\/p>\n<p>\u00ab\u2009Pas possible d\u2019\u00e9tablir le lien\u2009\u00bb<\/p>\n<p class=\" wall-content\">Le 15 juillet 2025, l\u2019ARS a re\u00e7u le signalement concernant un deuxi\u00e8me cas de dengue autochtone. Il s\u2019agit du deuxi\u00e8me cas autochtone de dengue identifi\u00e9 cette ann\u00e9e \u00e0 Saint-Chamond, dans la Loire et en Auvergne-Rh\u00f4ne-Alpes.<\/p>\n<blockquote class=\"ac-article-quote wall-content\">\n<p>\u00c0 ce stade, il n&rsquo;est pas possible d&rsquo;\u00e9tablir un lien avec le 1er cas autochtone identifi\u00e9 \u00e0 Saint-Chamond. Les investigations sont toujours en cours.<\/p>\n<p>    <strong>ARS<\/strong>\n            <\/p><\/blockquote>\n<p>Confirmer la pr\u00e9sence de moustiques tigres dans les secteurs<\/p>\n<p class=\" wall-content\">L\u2019ARS et ses partenaires sont mobilis\u00e9s afin d\u2019\u00e9viter que des moustiques tigres pr\u00e9sents dans le voisinage transmettent la maladie \u00e0 d\u2019autres personnes\u2009: plusieurs actions sont men\u00e9es dans un p\u00e9rim\u00e8tre bien d\u00e9fini.<\/p>\n<p class=\" wall-content\">Une enqu\u00eate entomologique a \u00e9t\u00e9 men\u00e9e le 18\u00a0juillet 2025\u2009: elle a permis de confirmer la pr\u00e9sence de moustiques tigres dans les secteurs fr\u00e9quent\u00e9s par la personne infect\u00e9e et d\u2019informer les habitants d\u2019un traitement adulticide.<\/p>\n<p>Des personnes ayant \u00e9t\u00e9 contamin\u00e9es lors d\u2019un s\u00e9jour en zone tropicale<\/p>\n<p>La plupart du temps, les cas de dengue signal\u00e9s en m\u00e9tropole concernent des personnes ayant \u00e9t\u00e9 contamin\u00e9es lors d\u2019un s\u00e9jour en zone tropicale. Si les personnes reviennent infect\u00e9es, il s\u2019agit de cas import\u00e9s.<\/p>\n<p>Le moustique tigre pr\u00e9sent sur notre territoire peut s\u2019infester en piquant une personne qui s\u2019est contamin\u00e9e en zone tropicale et, en la piquant, contaminer une personne n\u2019ayant pas voyag\u00e9. Il s\u2019agit alors d&rsquo;un cas autochtone.<\/p>\n<p>Les sympt\u00f4mes de la dengue surviennent en moyenne dans les 4 \u00e0 7 jours apr\u00e8s la piq\u00fbre infectante.<\/p>\n<p>Voir toutUne op\u00e9ration de d\u00e9moustication<\/p>\n<p class=\" wall-content\">Une\u00a0op\u00e9ration de d\u00e9moustication aura lieu dans la nuit du lundi\u00a021 au mardi 22\u00a0juillet\u00a0pour limiter les risques de transmission.\u00a0Les habitants des secteurs concern\u00e9s ont \u00e9t\u00e9 inform\u00e9s\u00a0par un flyer d\u00e9pos\u00e9 dans leur bo\u00eete aux lettres. <strong>Une centaine de maisons sont concern\u00e9es.<\/strong><\/p>\n<p class=\" wall-content\">Une enqu\u00eate \u00e9pid\u00e9miologique, en porte-\u00e0-porte, sera effectu\u00e9e le 22\u00a0juillet, par des agents de l\u2019ARS et de Sant\u00e9 publique France, aupr\u00e8s des habitants du lieu fr\u00e9quent\u00e9 par la personne infect\u00e9e.<\/p>\n<p class=\" wall-content\">Suivez toute l\u2019actualit\u00e9 de vos villes et m\u00e9dias favoris en vous inscrivant \u00e0 <a href=\"https:\/\/moncompte.actu.fr\" title=\"D\u00e9couvez Mon Actu\" rel=\"nofollow noopener\" data-trk=\"{&quot;cta&quot;:{&quot;action&quot;:&quot;https:\\\/\\\/moncompte.actu.fr&quot;,&quot;category&quot;:&quot;mon compte&quot;,&quot;from&quot;:&quot;article footer&quot;,&quot;name&quot;:&quot;Mon actu&quot;,&quot;type&quot;:&quot;cta&quot;}}\" target=\"_blank\">Mon Actu<\/a>.<\/p>\n","protected":false},"excerpt":{"rendered":"Par Mathias Souteyrat Publi\u00e9 le 21 juil. 2025 \u00e0 10h58 ; mis \u00e0 jour le 21 juil. 2025&hellip;\n","protected":false},"author":2,"featured_media":262998,"comment_status":"","ping_status":"","sticky":false,"template":"","format":"standard","meta":{"footnotes":""},"categories":[9653],"tags":[1111,11,2430,1777,674,1011,27,2856,12,25,4001,71,104],"class_list":{"0":"post-262997","1":"post","2":"type-post","3":"status-publish","4":"format-standard","5":"has-post-thumbnail","7":"category-saint-etienne","8":"tag-actu","9":"tag-actualites","10":"tag-auvergne-rhone-alpes","11":"tag-eu","12":"tag-europe","13":"tag-fr","14":"tag-france","15":"tag-moustique-tigre","16":"tag-news","17":"tag-republique-francaise","18":"tag-saint-etienne","19":"tag-sante","20":"tag-societe"},"share_on_mastodon":{"url":"https:\/\/pubeurope.com\/@fr\/114890464612101292","error":""},"_links":{"self":[{"href":"https:\/\/www.europesays.com\/fr\/wp-json\/wp\/v2\/posts\/262997","targetHints":{"allow":["GET"]}}],"collection":[{"href":"https:\/\/www.europesays.com\/fr\/wp-json\/wp\/v2\/posts"}],"about":[{"href":"https:\/\/www.europesays.com\/fr\/wp-json\/wp\/v2\/types\/post"}],"author":[{"embeddable":true,"href":"https:\/\/www.europesays.com\/fr\/wp-json\/wp\/v2\/users\/2"}],"replies":[{"embeddable":true,"href":"https:\/\/www.europesays.com\/fr\/wp-json\/wp\/v2\/comments?post=262997"}],"version-history":[{"count":0,"href":"https:\/\/www.europesays.com\/fr\/wp-json\/wp\/v2\/posts\/262997\/revisions"}],"wp:featuredmedia":[{"embeddable":true,"href":"https:\/\/www.europesays.com\/fr\/wp-json\/wp\/v2\/media\/262998"}],"wp:attachment":[{"href":"https:\/\/www.europesays.com\/fr\/wp-json\/wp\/v2\/media?parent=262997"}],"wp:term":[{"taxonomy":"category","embeddable":true,"href":"https:\/\/www.europesays.com\/fr\/wp-json\/wp\/v2\/categories?post=262997"},{"taxonomy":"post_tag","embeddable":true,"href":"https:\/\/www.europesays.com\/fr\/wp-json\/wp\/v2\/tags?post=262997"}],"curies":[{"name":"wp","href":"https:\/\/api.w.org\/{rel}","templated":true}]}}