{"id":263009,"date":"2025-07-21T09:27:10","date_gmt":"2025-07-21T09:27:10","guid":{"rendered":"https:\/\/www.europesays.com\/fr\/263009\/"},"modified":"2025-07-21T09:27:10","modified_gmt":"2025-07-21T09:27:10","slug":"grenoble-braques-par-de-faux-vendeurs-de-moto-a-la-villeneuve","status":"publish","type":"post","link":"https:\/\/www.europesays.com\/fr\/263009\/","title":{"rendered":"Grenoble. Braqu\u00e9s par de faux vendeurs de moto \u00e0 La Villeneuve"},"content":{"rendered":"<p>Deux jeunes gens qui pensaient avoir rendez-vous avec le propri\u00e9taire d\u2019une moto mise en vente sur un site d\u2019annonces en ligne sont tomb\u00e9s dans un guet-apens dimanche soir dans le quartier de La Villeneuve. Selon la Direction interd\u00e9partementale de la police nationale, le vendeur leur avait donn\u00e9 rendez-vous \u00e0 en fin d\u2019apr\u00e8s-midi avenue La Bruy\u00e8re vers 17 heures, mais lorsque l\u2019acheteur, un jeune homme de 22 ans, s\u2019est pr\u00e9sent\u00e9 sur les lieux en compagnie de son petit fr\u00e8re, le vendeur a \u00e9t\u00e9 rapidement rejoint par deux hommes arm\u00e9s d\u2019un fusil \u00e0 pompe et d\u2019un pistolet. Les agresseurs ont contraint les victimes \u00e0 leur livrer l\u2019argent qui aurait d\u00fb \u00eatre vers\u00e9 en \u00e9change de la moto, soit 2\u00a0000\u00a0euros, ainsi qu\u2019un t\u00e9l\u00e9phone.<\/p>\n<p>Ce contenu est bloqu\u00e9 car vous n&rsquo;avez pas accept\u00e9 les cookies et autres traceurs.<\/p>\n<p>En cliquant sur \u00ab J\u2019accepte \u00bb, les cookies et autres traceurs seront d\u00e9pos\u00e9s et vous pourrez visualiser les contenus  (<a href=\"\" class=\"consentModule_policy\" target=\"_blank\" title=\"Consulter la politique de protection des donn\u00e9es du fournisseur\">plus d&rsquo;informations<\/a>).<\/p>\n<p>En cliquant sur \u00ab J\u2019accepte tous les cookies \u00bb, vous autorisez des d\u00e9p\u00f4ts de cookies et autres traceurs pour le stockage de vos donn\u00e9es sur nos sites et applications \u00e0 des fins de personnalisation et de ciblage publicitaire.<\/p>\n<p class=\"consentModule_secondaryText\">Vous gardez la possibilit\u00e9 de retirer votre consentement \u00e0 tout moment en consultant notre <a href=\"https:\/\/www.ledauphine.com\/protection-des-donnees\" target=\"_blank\" title=\"Consulter notre politique de protection des donn\u00e9es\" rel=\"noopener\">politique de protection des donn\u00e9es<\/a>. <br \/>&#13;<br \/>\n            <a href=\"https:\/\/www.ledauphine.com\/faits-divers-justice\/2025\/07\/21\/javascript:Didomi.notice.show()\" class=\"consentModule_cmp\" target=\"_blank\" rel=\"noopener\">G\u00e9rer mes choix<\/a>&#13;\n        <\/p>\n<p>&#13;<br \/>\n                        J&rsquo;accepte&#13;<br \/>\n            J&rsquo;accepte tous les cookies&#13;\n        <\/p>\n<p>Les trois voleurs ont ensuite pris la fuite mais moins d\u2019une heure apr\u00e8s l\u2019attaque, le suspect principal, le faux vendeur, a \u00e9t\u00e9 interpell\u00e9 par la Brigade sp\u00e9cialis\u00e9e de terrain (BST) dans le quartier, plus pr\u00e9cis\u00e9ment au 42 galerie de l\u2019Arlequin, gr\u00e2ce au signalement donn\u00e9 par les victimes. Cet adolescent de 16 ans a \u00e9t\u00e9 plac\u00e9 en garde \u00e0 vue et l\u2019enqu\u00eate se poursuit.<\/p>\n","protected":false},"excerpt":{"rendered":"Deux jeunes gens qui pensaient avoir rendez-vous avec le propri\u00e9taire d\u2019une moto mise en vente sur un site&hellip;\n","protected":false},"author":2,"featured_media":263010,"comment_status":"","ping_status":"","sticky":false,"template":"","format":"standard","meta":{"footnotes":""},"categories":[9566],"tags":[1111,11,2430,271,272,112,1777,674,274,107,1011,27,2731,2732,108,12,25],"class_list":{"0":"post-263009","1":"post","2":"type-post","3":"status-publish","4":"format-standard","5":"has-post-thumbnail","7":"category-grenoble","8":"tag-actu","9":"tag-actualites","10":"tag-auvergne-rhone-alpes","11":"tag-crime","12":"tag-delit-et-contravention","13":"tag-edition-grenoble-agglomeration","14":"tag-eu","15":"tag-europe","16":"tag-faits-divers-justice","17":"tag-fil-info","18":"tag-fr","19":"tag-france","20":"tag-grenoble","21":"tag-grenoble-bassin","22":"tag-isere","23":"tag-news","24":"tag-republique-francaise"},"share_on_mastodon":{"url":"","error":""},"_links":{"self":[{"href":"https:\/\/www.europesays.com\/fr\/wp-json\/wp\/v2\/posts\/263009","targetHints":{"allow":["GET"]}}],"collection":[{"href":"https:\/\/www.europesays.com\/fr\/wp-json\/wp\/v2\/posts"}],"about":[{"href":"https:\/\/www.europesays.com\/fr\/wp-json\/wp\/v2\/types\/post"}],"author":[{"embeddable":true,"href":"https:\/\/www.europesays.com\/fr\/wp-json\/wp\/v2\/users\/2"}],"replies":[{"embeddable":true,"href":"https:\/\/www.europesays.com\/fr\/wp-json\/wp\/v2\/comments?post=263009"}],"version-history":[{"count":0,"href":"https:\/\/www.europesays.com\/fr\/wp-json\/wp\/v2\/posts\/263009\/revisions"}],"wp:featuredmedia":[{"embeddable":true,"href":"https:\/\/www.europesays.com\/fr\/wp-json\/wp\/v2\/media\/263010"}],"wp:attachment":[{"href":"https:\/\/www.europesays.com\/fr\/wp-json\/wp\/v2\/media?parent=263009"}],"wp:term":[{"taxonomy":"category","embeddable":true,"href":"https:\/\/www.europesays.com\/fr\/wp-json\/wp\/v2\/categories?post=263009"},{"taxonomy":"post_tag","embeddable":true,"href":"https:\/\/www.europesays.com\/fr\/wp-json\/wp\/v2\/tags?post=263009"}],"curies":[{"name":"wp","href":"https:\/\/api.w.org\/{rel}","templated":true}]}}