{"id":263014,"date":"2025-07-21T09:30:14","date_gmt":"2025-07-21T09:30:14","guid":{"rendered":"https:\/\/www.europesays.com\/fr\/263014\/"},"modified":"2025-07-21T09:30:14","modified_gmt":"2025-07-21T09:30:14","slug":"strasbourg-la-croisiere-hip-hop-au-fil-de-lill-a-tenu-ses-promesses","status":"publish","type":"post","link":"https:\/\/www.europesays.com\/fr\/263014\/","title":{"rendered":"Strasbourg. La croisi\u00e8re hip-hop au fil de l\u2019Ill a tenu ses promesses"},"content":{"rendered":"<p>Ironie du calendrier, ce concert avait lieu le m\u00eame soir que le match de football f\u00e9minin France-Allemagne lequel s\u2019est sold\u00e9 par une victoire des joueuses d\u2019outre-Rhin. Mais sur le bateau de Beats ont the boat, et son \u00e9quipage \u00e0 dominante franco-allemande, il n\u2019y avait ni vaincu ni vainqueur. Que des gagnants. Tout le monde \u2013 une petite cinquantaine de personnes \u2014 \u00e9tait sur le pont d\u00e8s 20\u00a0h\u00a030 laissant \u00e0 quai mauvaises pens\u00e9es et autres gal\u00e8res pour se laisser guider pendant deux bonnes heures par les bonnes ondes des Zweierpasch. Les fr\u00e8res jumeaux Till et Felix Neumann encha\u00eenent depuis quelques ann\u00e9es les performances. <a href=\"https:\/\/www.dna.fr\/culture-loisirs\/2023\/09\/20\/zweierpasch-balance-son-flow-dans-le-tram\" target=\"_blank\" rel=\"nofollow noopener\">Concert dans le tram entre Strasbourg et Kehl il y a deux ans<\/a> , enregistrement l\u2019an pass\u00e9 d\u2019un album live en For\u00eat-Noire\u2026 Avant cette prestation d\u00e9sormais sur l\u2019Ill. Ils visaient le Rhin, \u00ab\u00a0mais Batorama n\u2019y circule que de jour\u00a0\u00bb regrette Felix. Beats on the boat \u00e9tant une affaire de noctambules, on se laisse donc guider par la lune.<\/p>\n<p>L\u2019initiative est \u00e0 la base franco-allemande, le rappeur strasbourgeois <a href=\"https:\/\/www.dna.fr\/culture-loisirs\/2025\/06\/02\/le-rappeur-nebbiu-scande-son-spleen\" target=\"_blank\" rel=\"nofollow noopener\">Nebbiu<\/a> assurant la premi\u00e8re partie avec quatre morceaux issus de son premier EP Roc. Nebbiu et les Zweierpasch ont fait connaissance l\u2019an pass\u00e9 lors du concours de clips coorganis\u00e9s par le cin\u00e9ma Star et la Laiterie. Le propos introspectif et n\u00e9anmoins entra\u00eenant du premier compl\u00e9tant parfaitement la d\u00e9marche militante des fr\u00e8res Neumann qui dans un second temps vont d\u00e9rouler leur set list et promouvoir leur derni\u00e8re \u00ab\u00a0p\u00e9pite\u00a0\u00bb Rheinperlen.<\/p>\n<p>  Combo trompette-guitare-batterie<\/p>\n<p>La base arri\u00e8re, un combo trompette-guitare-batterie, donne du coffre. Et la temp\u00e9rature monte d\u2019un cran quand deux danseurs invitent au d\u00e9hanchement. Si un open mic transfrontalier donne voix au chapitre \u00e0 des artistes divers et tr\u00e8s vari\u00e9s comme <a href=\"https:\/\/www.dna.fr\/culture-loisirs\/2023\/03\/09\/pascal-vecca-a-fete-15-ans-de-carriere-avec-son-public\" target=\"_blank\" rel=\"nofollow noopener\">Pascal Vecca<\/a> ou Ansgar Hufnagel, cette mini-croisi\u00e8re prend r\u00e9ellement sa dimension interculturelle quand la jeune Sunam Kohistani vient t\u00e9moigner au micro du sort des femmes afghanes. Puis c\u2019est au tour de Margarita Koshy d\u2019\u00e9voquer le triste destin des enfants en Ukraine.<\/p>\n<p>Les passagers de ce Beats on the boat ont pu ensuite poster, via une bouteille, des messages de paix. Avant que le Doubs \u2013 un nom bien choisi pour le bateau &#8211; ne les red\u00e9pose \u00e0 quai. Avec des sourires et des c\u0153urs un peu plus l\u00e9gers.<\/p>\n","protected":false},"excerpt":{"rendered":"Ironie du calendrier, ce concert avait lieu le m\u00eame soir que le match de football f\u00e9minin France-Allemagne lequel&hellip;\n","protected":false},"author":2,"featured_media":263015,"comment_status":"","ping_status":"","sticky":false,"template":"","format":"standard","meta":{"footnotes":""},"categories":[2820],"tags":[1111,11,2389,1687,2880,1777,674,107,1011,27,5325,2798,775,873,12,25,640,2879],"class_list":{"0":"post-263014","1":"post","2":"type-post","3":"status-publish","4":"format-standard","5":"has-post-thumbnail","7":"category-strasbourg","8":"tag-actu","9":"tag-actualites","10":"tag-alsace","11":"tag-culture-loisirs","12":"tag-edition-strasbourg","13":"tag-eu","14":"tag-europe","15":"tag-fil-info","16":"tag-fr","17":"tag-france","18":"tag-galerie-media","19":"tag-galerie-photo","20":"tag-grand-est","21":"tag-musique","22":"tag-news","23":"tag-republique-francaise","24":"tag-strasbourg","25":"tag-strasbourg-ville"},"share_on_mastodon":{"url":"https:\/\/pubeurope.com\/@fr\/114890527397129791","error":""},"_links":{"self":[{"href":"https:\/\/www.europesays.com\/fr\/wp-json\/wp\/v2\/posts\/263014","targetHints":{"allow":["GET"]}}],"collection":[{"href":"https:\/\/www.europesays.com\/fr\/wp-json\/wp\/v2\/posts"}],"about":[{"href":"https:\/\/www.europesays.com\/fr\/wp-json\/wp\/v2\/types\/post"}],"author":[{"embeddable":true,"href":"https:\/\/www.europesays.com\/fr\/wp-json\/wp\/v2\/users\/2"}],"replies":[{"embeddable":true,"href":"https:\/\/www.europesays.com\/fr\/wp-json\/wp\/v2\/comments?post=263014"}],"version-history":[{"count":0,"href":"https:\/\/www.europesays.com\/fr\/wp-json\/wp\/v2\/posts\/263014\/revisions"}],"wp:featuredmedia":[{"embeddable":true,"href":"https:\/\/www.europesays.com\/fr\/wp-json\/wp\/v2\/media\/263015"}],"wp:attachment":[{"href":"https:\/\/www.europesays.com\/fr\/wp-json\/wp\/v2\/media?parent=263014"}],"wp:term":[{"taxonomy":"category","embeddable":true,"href":"https:\/\/www.europesays.com\/fr\/wp-json\/wp\/v2\/categories?post=263014"},{"taxonomy":"post_tag","embeddable":true,"href":"https:\/\/www.europesays.com\/fr\/wp-json\/wp\/v2\/tags?post=263014"}],"curies":[{"name":"wp","href":"https:\/\/api.w.org\/{rel}","templated":true}]}}