{"id":26302,"date":"2025-04-15T10:15:47","date_gmt":"2025-04-15T10:15:47","guid":{"rendered":"https:\/\/www.europesays.com\/fr\/26302\/"},"modified":"2025-04-15T10:15:47","modified_gmt":"2025-04-15T10:15:47","slug":"deja-barricades-les-riverains-des-baumettes-angoissent-a-lapproche-de-la-nouvelle-extension-de-la-prison","status":"publish","type":"post","link":"https:\/\/www.europesays.com\/fr\/26302\/","title":{"rendered":"d\u00e9j\u00e0 barricad\u00e9s, les riverains des Baumettes angoissent \u00e0 l\u2019approche de la nouvelle extension de la prison"},"content":{"rendered":"<p>Construite, \u00e0 l\u2019origine, loin de toute vie humaine, la prison marseillaise est d\u00e9sormais au c\u0153ur d\u2019un quartier o\u00f9 les fen\u00eatres des habitations donnent parfois sur les cellules. La livraison, en fin d\u2019ann\u00e9e, d\u2019une nouvelle extension inqui\u00e8te d\u2019autant plus les riverains.<\/p>\n<p class=\"fig-paragraph\">Le soir, quand elle regarde la t\u00e9l\u00e9vision, \u00c9liane Gastaud est oblig\u00e9e de mettre des \u00e9couteurs pour entendre le son. \u00abEt je les entends quand m\u00eame \u00e0 travers les \u00e9couteurs\u00bb, soupire la Marseillaise qui vit dans ce quartier depuis 60 ans. \u00c9liane Gastaud habite juste \u00e0 c\u00f4t\u00e9 de la c\u00e9l\u00e8bre prison des Baumettes, aux portes des calanques de Marseille. \u00abElle est de l\u2019autre c\u00f4t\u00e9 de la rue\u00bb, rapporte-t-elle. Mais, depuis quelques ann\u00e9es, le quotidien est loin d\u2019\u00eatre paisible selon elle. De chez elle, elle entend r\u00e9guli\u00e8rement le bruit fait par les d\u00e9tenus, qui communiquent entre eux d\u2019une fen\u00eatre \u00e0 l\u2019autre de leurs cellules en criant. \u00abIl y a aussi les parloirs sauvages, explique-t-elle. Les familles montent sur les murs des riverains au bord de la route et crient en direction de la prison. Cela dit, ils le font moins depuis que ceux qui sont les plus proches ont mis des barbel\u00e9s et des tessons de bouteille sur leurs murs pour les en emp\u00eacher.\u00bb<\/p>\n<p class=\"fig-paragraph\">\u00c0 en croire \u00c9liane Gastaud, les ennuis ont commenc\u00e9 \u00e0 l\u2019ouverture des\u00a0<a href=\"https:\/\/www.lefigaro.fr\/actualite-france\/2018\/05\/29\/01016-20180529ARTFIG00268-les-baumettes-2-ou-la-prison-catastrophe.php\" data-fig-type=\"Article\" data-gtm-custom-categorie=\"navigation\" data-gtm-custom-action=\"crossclick\" data-gtm-custom-label=\"Contextuel\" data-gtm-event=\"customEventSPE\" data-fig-domain=\"LEFIGARO\" rel=\"nofollow noopener\" target=\"_blank\">Baumettes 2,<\/a>\u00a0premi\u00e8re extension du b\u00e2timent historique construit dans les ann\u00e9es 1930, \u00e0 une \u00e9poque o\u00f9 aucune habitation n\u2019\u00e9tait construite alentour. \u00abDepuis, c\u2019est compliqu\u00e9, souffle-t-elle. Quand ils se font passer des messages par yoyo \u00e0 travers les fen\u00eatres et que \u00e7a n\u2019est pas arriv\u00e9 \u00e0 destination, \u00e7a crie, \u00e7a hurle, \u00e7a insulte&#8230;\u00bb La Marseillaise pr\u00e9side le collectif des voisins des Baumettes, las \u00e9galement de subir les nuisances li\u00e9es \u00e0 la promiscuit\u00e9 avec la prison.<\/p>\n<p class=\"fig-paragraph\">Depuis leurs fen\u00eatres, certains riverains ont directement vue sur les cellules des d\u00e9tenus. \u00abTout le monde monte des murs pour se prot\u00e9ger, rapporte \u00c9liane Gastaud. Ceux qui habitent en rez-de-chauss\u00e9e font pousser des bambous dans leurs jardins pour cacher la vue.\u00bb \u00abLa vie des riverains n\u2019est pas simple, reconna\u00eet la maire de secteur, Anne-Marie d\u2019Estienne d\u2019Orves. Et au regard de la situation actuelle, je comprends que l\u2019arriv\u00e9e de 130 d\u00e9tenus suppl\u00e9mentaires soit un sujet d\u2019angoisse.\u00bb<\/p>\n<p>Des angoisses autour de Baumettes 3<\/p>\n<p class=\"fig-paragraph\"><a href=\"http:\/\/www.lefigaro.fr\/marseille\/a-peine-inaugurees-les-prisons-de-marseille-et-d-aix-en-provence-debordent-deja-20240415\" data-fig-type=\"NewsFlash\" data-gtm-custom-categorie=\"navigation\" data-gtm-custom-action=\"crossclick\" data-gtm-custom-label=\"Contextuel\" data-gtm-event=\"customEventSPE\" data-fig-domain=\"LEFIGARO\" rel=\"nofollow noopener\" target=\"_blank\">Les Baumettes 2, livr\u00e9es en 2017, \u00e9tant d\u00e9j\u00e0 victimes de surpopulation<\/a>, une nouvelle extension,\u00a0<a href=\"http:\/\/www.lefigaro.fr\/marseille\/c-est-n-importe-quoi-a-marseille-la-construction-d-un-theatre-dans-la-prison-des-baumettes-irrite-les-surveillants-20250321\" data-fig-type=\"NewsFlash\" data-gtm-custom-categorie=\"navigation\" data-gtm-custom-action=\"crossclick\" data-gtm-custom-label=\"Contextuel\" data-gtm-event=\"customEventSPE\" data-fig-domain=\"LEFIGARO\" rel=\"nofollow noopener\" target=\"_blank\">Baumettes 3<\/a>, ouvrira dans le m\u00eame secteur \u00e0 la fin de l\u2019ann\u00e9e 2025. \u00abOn est tr\u00e8s inquiets, confie \u00c9liane Gastaud. On craint de nouvelles nuisances. On voit que le mur pare-vue a \u00e9t\u00e9 construit de sorte qu\u2019il ne cache pas toute la prison. On voudrait que ce soit le cas. On a demand\u00e9 aussi \u00e0 ce que les cellules des d\u00e9tenus qui donnent sur nos maisons soient des cellules occup\u00e9es par des d\u00e9tenus calmes. Mais on nous a expliqu\u00e9 que ce n\u2019\u00e9tait pas possible de faire le tri.\u00bb Pour \u00c9liane Gastaud, \u00abil aurait peut-\u00eatre mieux fallu construire une prison en dehors de la ville.\u00bb<\/p>\n<p class=\"fig-paragraph\">La Marseillaise reconna\u00eet toutefois avoir \u00e9t\u00e9 associ\u00e9e, via son collectif, \u00e0 l\u2019\u00e9laboration de ce projet. \u00abMais on va rencontrer des soucis au d\u00e9but, soupire Anne-Marie d\u2019Estienne d\u2019Orves. C\u2019est certain.\u00bb \u00abLes contacts entre la direction du centre p\u00e9nitentiaire des Baumettes et les riverains sont r\u00e9guliers, affirme de son c\u00f4t\u00e9 l\u2019administration. En effet, le chef d\u2019\u00e9tablissement re\u00e7oit de mani\u00e8re bimensuelle des membres de l\u2019association des riverains pour des temps d\u2019\u00e9changes et des appels t\u00e9l\u00e9phoniques fr\u00e9quents permettent \u00e9galement des \u00e9changes d\u2019informations. La derni\u00e8re r\u00e9union s\u2019est tenue le 14 mars 2025.\u00bb<\/p>\n<p class=\"fig-paragraph\">\u00abLes personnels de l\u2019\u00e9tablissement sont tr\u00e8s attentifs aux nuisances sonores dues notamment aux d\u00e9gradations des fen\u00eatres des cellules par les personnes d\u00e9tenues et apportent des r\u00e9ponses aussi rapides que possible, poursuit cette m\u00eame source. Les fen\u00eatres d\u00e9grad\u00e9es sont r\u00e9par\u00e9es dans un d\u00e9lai de 48 heures maximum.\u00bb En mars, 35 interventions ont \u00e9t\u00e9 recens\u00e9es.<\/p>\n","protected":false},"excerpt":{"rendered":"Construite, \u00e0 l\u2019origine, loin de toute vie humaine, la prison marseillaise est d\u00e9sormais au c\u0153ur d\u2019un quartier o\u00f9&hellip;\n","protected":false},"author":2,"featured_media":26303,"comment_status":"","ping_status":"","sticky":false,"template":"","format":"standard","meta":{"footnotes":""},"categories":[2814],"tags":[1111,11,885,9372,1182,1180,1181,1777,674,1011,27,1184,1185,884,12,1177,2901,1176,149,806,1186,882,25,1178,1183,1179],"class_list":{"0":"post-26302","1":"post","2":"type-post","3":"status-publish","4":"format-standard","5":"has-post-thumbnail","7":"category-marseille","8":"tag-actu","9":"tag-actualites","10":"tag-bouches-du-rhone","11":"tag-bruit","12":"tag-calanques","13":"tag-canebiere","14":"tag-cite-phoceenne","15":"tag-eu","16":"tag-europe","17":"tag-fr","18":"tag-france","19":"tag-la-timone","20":"tag-les-baumettes-mediterranee","21":"tag-marseille","22":"tag-news","23":"tag-notre-dame-de-la-garde","24":"tag-nuisances-sonores","25":"tag-olympique-de-marseille","26":"tag-om","27":"tag-prison","28":"tag-provence","29":"tag-provence-alpes-cote-dazur","30":"tag-republique-francaise","31":"tag-saint-charles","32":"tag-sormiou","33":"tag-vieux-port"},"share_on_mastodon":{"url":"https:\/\/pubeurope.com\/@fr\/114341464185042253","error":""},"_links":{"self":[{"href":"https:\/\/www.europesays.com\/fr\/wp-json\/wp\/v2\/posts\/26302","targetHints":{"allow":["GET"]}}],"collection":[{"href":"https:\/\/www.europesays.com\/fr\/wp-json\/wp\/v2\/posts"}],"about":[{"href":"https:\/\/www.europesays.com\/fr\/wp-json\/wp\/v2\/types\/post"}],"author":[{"embeddable":true,"href":"https:\/\/www.europesays.com\/fr\/wp-json\/wp\/v2\/users\/2"}],"replies":[{"embeddable":true,"href":"https:\/\/www.europesays.com\/fr\/wp-json\/wp\/v2\/comments?post=26302"}],"version-history":[{"count":0,"href":"https:\/\/www.europesays.com\/fr\/wp-json\/wp\/v2\/posts\/26302\/revisions"}],"wp:featuredmedia":[{"embeddable":true,"href":"https:\/\/www.europesays.com\/fr\/wp-json\/wp\/v2\/media\/26303"}],"wp:attachment":[{"href":"https:\/\/www.europesays.com\/fr\/wp-json\/wp\/v2\/media?parent=26302"}],"wp:term":[{"taxonomy":"category","embeddable":true,"href":"https:\/\/www.europesays.com\/fr\/wp-json\/wp\/v2\/categories?post=26302"},{"taxonomy":"post_tag","embeddable":true,"href":"https:\/\/www.europesays.com\/fr\/wp-json\/wp\/v2\/tags?post=26302"}],"curies":[{"name":"wp","href":"https:\/\/api.w.org\/{rel}","templated":true}]}}