{"id":263020,"date":"2025-07-21T09:33:10","date_gmt":"2025-07-21T09:33:10","guid":{"rendered":"https:\/\/www.europesays.com\/fr\/263020\/"},"modified":"2025-07-21T09:33:10","modified_gmt":"2025-07-21T09:33:10","slug":"meteo-a-nice-des-rafales-de-vent-vont-balayer-la-ville-les-previsions","status":"publish","type":"post","link":"https:\/\/www.europesays.com\/fr\/263020\/","title":{"rendered":"M\u00e9t\u00e9o \u00e0 Nice. Des rafales de vent vont balayer la ville, les pr\u00e9visions"},"content":{"rendered":"<p>            Par<br \/>\n        <strong><br \/>\n            <a href=\"https:\/\/actu.fr\/auteur\/ugo-maillard\" title=\"Consulter tous les articles de Ugo Maillard\" rel=\"nofollow noopener\" target=\"_blank\">Ugo Maillard<\/a><br \/>\n        <\/strong><\/p>\n<p>        Publi\u00e9 le<\/p>\n<p>            21 juil. 2025 \u00e0 10h26        <\/p>\n<p>Une premi\u00e8re journ\u00e9e de semaine mouvement\u00e9e. Des rafales de vent pouvant atteindre les <strong>65\u00a0km\/h<\/strong> sont attendues ce lundi 21\u00a0juillet 2025 dans les rues de <a href=\"https:\/\/actu.fr\/nice\/\" rel=\"nofollow noopener\" target=\"_blank\">Nice<\/a> (<a href=\"https:\/\/actu.fr\/provence-alpes-cote-d-azur\/alpes-maritimes_06\" rel=\"nofollow noopener\" target=\"_blank\">Alpes-Maritimes<\/a>).<\/p>\n<p class=\" wall-content\">Selon les pr\u00e9visions m\u00e9t\u00e9orologiques de <a href=\"https:\/\/actu.fr\/tag\/meteo-france\" rel=\"nofollow noopener\" target=\"_blank\">M\u00e9t\u00e9o France<\/a>, les premi\u00e8res bourrasques sont annonc\u00e9es dans la matin\u00e9e.<\/p>\n<p>Une intensification au fil de la journ\u00e9e<\/p>\n<p class=\" wall-content\">Ce lundi matin, les rafales de vent atteindront les 45\u00a0km\/h localement, indique le service officiel de la m\u00e9t\u00e9orologie et de la climatologie en France.<\/p>\n<p class=\" wall-content\">Au fil de la journ\u00e9e, le vent devrait gagner en vigueur. Les plus fortes bourrasques sont pr\u00e9vues pour l\u2019apr\u00e8s-midi avec des pics pouvant atteindre les 65\u00a0km\/h \u00e0 Nice.<\/p>\n<p class=\" wall-content\">\u00c0 noter que des rafales sont \u00e9galement annonc\u00e9es sur le littoral comme \u00e0 <a href=\"https:\/\/actu.fr\/provence-alpes-cote-d-azur\/antibes_06004\" rel=\"nofollow noopener\" target=\"_blank\">Antibes<\/a> (60\u00a0km\/h) ou \u00e0 <a href=\"https:\/\/actu.fr\/provence-alpes-cote-d-azur\/menton_06083\" rel=\"nofollow noopener\" target=\"_blank\">Menton<\/a> (55\u00a0km\/h).<\/p>\n<p>Vid\u00e9os : en ce moment sur ActuUne journ\u00e9e ensoleill\u00e9e<\/p>\n<p class=\" wall-content\">Hormis des rafales de vent, parfois violentes, les conditions m\u00e9t\u00e9orologiques seront agr\u00e9ables ce lundi 21\u00a0juillet.<\/p>\n<p class=\" wall-content\">Le ciel sera d\u00e9gag\u00e9 tout au long de la journ\u00e9e et le mercure pourrait grimper <strong>jusqu\u2019\u00e0 32\u00b0C<\/strong>, \u00e0 Nice.<\/p>\n<p class=\" wall-content\">Suivez toute l\u2019actualit\u00e9 de vos villes et m\u00e9dias favoris en vous inscrivant \u00e0 <a href=\"https:\/\/moncompte.actu.fr\" title=\"D\u00e9couvez Mon Actu\" rel=\"nofollow noopener\" data-trk=\"{&quot;cta&quot;:{&quot;action&quot;:&quot;https:\\\/\\\/moncompte.actu.fr&quot;,&quot;category&quot;:&quot;mon compte&quot;,&quot;from&quot;:&quot;article footer&quot;,&quot;name&quot;:&quot;Mon actu&quot;,&quot;type&quot;:&quot;cta&quot;}}\" target=\"_blank\">Mon Actu<\/a>.<\/p>\n","protected":false},"excerpt":{"rendered":"Par Ugo Maillard Publi\u00e9 le 21 juil. 2025 \u00e0 10h26 Une premi\u00e8re journ\u00e9e de semaine mouvement\u00e9e. Des rafales&hellip;\n","protected":false},"author":2,"featured_media":263021,"comment_status":"","ping_status":"","sticky":false,"template":"","format":"standard","meta":{"footnotes":""},"categories":[2819],"tags":[1111,11,1777,674,1011,27,2487,2357,12,2401,882,25],"class_list":{"0":"post-263020","1":"post","2":"type-post","3":"status-publish","4":"format-standard","5":"has-post-thumbnail","7":"category-nice","8":"tag-actu","9":"tag-actualites","10":"tag-eu","11":"tag-europe","12":"tag-fr","13":"tag-france","14":"tag-meteo","15":"tag-meteo-france","16":"tag-news","17":"tag-nice","18":"tag-provence-alpes-cote-dazur","19":"tag-republique-francaise"},"share_on_mastodon":{"url":"https:\/\/pubeurope.com\/@fr\/114890539191463242","error":""},"_links":{"self":[{"href":"https:\/\/www.europesays.com\/fr\/wp-json\/wp\/v2\/posts\/263020","targetHints":{"allow":["GET"]}}],"collection":[{"href":"https:\/\/www.europesays.com\/fr\/wp-json\/wp\/v2\/posts"}],"about":[{"href":"https:\/\/www.europesays.com\/fr\/wp-json\/wp\/v2\/types\/post"}],"author":[{"embeddable":true,"href":"https:\/\/www.europesays.com\/fr\/wp-json\/wp\/v2\/users\/2"}],"replies":[{"embeddable":true,"href":"https:\/\/www.europesays.com\/fr\/wp-json\/wp\/v2\/comments?post=263020"}],"version-history":[{"count":0,"href":"https:\/\/www.europesays.com\/fr\/wp-json\/wp\/v2\/posts\/263020\/revisions"}],"wp:featuredmedia":[{"embeddable":true,"href":"https:\/\/www.europesays.com\/fr\/wp-json\/wp\/v2\/media\/263021"}],"wp:attachment":[{"href":"https:\/\/www.europesays.com\/fr\/wp-json\/wp\/v2\/media?parent=263020"}],"wp:term":[{"taxonomy":"category","embeddable":true,"href":"https:\/\/www.europesays.com\/fr\/wp-json\/wp\/v2\/categories?post=263020"},{"taxonomy":"post_tag","embeddable":true,"href":"https:\/\/www.europesays.com\/fr\/wp-json\/wp\/v2\/tags?post=263020"}],"curies":[{"name":"wp","href":"https:\/\/api.w.org\/{rel}","templated":true}]}}