{"id":26304,"date":"2025-04-15T10:16:20","date_gmt":"2025-04-15T10:16:20","guid":{"rendered":"https:\/\/www.europesays.com\/fr\/26304\/"},"modified":"2025-04-15T10:16:20","modified_gmt":"2025-04-15T10:16:20","slug":"aux-assises-lumiere-sur-des-vieux-et-violents-braquages","status":"publish","type":"post","link":"https:\/\/www.europesays.com\/fr\/26304\/","title":{"rendered":"aux assises, lumi\u00e8re sur des vieux et violents braquages"},"content":{"rendered":"<p>Dr\u00f4le d\u2019anniversaire que celui que va conna\u00eetre lundi Pasha Isabekov. Ce G\u00e9orgien sera, pour ses 44 ans, dans le box des accus\u00e9s du palais des 24-Colonnes (Lyon 5e ). Il va \u00eatre jug\u00e9 trois jours, jusqu\u2019\u00e0 mercredi, pour une vieille s\u00e9rie de braquages et tentative de braquage qu\u2019il conteste, survenue entre novembre\u00a02013 et f\u00e9vrier\u00a02015, \u00e0 Bron, Lyon et Saint-Chef (Is\u00e8re).<\/p>\n<p>Une m\u00eame bijouterie, situ\u00e9e cours Lafayette, \u00e0 Lyon 6e , avait \u00e9t\u00e9 cibl\u00e9e \u00e0 deux reprises. La premi\u00e8re fois, le 17\u00a0mai 2013. Le g\u00e9rant avait \u00e9t\u00e9 confront\u00e9 \u00e0 deux malfaiteurs grim\u00e9s qui l\u2019avaient menac\u00e9 avec un revolver avant de prendre la fuite en Ford Escort. Ils avaient perdu une partie du butin lors de leur d\u00e9placement jusqu\u2019\u00e0 la voiture. Cette derni\u00e8re, retrouv\u00e9e dans un garage de l\u2019agglom\u00e9ration lyonnaise, cinq mois plus tard, contenait au moins un bijou d\u00e9rob\u00e9, des \u00e9tiquettes provenant du magasin et un gant noir sur lequel l\u2019ADN de l\u2019accus\u00e9 a \u00e9t\u00e9 d\u00e9couvert.<\/p>\n<p>Coups de poing et de crosse<\/p>\n<p>Bis repetita\u00a0\u00a0<a href=\"https:\/\/www.leprogres.fr\/rhone\/2014\/03\/13\/les-braqueurs-frappent-et-ligotent-le-bijoutier-pour-s-emparer-du-butin\" target=\"_blank\" rel=\"nofollow noopener\">le&#8230;<\/a><\/p>\n","protected":false},"excerpt":{"rendered":"Dr\u00f4le d\u2019anniversaire que celui que va conna\u00eetre lundi Pasha Isabekov. Ce G\u00e9orgien sera, pour ses 44 ans, dans&hellip;\n","protected":false},"author":2,"featured_media":26305,"comment_status":"","ping_status":"","sticky":false,"template":"","format":"standard","meta":{"footnotes":""},"categories":[1889],"tags":[1111,11,2430,271,272,2757,1777,674,274,107,1011,27,2428,2756,12,25,2429],"class_list":{"0":"post-26304","1":"post","2":"type-post","3":"status-publish","4":"format-standard","5":"has-post-thumbnail","7":"category-lyon","8":"tag-actu","9":"tag-actualites","10":"tag-auvergne-rhone-alpes","11":"tag-crime","12":"tag-delit-et-contravention","13":"tag-edition-lyon-villeurbanne","14":"tag-eu","15":"tag-europe","16":"tag-faits-divers-justice","17":"tag-fil-info","18":"tag-fr","19":"tag-france","20":"tag-lyon","21":"tag-lyon-bassin","22":"tag-news","23":"tag-republique-francaise","24":"tag-rhone"},"share_on_mastodon":{"url":"https:\/\/pubeurope.com\/@fr\/114341464269761087","error":""},"_links":{"self":[{"href":"https:\/\/www.europesays.com\/fr\/wp-json\/wp\/v2\/posts\/26304","targetHints":{"allow":["GET"]}}],"collection":[{"href":"https:\/\/www.europesays.com\/fr\/wp-json\/wp\/v2\/posts"}],"about":[{"href":"https:\/\/www.europesays.com\/fr\/wp-json\/wp\/v2\/types\/post"}],"author":[{"embeddable":true,"href":"https:\/\/www.europesays.com\/fr\/wp-json\/wp\/v2\/users\/2"}],"replies":[{"embeddable":true,"href":"https:\/\/www.europesays.com\/fr\/wp-json\/wp\/v2\/comments?post=26304"}],"version-history":[{"count":0,"href":"https:\/\/www.europesays.com\/fr\/wp-json\/wp\/v2\/posts\/26304\/revisions"}],"wp:featuredmedia":[{"embeddable":true,"href":"https:\/\/www.europesays.com\/fr\/wp-json\/wp\/v2\/media\/26305"}],"wp:attachment":[{"href":"https:\/\/www.europesays.com\/fr\/wp-json\/wp\/v2\/media?parent=26304"}],"wp:term":[{"taxonomy":"category","embeddable":true,"href":"https:\/\/www.europesays.com\/fr\/wp-json\/wp\/v2\/categories?post=26304"},{"taxonomy":"post_tag","embeddable":true,"href":"https:\/\/www.europesays.com\/fr\/wp-json\/wp\/v2\/tags?post=26304"}],"curies":[{"name":"wp","href":"https:\/\/api.w.org\/{rel}","templated":true}]}}