{"id":263044,"date":"2025-07-21T09:48:13","date_gmt":"2025-07-21T09:48:13","guid":{"rendered":"https:\/\/www.europesays.com\/fr\/263044\/"},"modified":"2025-07-21T09:48:13","modified_gmt":"2025-07-21T09:48:13","slug":"lieu-classe-deco-recherchee-nespresso-ouvre-a-paris-un-cafe-dans-un-cadre-luxueux-et-historique-21-07-2025-a-1116","status":"publish","type":"post","link":"https:\/\/www.europesays.com\/fr\/263044\/","title":{"rendered":"Lieu class\u00e9, d\u00e9co recherch\u00e9e\u2026 Nespresso ouvre \u00e0 Paris un caf\u00e9 dans un cadre luxueux et historique &#8211; 21\/07\/2025 \u00e0 11:16"},"content":{"rendered":"<p>        <img fetchpriority=\"high\" decoding=\"async\" src=\"https:\/\/www.europesays.com\/fr\/wp-content\/uploads\/2025\/07\/0202b9f959bd6e6a60494d17e3ce3481-760x509.jpg\" alt=\"Les produits pourront \u00eatre emport\u00e9s ou consomm\u00e9s sur place dans la cour de l'h\u00f4tel particulier. (illustration) (AJEL \/ Pixabay)\" loading=\"eager\" width=\"760\" height=\"509\" style=\"max-width: 100%!important; height: auto;\"\/><\/p>\n<p class=\"c-image-news__legend\">Les produits pourront \u00eatre emport\u00e9s ou consomm\u00e9s sur place dans la cour de l&rsquo;h\u00f4tel particulier. (illustration) (AJEL \/ Pixabay)<\/p>\n<p><strong><br \/>\n Le premier coffee shop Nespresso \u00e0 Paris accueille depuis le 18 juillet 2025 le public dans un haut-lieu du patrimoine historique et architectural de la capitale, l\u2019h\u00f4tel des Ambassadeurs de Hollande, au c\u0153ur du quartier du Marais. La carte qui propose pour l&rsquo;instant les caf\u00e9s de la marque et des g\u00e2teaux brioch\u00e9s devrait prochainement s&rsquo;enrichir.<br \/>\n<\/strong><\/p>\n<p>\n Les amateurs de caf\u00e9 ont depuis le 18 juillet 2025 un nouveau lieu \u00e0 d\u00e9couvrir \u00e0 Paris. Il s\u2019agit d\u2019un coffee shop ouvert par une marque bien connue : Nespresso. Le g\u00e9ant suisse n\u2019a pas regard\u00e9 \u00e0 la d\u00e9pense pour s\u00e9duire les clients qui, outre la qualit\u00e9 des boissons d\u00e9gust\u00e9es, sont sensibles aux environnements luxueux. Ce caf\u00e9 particuli\u00e8rement luxueux est en effet install\u00e9 au sein d\u2019un h\u00f4tel particulier du quartier du Marais, d\u00e9taille<\/p>\n<p>  <a href=\"https:\/\/www.capital.fr\/entreprises-marches\/george-clooney-sera-t-il-invite-nespresso-inaugure-son-premier-coffee-shop-a-paris-1516078\" rel=\"nofollow noopener noreferrer\" target=\"_blank\"><br \/>\n   Capital<br \/>\n  <\/a><\/p>\n<p> le 18 juillet 2025.\n<\/p>\n<p>\n Le b\u00e2timent datant du XVIIe si\u00e8cle, appel\u00e9 l\u2019h\u00f4tel des Ambassadeurs de Hollande, est situ\u00e9 dans le quatri\u00e8me arrondissement de la capitale, rue Vieille du Temple. En plus du majestueux cadre naturel offert par le site, Nespresso a confi\u00e9 la d\u00e9coration de son coffee shop \u00e0 l\u2019architecte d&rsquo;int\u00e9rieur Rudy Gu\u00e9naire, qui a opt\u00e9 pour un m\u00e9lange des genres, avec des inspirations puis\u00e9es \u00e0 la fois dans le design moderne, le style italien des ann\u00e9es 1930 et l\u2019architecture baroque.\n<\/p>\n<p> Boissons chaudes ou glac\u00e9es<\/p>\n<p>\n Les clients auront la possibilit\u00e9 d\u2019emporter leur commande ou de la d\u00e9guster sur place, notamment en prenant place dans la cour de l\u2019h\u00f4tel particulier. Apr\u00e8s le r\u00e9gal des yeux, celui des papilles est aussi pr\u00e9vu par les cr\u00e9ateurs du lieu. Dans un premier temps, la carte propose l\u2019ensemble des caf\u00e9s Nespresso en d\u00e9clinaison traditionnelle ou, \u00e9t\u00e9 oblige, glac\u00e9e. Avec en accompagnement possible un palmier brioch\u00e9 \u00e0 choisir dans l\u2019une des quatre saveurs suivantes : pralin\u00e9, tonka, fraise-basilic ou chocolat fleur de sel.\n<\/p>\n<p>\n Nespresso a fait savoir que d\u2019importantes nouveaut\u00e9s interviendraient dans son nouveau coffee shop parisien \u00e0 partir d\u2019octobre 2025. L\u2019entreprise n\u2019a pas souhait\u00e9 donner beaucoup de d\u00e9tails sur les offres qui seront ajout\u00e9es. Elle a toutefois promis des cr\u00e9ations imagin\u00e9es en partenariat avec des chefs et une \u00ab Maison Nespresso \u00bb que la marque a d\u00e9crite comme un lieu qui sortira de l\u2019ordinaire.<\/p>\n","protected":false},"excerpt":{"rendered":"Les produits pourront \u00eatre emport\u00e9s ou consomm\u00e9s sur place dans la cour de l&rsquo;h\u00f4tel particulier. (illustration) (AJEL \/&hellip;\n","protected":false},"author":2,"featured_media":263045,"comment_status":"","ping_status":"","sticky":false,"template":"","format":"standard","meta":{"footnotes":""},"categories":[1888],"tags":[400,1111,1928,11,1927,398,408,405,1777,674,1011,27,403,402,399,404,12,1926,626,1925,25,401,406,407],"class_list":{"0":"post-263044","1":"post","2":"type-post","3":"status-publish","4":"format-standard","5":"has-post-thumbnail","7":"category-paris","8":"tag-action-cac-40","9":"tag-actu","10":"tag-actu-paris","11":"tag-actualites","12":"tag-actualites-paris","13":"tag-bourse-de-paris","14":"tag-boursorama","15":"tag-cotations","16":"tag-eu","17":"tag-europe","18":"tag-fr","19":"tag-france","20":"tag-indices-devises","21":"tag-investir","22":"tag-investissement","23":"tag-marche-boursier","24":"tag-news","25":"tag-news-paris","26":"tag-paris","27":"tag-paris-news","28":"tag-republique-francaise","29":"tag-sicav","30":"tag-trackers","31":"tag-warrants"},"share_on_mastodon":{"url":"https:\/\/pubeurope.com\/@fr\/114890598263193689","error":""},"_links":{"self":[{"href":"https:\/\/www.europesays.com\/fr\/wp-json\/wp\/v2\/posts\/263044","targetHints":{"allow":["GET"]}}],"collection":[{"href":"https:\/\/www.europesays.com\/fr\/wp-json\/wp\/v2\/posts"}],"about":[{"href":"https:\/\/www.europesays.com\/fr\/wp-json\/wp\/v2\/types\/post"}],"author":[{"embeddable":true,"href":"https:\/\/www.europesays.com\/fr\/wp-json\/wp\/v2\/users\/2"}],"replies":[{"embeddable":true,"href":"https:\/\/www.europesays.com\/fr\/wp-json\/wp\/v2\/comments?post=263044"}],"version-history":[{"count":0,"href":"https:\/\/www.europesays.com\/fr\/wp-json\/wp\/v2\/posts\/263044\/revisions"}],"wp:featuredmedia":[{"embeddable":true,"href":"https:\/\/www.europesays.com\/fr\/wp-json\/wp\/v2\/media\/263045"}],"wp:attachment":[{"href":"https:\/\/www.europesays.com\/fr\/wp-json\/wp\/v2\/media?parent=263044"}],"wp:term":[{"taxonomy":"category","embeddable":true,"href":"https:\/\/www.europesays.com\/fr\/wp-json\/wp\/v2\/categories?post=263044"},{"taxonomy":"post_tag","embeddable":true,"href":"https:\/\/www.europesays.com\/fr\/wp-json\/wp\/v2\/tags?post=263044"}],"curies":[{"name":"wp","href":"https:\/\/api.w.org\/{rel}","templated":true}]}}