{"id":263050,"date":"2025-07-21T09:52:11","date_gmt":"2025-07-21T09:52:11","guid":{"rendered":"https:\/\/www.europesays.com\/fr\/263050\/"},"modified":"2025-07-21T09:52:11","modified_gmt":"2025-07-21T09:52:11","slug":"sur-le-champ-de-bataille-ukrainien-le-peril-des-agents-asphyxiants","status":"publish","type":"post","link":"https:\/\/www.europesays.com\/fr\/263050\/","title":{"rendered":"Sur le champ de bataille ukrainien, le p\u00e9ril des agents asphyxiants"},"content":{"rendered":"<p>    R\u00e9sum\u00e9 en 20 secondes<\/p>\n<p>        En savoir plus sur ce type de contenu<\/p>\n<p>Ce r\u00e9sum\u00e9 peut avoir \u00e9t\u00e9 \u00e9crit avec l&rsquo;assistance d\u2019une IA g\u00e9n\u00e9rative. <a href=\"https:\/\/www.letemps.ch\/cyber\/l-usage-de-l-ia-generative-par-les-journalistes-du-temps\" target=\"_blank\" rel=\"noopener\">En savoir plus<\/a><\/p>\n<p class=\"article__abstract-call-to-action\" data-ariato=\"TrackableElement\" data-trackable-element-type=\"article_abstract_cta\" data-trackable-element-location=\"article_header\" data-trackable-element-id=\"500881\">\n        <a data-event=\"click-&gt;clicked\" href=\"https:\/\/www.letemps.ch\/abonnements\" target=\"_blank\" rel=\"noopener\">Abonnez-vous<\/a> pour acc\u00e9der au r\u00e9sum\u00e9 en 20 secondes.\n      <\/p>\n<p>Depuis le 24\u00a0f\u00e9vrier 2022, des armes chimiques interdites auraient \u00e9t\u00e9 d\u00e9ploy\u00e9es pas moins de 9000 fois par la Russie sur le champ de bataille ukrainien. Cette pratique, devenue \u00abcourante\u00bb, \u00abs\u2019intensifie\u00bb, ont alarm\u00e9 les services de renseignement allemand et n\u00e9erlandais <a href=\"https:\/\/www.bnd.bund.de\/DE\/Service\/Public-Intelligence\/_functions\/20250704-chem-waffen-rus-sa.html\" rel=\"nofollow noopener\" target=\"_blank\">dans un rapport conjoint<\/a> publi\u00e9 au d\u00e9but du mois de juillet. Suscitant l\u2019inqui\u00e9tude de Kaja Kallas: \u00abCela montre que la Russie veut infliger le plus de souffrances possibles pour que l\u2019Ukraine capitule. Et, vous savez, c\u2019est vraiment\u2026 insupportable\u00bb, a d\u00e9clar\u00e9 la cheffe de la diplomatie europ\u00e9enne mardi dernier.<\/p>\n<p>S\u2019il \u00e9tait d\u00e9j\u00e0 av\u00e9r\u00e9 que les <a href=\"https:\/\/www.opcw.org\/media-centre\/news\/2024\/11\/opcw-issues-report-its-technical-assistance-visit-ukraine-following\" rel=\"nofollow noopener\" target=\"_blank\">troupes russes utilisaient du gaz CS<\/a> (un gaz lacrymog\u00e8ne rang\u00e9 dans la cat\u00e9gorie d\u2019agent anti\u00e9meute), les services de renseignement allemand et n\u00e9erlandais avancent d\u00e9sormais la preuve que Moscou emploie \u00e9galement de la chloropicrine, un agent plus puissant de la cat\u00e9gorie des suffocants, potentiellement l\u00e9tal lorsqu\u2019il est utilis\u00e9 \u00e0 des concentrations \u00e9lev\u00e9es dans des espaces clos. A fortes doses, il peut \u00e9galement entra\u00eener la c\u00e9cit\u00e9 ou des dommages permanents aux poumons. Quant aux effets \u00e0 long terme, certains rapports s\u2019appuyant sur des t\u00e9moignages de soldats signalent un brouillard c\u00e9r\u00e9bral s\u00e9v\u00e8re, des oublis ou encore un b\u00e9gaiement. Au moins trois personnes auraient \u00e9t\u00e9 tu\u00e9es directement par cette arme chimique et pr\u00e8s de 2500 ont \u00e9t\u00e9 prises en charge pour sympt\u00f4mes compatibles avec une exposition \u00e0 la chloropicrine, selon les autorit\u00e9s sanitaires ukrainiennes.<\/p>\n","protected":false},"excerpt":{"rendered":"R\u00e9sum\u00e9 en 20 secondes En savoir plus sur ce type de contenu Ce r\u00e9sum\u00e9 peut avoir \u00e9t\u00e9 \u00e9crit&hellip;\n","protected":false},"author":2,"featured_media":263051,"comment_status":"","ping_status":"","sticky":false,"template":"","format":"standard","meta":{"footnotes":""},"categories":[1591],"tags":[11,1887,12,301,1885,1886,132,220],"class_list":{"0":"post-263050","1":"post","2":"type-post","3":"status-publish","4":"format-standard","5":"has-post-thumbnail","7":"category-russie","8":"tag-actualites","9":"tag-federation-de-russie","10":"tag-news","11":"tag-premium","12":"tag-russia","13":"tag-russian-federation","14":"tag-russie","15":"tag-ukraine"},"share_on_mastodon":{"url":"https:\/\/pubeurope.com\/@fr\/114890613993517189","error":""},"_links":{"self":[{"href":"https:\/\/www.europesays.com\/fr\/wp-json\/wp\/v2\/posts\/263050","targetHints":{"allow":["GET"]}}],"collection":[{"href":"https:\/\/www.europesays.com\/fr\/wp-json\/wp\/v2\/posts"}],"about":[{"href":"https:\/\/www.europesays.com\/fr\/wp-json\/wp\/v2\/types\/post"}],"author":[{"embeddable":true,"href":"https:\/\/www.europesays.com\/fr\/wp-json\/wp\/v2\/users\/2"}],"replies":[{"embeddable":true,"href":"https:\/\/www.europesays.com\/fr\/wp-json\/wp\/v2\/comments?post=263050"}],"version-history":[{"count":0,"href":"https:\/\/www.europesays.com\/fr\/wp-json\/wp\/v2\/posts\/263050\/revisions"}],"wp:featuredmedia":[{"embeddable":true,"href":"https:\/\/www.europesays.com\/fr\/wp-json\/wp\/v2\/media\/263051"}],"wp:attachment":[{"href":"https:\/\/www.europesays.com\/fr\/wp-json\/wp\/v2\/media?parent=263050"}],"wp:term":[{"taxonomy":"category","embeddable":true,"href":"https:\/\/www.europesays.com\/fr\/wp-json\/wp\/v2\/categories?post=263050"},{"taxonomy":"post_tag","embeddable":true,"href":"https:\/\/www.europesays.com\/fr\/wp-json\/wp\/v2\/tags?post=263050"}],"curies":[{"name":"wp","href":"https:\/\/api.w.org\/{rel}","templated":true}]}}