{"id":263058,"date":"2025-07-21T09:56:12","date_gmt":"2025-07-21T09:56:12","guid":{"rendered":"https:\/\/www.europesays.com\/fr\/263058\/"},"modified":"2025-07-21T09:56:12","modified_gmt":"2025-07-21T09:56:12","slug":"lallemagne-envisage-dannuler-la-hausse-de-la-taxe-sur-le-trafic-aerien-selon-bild","status":"publish","type":"post","link":"https:\/\/www.europesays.com\/fr\/263058\/","title":{"rendered":"L&rsquo;Allemagne envisage d&rsquo;annuler la hausse de la taxe sur le trafic a\u00e9rien, selon Bild"},"content":{"rendered":"<p>L&rsquo;Allemagne pr\u00e9voit de revenir sur l&rsquo;augmentation de la taxe sur le trafic a\u00e9rien, une mesure impopulaire aupr\u00e8s des compagnies a\u00e9riennes, qui sera discut\u00e9e par le gouvernement de coalition dans le cadre des d\u00e9bats budg\u00e9taires pour 2026, rapporte le quotidien Bild ce lundi.<\/p>\n<p>\nLes compagnies a\u00e9riennes internationales d\u00e9noncent depuis longtemps le co\u00fbt \u00e9lev\u00e9 des vols au d\u00e9part et \u00e0 destination des a\u00e9roports allemands, mena\u00e7ant de r\u00e9duire leur activit\u00e9 dans le pays. Parmi les critiques les plus virulentes figurent la compagnie low-cost Ryanair.<\/p>\n<p>\n\u00ab\u00a0L&rsquo;augmentation de la taxe sur le trafic a\u00e9rien doit \u00eatre annul\u00e9e et les redevances dans les a\u00e9roports allemands doivent \u00e9galement \u00eatre r\u00e9duites\u00a0\u00bb, a d\u00e9clar\u00e9 Christoph Ploss, coordinateur de la politique touristique du gouvernement, cit\u00e9 par le journal.<\/p>\n<p>\nSelon Bild, le minist\u00e8re des Transports poussera en faveur d&rsquo;un retour en arri\u00e8re sur cette hausse de la taxe.<\/p>\n<p>\nSuite \u00e0 cette annonce, l&rsquo;action Lufthansa a bri\u00e8vement bondi de 2,2%.<\/p>\n<p>\nLe gouvernement de coalition dirig\u00e9 par le chancelier Friedrich Merz s&rsquo;est engag\u00e9 \u00e0 all\u00e9ger la charge financi\u00e8re pesant sur l&rsquo;aviation, notamment en revenant sur la hausse de la taxe sur le trafic a\u00e9rien, mais n&rsquo;avait pas fix\u00e9 de calendrier dans son accord de coalition.<\/p>\n<p>\nLe ministre des Finances allemand, Lars Klingbeil, doit pr\u00e9senter le projet de budget 2026 la semaine prochaine, les entreprises surveillant de pr\u00e8s les all\u00e9gements promis, alors que les finances publiques sont sous pression en raison de l&rsquo;augmentation des d\u00e9penses de d\u00e9fense et de l&rsquo;incertitude \u00e9conomique.<\/p>\n<p>\nL&rsquo;augmentation de la taxe sur le trafic a\u00e9rien est entr\u00e9e en vigueur en mai 2024, portant la surtaxe sur les vols court-courriers de 12,48\u00a0\u20ac par billet \u00e0 15,53\u00a0\u20ac.<\/p>\n<p>\nChristoph Ploss a accus\u00e9 le gouvernement pr\u00e9c\u00e9dent, dirig\u00e9 par les sociaux-d\u00e9mocrates d\u00e9sormais partenaires minoritaires de la coalition actuelle, d&rsquo;avoir rendu les vacances plus co\u00fbteuses pour des millions d&rsquo;Allemands.<\/p>\n<p>\n\u00ab\u00a0Des vacances bien m\u00e9rit\u00e9es \u00e0 Majorque ne doivent pas devenir inaccessibles\u00a0\u00bb, a-t-il ajout\u00e9.<\/p>\n<p>\nUn retour en arri\u00e8re \u00ab\u00a0serait une premi\u00e8re \u00e9tape urgente dans la bonne direction\u00a0\u00bb, a d\u00e9clar\u00e9 Ralph Beisel, pr\u00e9sident de l&rsquo;association des a\u00e9roports ADV, dans un communiqu\u00e9 adress\u00e9 \u00e0 Reuters. \u00ab\u00a0Notre pays a besoin d&rsquo;une nouvelle orientation de la politique a\u00e9rienne\u00a0\u00bb.<\/p>\n","protected":false},"excerpt":{"rendered":"L&rsquo;Allemagne pr\u00e9voit de revenir sur l&rsquo;augmentation de la taxe sur le trafic a\u00e9rien, une mesure impopulaire aupr\u00e8s des&hellip;\n","protected":false},"author":2,"featured_media":263059,"comment_status":"","ping_status":"","sticky":false,"template":"","format":"standard","meta":{"footnotes":""},"categories":[1587],"tags":[11,672,340,1804,1805,1803,1777,674,1801,12,1802],"class_list":{"0":"post-263058","1":"post","2":"type-post","3":"status-publish","4":"format-standard","5":"has-post-thumbnail","7":"category-allemagne","8":"tag-actualites","9":"tag-allemagne","10":"tag-bourse","11":"tag-bundesrepublik-deutschland","12":"tag-de","13":"tag-deutschland","14":"tag-eu","15":"tag-europe","16":"tag-germany","17":"tag-news","18":"tag-republique-federale-dallemagne"},"share_on_mastodon":{"url":"https:\/\/pubeurope.com\/@fr\/114890629807557325","error":""},"_links":{"self":[{"href":"https:\/\/www.europesays.com\/fr\/wp-json\/wp\/v2\/posts\/263058","targetHints":{"allow":["GET"]}}],"collection":[{"href":"https:\/\/www.europesays.com\/fr\/wp-json\/wp\/v2\/posts"}],"about":[{"href":"https:\/\/www.europesays.com\/fr\/wp-json\/wp\/v2\/types\/post"}],"author":[{"embeddable":true,"href":"https:\/\/www.europesays.com\/fr\/wp-json\/wp\/v2\/users\/2"}],"replies":[{"embeddable":true,"href":"https:\/\/www.europesays.com\/fr\/wp-json\/wp\/v2\/comments?post=263058"}],"version-history":[{"count":0,"href":"https:\/\/www.europesays.com\/fr\/wp-json\/wp\/v2\/posts\/263058\/revisions"}],"wp:featuredmedia":[{"embeddable":true,"href":"https:\/\/www.europesays.com\/fr\/wp-json\/wp\/v2\/media\/263059"}],"wp:attachment":[{"href":"https:\/\/www.europesays.com\/fr\/wp-json\/wp\/v2\/media?parent=263058"}],"wp:term":[{"taxonomy":"category","embeddable":true,"href":"https:\/\/www.europesays.com\/fr\/wp-json\/wp\/v2\/categories?post=263058"},{"taxonomy":"post_tag","embeddable":true,"href":"https:\/\/www.europesays.com\/fr\/wp-json\/wp\/v2\/tags?post=263058"}],"curies":[{"name":"wp","href":"https:\/\/api.w.org\/{rel}","templated":true}]}}