{"id":26306,"date":"2025-04-15T10:17:46","date_gmt":"2025-04-15T10:17:46","guid":{"rendered":"https:\/\/www.europesays.com\/fr\/26306\/"},"modified":"2025-04-15T10:17:46","modified_gmt":"2025-04-15T10:17:46","slug":"un-suspect-place-en-garde-a-vue","status":"publish","type":"post","link":"https:\/\/www.europesays.com\/fr\/26306\/","title":{"rendered":"un suspect plac\u00e9 en garde \u00e0 vue"},"content":{"rendered":"<p>Au petit matin du samedi 12\u00a0avril, une prostitu\u00e9e op\u00e9rant dans le secteur de Gerland a contact\u00e9 la police apr\u00e8s avoir \u00e9t\u00e9 agress\u00e9e par l\u2019un de ses clients. Le conflit a \u00e9clat\u00e9 \u00e0 la suite d\u2019un d\u00e9saccord financier. Le client s\u2019est alors empar\u00e9 d\u2019une canne en bois se trouvant dans la camionnette de la jeune femme et l\u2019a violemment frapp\u00e9e, lui brisant les deux poignets.<\/p>\n<p>  Interpell\u00e9 chez lui<\/p>\n<p>Pour se d\u00e9fendre, elle a sorti un cutter et lui a entaill\u00e9 le visage. Des t\u00e9moins de la sc\u00e8ne, attir\u00e9s par les cris, ont alors vu l\u2019homme prendre la fuite au volant de son v\u00e9hicule, dont ils ont pu relever la plaque d\u2019immatriculation. En menant des recherches, les enqu\u00eateurs ont d\u00e9couvert que l\u2019homme s\u2019\u00e9tait rendu dans un centre hospitalier de la M\u00e9tropole de Lyon pour y recevoir des soins.<\/p>\n<p>N\u00e9 en 1992, le suspect a finalement \u00e9t\u00e9 interpell\u00e9 par la police ce dimanche 13\u00a0avril \u00e0 7\u00a0h\u00a020, \u00e0 son domicile de Villeurbanne, puis plac\u00e9 en garde \u00e0 vue. Une enqu\u00eate en flagrance pour coups et blessures avec arme par destination est en cours.<\/p>\n<p>\u00c2g\u00e9e d\u2019une trentaine d\u2019ann\u00e9es, la jeune femme bless\u00e9e a re\u00e7u quarante-cinq jours d\u2019ITT.<\/p>\n","protected":false},"excerpt":{"rendered":"Au petit matin du samedi 12\u00a0avril, une prostitu\u00e9e op\u00e9rant dans le secteur de Gerland a contact\u00e9 la police&hellip;\n","protected":false},"author":2,"featured_media":26307,"comment_status":"","ping_status":"","sticky":false,"template":"","format":"standard","meta":{"footnotes":""},"categories":[1889],"tags":[1111,11,2430,271,272,2757,1777,674,274,107,1011,27,2428,2756,12,25,2429],"class_list":{"0":"post-26306","1":"post","2":"type-post","3":"status-publish","4":"format-standard","5":"has-post-thumbnail","7":"category-lyon","8":"tag-actu","9":"tag-actualites","10":"tag-auvergne-rhone-alpes","11":"tag-crime","12":"tag-delit-et-contravention","13":"tag-edition-lyon-villeurbanne","14":"tag-eu","15":"tag-europe","16":"tag-faits-divers-justice","17":"tag-fil-info","18":"tag-fr","19":"tag-france","20":"tag-lyon","21":"tag-lyon-bassin","22":"tag-news","23":"tag-republique-francaise","24":"tag-rhone"},"share_on_mastodon":{"url":"https:\/\/pubeurope.com\/@fr\/114341472020726050","error":""},"_links":{"self":[{"href":"https:\/\/www.europesays.com\/fr\/wp-json\/wp\/v2\/posts\/26306","targetHints":{"allow":["GET"]}}],"collection":[{"href":"https:\/\/www.europesays.com\/fr\/wp-json\/wp\/v2\/posts"}],"about":[{"href":"https:\/\/www.europesays.com\/fr\/wp-json\/wp\/v2\/types\/post"}],"author":[{"embeddable":true,"href":"https:\/\/www.europesays.com\/fr\/wp-json\/wp\/v2\/users\/2"}],"replies":[{"embeddable":true,"href":"https:\/\/www.europesays.com\/fr\/wp-json\/wp\/v2\/comments?post=26306"}],"version-history":[{"count":0,"href":"https:\/\/www.europesays.com\/fr\/wp-json\/wp\/v2\/posts\/26306\/revisions"}],"wp:featuredmedia":[{"embeddable":true,"href":"https:\/\/www.europesays.com\/fr\/wp-json\/wp\/v2\/media\/26307"}],"wp:attachment":[{"href":"https:\/\/www.europesays.com\/fr\/wp-json\/wp\/v2\/media?parent=26306"}],"wp:term":[{"taxonomy":"category","embeddable":true,"href":"https:\/\/www.europesays.com\/fr\/wp-json\/wp\/v2\/categories?post=26306"},{"taxonomy":"post_tag","embeddable":true,"href":"https:\/\/www.europesays.com\/fr\/wp-json\/wp\/v2\/tags?post=26306"}],"curies":[{"name":"wp","href":"https:\/\/api.w.org\/{rel}","templated":true}]}}