{"id":263060,"date":"2025-07-21T09:57:12","date_gmt":"2025-07-21T09:57:12","guid":{"rendered":"https:\/\/www.europesays.com\/fr\/263060\/"},"modified":"2025-07-21T09:57:12","modified_gmt":"2025-07-21T09:57:12","slug":"liran-accuse-les-europeens-de-ne-pas-avoir-respecte-laccord-de-2015","status":"publish","type":"post","link":"https:\/\/www.europesays.com\/fr\/263060\/","title":{"rendered":"l&rsquo;Iran accuse les Europ\u00e9ens de ne pas avoir respect\u00e9 l&rsquo;accord de 2015"},"content":{"rendered":"<p>\u00c0 quelques jours de nouvelles discussions pr\u00e9vues le 25 juillet \u00e0 Istanbul avec la France, le Royaume-Uni et l\u2019Allemagne, l\u2019Iran a vivement critiqu\u00e9 les pays europ\u00e9ens pour leur r\u00f4le dans l\u2019\u00e9chec de l\u2019accord sur le nucl\u00e9aire conclu en 2015. Selon le porte-parole du minist\u00e8re des Affaires \u00e9trang\u00e8res, Esma\u00efl Bagha\u00ef, \u00ab les parties europ\u00e9ennes ont \u00e9t\u00e9 fautives et n\u00e9gligentes dans la mise en \u0153uvre \u00bb.<\/p>\n<p>Sign\u00e9 en 2015 entre l<strong><a href=\"https:\/\/www.rfi.fr\/fr\/tag\/iran\/\" rel=\"nofollow noopener\" target=\"_blank\" data-ylk=\"slk:&#039;Iran;elm:context_link;itc:0;sec:content-canvas\" class=\"link \">&lsquo;Iran<\/a><\/strong>, plusieurs puissances occidentales, la Chine et la <strong><a href=\"https:\/\/www.rfi.fr\/fr\/tag\/russie\/\" rel=\"nofollow noopener\" target=\"_blank\" data-ylk=\"slk:Russie,;elm:context_link;itc:0;sec:content-canvas\" class=\"link \">Russie,<\/a><\/strong>\u00a0l&rsquo;accord pr\u00e9voyait d&rsquo;importantes restrictions au programme <strong><a href=\"https:\/\/www.rfi.fr\/fr\/tag\/nucl\u00e9aire\/\" rel=\"nofollow noopener\" target=\"_blank\" data-ylk=\"slk:nucl\u00e9aire;elm:context_link;itc:0;sec:content-canvas\" class=\"link \">nucl\u00e9aire<\/a><\/strong> iranien, en \u00e9change d&rsquo;une lev\u00e9e progressive des sanctions de l&rsquo;ONU. Mais les <strong><a href=\"https:\/\/www.rfi.fr\/fr\/tag\/\u00e9tats-unis\/\" rel=\"nofollow noopener\" target=\"_blank\" data-ylk=\"slk:\u00c9tats-Unis;elm:context_link;itc:0;sec:content-canvas\" class=\"link \">\u00c9tats-Unis<\/a><\/strong> se sont retir\u00e9s unilat\u00e9ralement en 2018 de cet accord longuement n\u00e9goci\u00e9 et ont r\u00e9impos\u00e9 des sanctions lors du premier mandat de Donald Trump (2017-2021).<\/p>\n<p>Les pays europ\u00e9ens avaient assur\u00e9 leur attachement au texte. Le dispositif initialement envisag\u00e9 pour compenser le retour des sanctions am\u00e9ricaines a cependant pein\u00e9 \u00e0 se concr\u00e9tiser et nombre d&rsquo;entreprises occidentales ont \u00e9t\u00e9 contraintes de quitter l&rsquo;Iran, confront\u00e9 \u00e0 une inflation galopante et une crise \u00e9conomique.<\/p>\n<p>\u00c0 lire aussi<a href=\"https:\/\/www.rfi.fr\/fr\/podcasts\/invit\u00e9-international\/20250713-nucl\u00e9aire-iranien-depuis-2021-l-accord-n-existe-plus-en-r\u00e9alit\u00e9-estime-benjamin-hautecouverture\" class=\"link \" rel=\"nofollow noopener\" target=\"_blank\" data-ylk=\"slk:Nucl\u00e9aire iranien: \u00abDepuis 2021, l&#039;accord n&#039;existe plus en r\u00e9alit\u00e9\u00bb, estime Benjamin Hautecouverture;elm:context_link;itc:0;sec:content-canvas\">Nucl\u00e9aire iranien: \u00abDepuis 2021, l&rsquo;accord n&rsquo;existe plus en r\u00e9alit\u00e9\u00bb, estime Benjamin Hautecouverture<\/a><\/p>\n<p>Un m\u00e9canisme \u00ab d\u00e9nu\u00e9 de sens, injustifiable et immoral \u00bb<\/p>\n<p>Aujourd&rsquo;hui, selon l&rsquo;Agence internationale de l&rsquo;\u00e9nergie atomique (<strong><a href=\"https:\/\/www.rfi.fr\/fr\/tag\/aiea\/\" rel=\"nofollow noopener\" target=\"_blank\" data-ylk=\"slk:AIEA;elm:context_link;itc:0;sec:content-canvas\" class=\"link \">AIEA<\/a><\/strong>), l&rsquo;Iran est l&rsquo;unique pays non dot\u00e9 de l&rsquo;arme nucl\u00e9aire \u00e0 enrichir de l&rsquo;uranium \u00e0 un niveau \u00e9lev\u00e9 (60%), bien au-del\u00e0 de la limite de 3,67% fix\u00e9e par l&rsquo;accord international conclu en 2015. Pour fabriquer une bombe, l&rsquo;enrichissement doit \u00eatre pouss\u00e9 jusqu&rsquo;\u00e0 90%, d&rsquo;apr\u00e8s l&rsquo;AIEA.<\/p>\n<p>Face \u00e0 cette situation, Paris, Londres et Berlin menacent d\u00e9sormais de r\u00e9tablir les sanctions onusiennes contre l&rsquo;Iran, comme le permet une clause de l&rsquo;accord, accusant T\u00e9h\u00e9ran de ne pas avoir respect\u00e9 ses engagements sur le nucl\u00e9aire. Un m\u00e9canisme \u00ab d\u00e9nu\u00e9 de sens, injustifiable et immoral \u00bb, a estim\u00e9 Esma\u00efl Bagha\u00ef lors d&rsquo;une conf\u00e9rence de presse hebdomadaire, arguant que l&rsquo;Iran avait pris ses distances avec l&rsquo;accord en repr\u00e9sailles aux manquements des Occidentaux.\u00ab\u00a0La r\u00e9duction des engagements de l&rsquo;Iran a \u00e9t\u00e9 effectu\u00e9e conform\u00e9ment aux dispositions \u00bb pr\u00e9vues par le texte, a assur\u00e9 le porte-parole de la diplomatie iranienne.<\/p>\n<p>\u00c0 lire aussi<a href=\"https:\/\/fr.news.yahoo.com\/nucl%C3%A9aire-haut-responsable-iranien-rencontre-175608064.html\" class=\"link  yahoo-link\" data-ylk=\"slk:Nucl\u00e9aire: un haut responsable iranien rencontre Poutine avant de nouveaux \u00e9changes avec les Europ\u00e9ens;elm:context_link;itc:0;sec:content-canvas;outcm:mb_qualified_link;_E:mb_qualified_link;ct:story;\" target=\"_blank\" rel=\"noopener\">Nucl\u00e9aire: un haut responsable iranien rencontre Poutine avant de nouveaux \u00e9changes avec les Europ\u00e9ens<\/a><\/p>\n","protected":false},"excerpt":{"rendered":"\u00c0 quelques jours de nouvelles discussions pr\u00e9vues le 25 juillet \u00e0 Istanbul avec la France, le Royaume-Uni et&hellip;\n","protected":false},"author":2,"featured_media":263061,"comment_status":"","ping_status":"","sticky":false,"template":"","format":"standard","meta":{"footnotes":""},"categories":[1586],"tags":[11,75,1777,674,1011,27,261,12,3020,28449,25],"class_list":{"0":"post-263060","1":"post","2":"type-post","3":"status-publish","4":"format-standard","5":"has-post-thumbnail","7":"category-europe","8":"tag-actualites","9":"tag-donald-trump","10":"tag-eu","11":"tag-europe","12":"tag-fr","13":"tag-france","14":"tag-ministere-des-affaires-etrangeres","15":"tag-news","16":"tag-nucleaire-iranien","17":"tag-pays-europeens","18":"tag-republique-francaise"},"share_on_mastodon":{"url":"https:\/\/pubeurope.com\/@fr\/114890633861986646","error":""},"_links":{"self":[{"href":"https:\/\/www.europesays.com\/fr\/wp-json\/wp\/v2\/posts\/263060","targetHints":{"allow":["GET"]}}],"collection":[{"href":"https:\/\/www.europesays.com\/fr\/wp-json\/wp\/v2\/posts"}],"about":[{"href":"https:\/\/www.europesays.com\/fr\/wp-json\/wp\/v2\/types\/post"}],"author":[{"embeddable":true,"href":"https:\/\/www.europesays.com\/fr\/wp-json\/wp\/v2\/users\/2"}],"replies":[{"embeddable":true,"href":"https:\/\/www.europesays.com\/fr\/wp-json\/wp\/v2\/comments?post=263060"}],"version-history":[{"count":0,"href":"https:\/\/www.europesays.com\/fr\/wp-json\/wp\/v2\/posts\/263060\/revisions"}],"wp:featuredmedia":[{"embeddable":true,"href":"https:\/\/www.europesays.com\/fr\/wp-json\/wp\/v2\/media\/263061"}],"wp:attachment":[{"href":"https:\/\/www.europesays.com\/fr\/wp-json\/wp\/v2\/media?parent=263060"}],"wp:term":[{"taxonomy":"category","embeddable":true,"href":"https:\/\/www.europesays.com\/fr\/wp-json\/wp\/v2\/categories?post=263060"},{"taxonomy":"post_tag","embeddable":true,"href":"https:\/\/www.europesays.com\/fr\/wp-json\/wp\/v2\/tags?post=263060"}],"curies":[{"name":"wp","href":"https:\/\/api.w.org\/{rel}","templated":true}]}}