{"id":263062,"date":"2025-07-21T09:58:13","date_gmt":"2025-07-21T09:58:13","guid":{"rendered":"https:\/\/www.europesays.com\/fr\/263062\/"},"modified":"2025-07-21T09:58:13","modified_gmt":"2025-07-21T09:58:13","slug":"42-millions-de-travailleurs-de-lue-prives-de-vacances-quels-sont-les-pays-les-plus-touches","status":"publish","type":"post","link":"https:\/\/www.europesays.com\/fr\/263062\/","title":{"rendered":"42 millions de travailleurs de l&rsquo;UE priv\u00e9s de vacances : quels sont les pays les plus touch\u00e9s\u00a0?"},"content":{"rendered":"<p>            <img decoding=\"async\" class=\"c-ad__placeholder__logo\" src=\"https:\/\/static.euronews.com\/website\/images\/logos\/logo-euronews-grey-6-180x22.svg\" width=\"180\" height=\"22\" alt=\"\" loading=\"lazy\"\/><br \/>\n            PUBLICIT\u00c9<\/p>\n<p>En 2023, 15 % des travailleurs de l&rsquo;UE n&rsquo;avaient pas les moyens de s&rsquo;offrir une semaine de vacances loin de chez eux. Si ce pourcentage ne semble pas tr\u00e8s \u00e9lev\u00e9 \u00e0 premi\u00e8re vue, il repr\u00e9sente tout de m\u00eame 42 millions de travailleurs.<\/p>\n<p>Dans chacune des \u00ab\u00a0quatre grandes\u00a0\u00bb \u00e9conomies de l&rsquo;UE (Allemagne, France, Espagne et Italie), plus de 5 millions de travailleurs n&rsquo;avaient pas les moyens de s&rsquo;offrir une semaine de vacances, selon les donn\u00e9es d&rsquo;Eurostat publi\u00e9es par la Conf\u00e9d\u00e9ration europ\u00e9enne des syndicats (CES).<\/p>\n<p>\u00ab\u00a0Prendre une pause en famille ou avec des amis est important pour notre sant\u00e9 physique et mentale, et c&rsquo;est un \u00e9l\u00e9ment fondamental du contrat social europ\u00e9en\u00a0\u00bb, a d\u00e9clar\u00e9 <strong>Esther Lynch<\/strong>, secr\u00e9taire g\u00e9n\u00e9rale de la CES, en critiquant la situation.<\/p>\n<p>La pauvret\u00e9 des travailleurs pendant les vacances continue d&rsquo;augmenter<\/p>\n<p>La pauvret\u00e9 des travailleurs pendant les vacances est en augmentation dans l&rsquo;UE, pour la troisi\u00e8me ann\u00e9e cons\u00e9cutive.<\/p>\n<p>En 2022, 40,5 millions de <a href=\"https:\/\/fr.euronews.com\/my-europe\/2025\/07\/11\/verification-des-faits-quel-pays-cree-le-plus-demplois-dans-la-zone-euro\" target=\"_blank\" rel=\"noopener\"><strong>travailleurs<\/strong><\/a> ont d\u00e9clar\u00e9 ne pas pouvoir s&rsquo;offrir une semaine de vacances loin de chez eux. Ce chiffre est pass\u00e9 \u00e0 41,5 millions en 2023, soit une augmentation de plus d&rsquo;un million de travailleurs en l&rsquo;espace d&rsquo;un an. La proportion de travailleurs concern\u00e9s est pass\u00e9e de 14 % \u00e0 15 %.<\/p>\n<p>\u00ab\u00a0Ces r\u00e9sultats sont le fruit d&rsquo;une \u00e9conomie de plus en plus in\u00e9gale, dans laquelle les travailleurs sont contraints de renoncer \u00e0 leurs vacances en raison de l&rsquo;augmentation des co\u00fbts de logement, de transport et de nourriture, combin\u00e9e \u00e0 la baisse du pouvoir d&rsquo;achat et \u00e0 la sp\u00e9culation\u00a0\u00bb, a d\u00e9clar\u00e9 la CES.<\/p>\n<p>\u00c9cart est-ouest dans l&rsquo;accessibilit\u00e9 des vacances pour les travailleurs<\/p>\n<p>Les donn\u00e9es r\u00e9v\u00e8lent une forte disparit\u00e9 dans l&rsquo;accessibilit\u00e9 des vacances \u00e0 travers l&rsquo;UE, en particulier entre l&rsquo;Europe de l&rsquo;Est\/Sud et l&rsquo;Europe de l&rsquo;Ouest\/Nord.<\/p>\n<p>La Roumanie arrive en t\u00eate de liste, avec 32 % des travailleurs incapables de s&rsquo;offrir une semaine de vacances. Elle est suivie de pr\u00e8s par la Hongrie (26 %), la Bulgarie (24 %), le Portugal et Chypre (23 % chacun) et la Slovaquie (22 %).<\/p>\n<p>Les pays nordiques &#8211; la Finlande, la Su\u00e8de et le Danemark &#8211; ainsi que les Pays-Bas, le Luxembourg et la Slov\u00e9nie, enregistrent les niveaux les plus bas de pauvret\u00e9 en mati\u00e8re de vacances, entre 5 et 7 %.<\/p>\n<p>La Tch\u00e9coslovaquie, l&rsquo;Autriche et la Belgique affichent des taux de pauvret\u00e9 en vacances inf\u00e9rieurs ou \u00e9gaux \u00e0 10 %.<\/p>\n<p>Malgr\u00e9 leur poids \u00e9conomique, m\u00eame les plus grandes \u00e9conomies de l&rsquo;UE font \u00e9tat de niveaux pr\u00e9occupants de pauvret\u00e9 en vacances. Parmi les quatre grands pays de l&rsquo;UE, l&rsquo;Espagne (18 %) et l&rsquo;Italie (17 %) d\u00e9passent la moyenne europ\u00e9enne de 15 %. La <a href=\"https:\/\/fr.euronews.com\/business\/2025\/06\/28\/qui-gagne-le-plus-en-france-les-statistiques-officielles-et-les-offres-demploi-revelent-le\" target=\"_blank\" rel=\"noopener\"><strong>France<\/strong><\/a> (12 %) et l&rsquo;Allemagne (11 %) se situent en dessous de la moyenne, mais restent toutes deux au-dessus de 10 %.<\/p>\n<p>Les quatre grands de l&rsquo;UE : plus de 5 millions de travailleurs dans chaque pays n&rsquo;ont pas les moyens de s&rsquo;offrir des vacances<\/p>\n<p>Les chiffres absolus sont plus \u00e9loquents que les pourcentages. Plus de 5 millions de travailleurs dans chacun des quatre grands pays de l&rsquo;UE n&rsquo;avaient pas les moyens de s&rsquo;offrir des vacances en 2023. En <strong>Italie<\/strong>, ce chiffre s&rsquo;\u00e9l\u00e8ve \u00e0 6,2 millions, suivi par 5,8 millions en <strong>Allemagne<\/strong>, 5,6 millions en <strong>Espagne<\/strong> et 5,1 millions en <strong>France<\/strong>.<\/p>\n<p>Plus de 3,5 millions de travailleurs en Roumanie et en Pologne ne pouvaient pas non plus s&rsquo;offrir de vacances. Ce chiffre \u00e9tait sup\u00e9rieur \u00e0 1,5 million en Hongrie et au Portugal.<\/p>\n<p>En Autriche et aux Pays-Bas, plus de 550 000 travailleurs ne pouvaient m\u00eame pas s&rsquo;offrir une semaine de vacances, bien qu&rsquo;ils soient employ\u00e9s ou qu&rsquo;ils aient une entreprise.<\/p>\n<p>\u00ab\u00a0Apr\u00e8s avoir travaill\u00e9 dur toute l&rsquo;ann\u00e9e, c&rsquo;est le moins que les travailleurs puissent esp\u00e9rer s&rsquo;offrir et il ne faut pas que cela devienne un luxe r\u00e9serv\u00e9 \u00e0 une minorit\u00e9\u00a0\u00bb, a d\u00e9clar\u00e9 <strong>Esther Lynch<\/strong>. <\/p>\n<p>\u00ab\u00a0Toutefois, ces chiffres montrent que l&rsquo;Europe conna\u00eet une situation d&rsquo;urgence en mati\u00e8re <a href=\"https:\/\/fr.euronews.com\/business\/2025\/07\/08\/croissance-des-salaires-en-europe-quels-sont-les-secteurs-concernes-par-les-plus-fortes-au\" target=\"_blank\" rel=\"noopener\"><strong>d&#8217;emplois de qualit\u00e9<\/strong><\/a> et que notre contrat social continue de s&rsquo;effriter en raison de l&rsquo;in\u00e9galit\u00e9 \u00e9conomique croissante.<\/p>\n<p><strong>La pauvret\u00e9 des vacanciers est-elle li\u00e9e aux revenus ?<\/strong><\/p>\n<p>Il existe une corr\u00e9lation n\u00e9gative mod\u00e9r\u00e9ment forte entre la proportion de travailleurs qui ne peuvent pas s&rsquo;offrir une semaine de vacances loin de chez eux et les revenus annuels nets. Cela signifie qu&rsquo;\u00e0 mesure que <strong>les revenus nets<\/strong> augmentent, la proportion de travailleurs incapables de s&rsquo;offrir de telles vacances tend \u00e0 diminuer.<\/p>\n<p>Toutefois, comme la corr\u00e9lation est mod\u00e9r\u00e9e, elle indique \u00e9galement que dans certains pays, cette relation n&rsquo;est pas forte ou ne suit pas aussi \u00e9troitement la tendance g\u00e9n\u00e9rale.<\/p>\n<p>Par exemple, l&rsquo;Irlande (43 897 euros) a l&rsquo;un des revenus annuels nets les plus \u00e9lev\u00e9s de l&rsquo;UE en 2023, mais la pauvret\u00e9 li\u00e9e aux vacances reste comparativement \u00e9lev\u00e9e. \u00c0 l&rsquo;inverse, la Slov\u00e9nie pr\u00e9sente un faible niveau de pauvret\u00e9 en vacances parmi les travailleurs, m\u00eame si les revenus sont similaires \u00e0 ceux de pays o\u00f9 davantage de personnes ont du mal \u00e0 s&rsquo;offrir des vacances.<\/p>\n<p>Forte corr\u00e9lation entre les travailleurs et la population g\u00e9n\u00e9rale<\/p>\n<p>En comparant les travailleurs (\u00e2g\u00e9s de 15 \u00e0 64 ans) et la population g\u00e9n\u00e9rale \u00e2g\u00e9e de 16 ans et plus, Euronews Business a constat\u00e9 une forte corr\u00e9lation : <strong>plus le taux de travailleurs n&rsquo;ayant pas les moyens de s&rsquo;offrir des vacances est \u00e9lev\u00e9, plus il tend \u00e0 l&rsquo;\u00eatre dans l&rsquo;ensemble de la population<\/strong>.<\/p>\n<p>En 2023, dans la population g\u00e9n\u00e9rale, la proportion de personnes ne pouvant s&rsquo;offrir une semaine de vacances allait de 11 % au Luxembourg \u00e0 60 % en Roumanie, alors que la moyenne de l&rsquo;UE s&rsquo;\u00e9levait \u00e0 29 %.<\/p>\n<p>Cela signifie que le taux de la population g\u00e9n\u00e9rale est presque deux fois plus \u00e9lev\u00e9 que celui des travailleurs.<\/p>\n<p>Les experts qui ont parl\u00e9 \u00e0 Euronews Business ont not\u00e9 que les diff\u00e9rences entre les pays sont largement li\u00e9es \u00e0 la force de leurs \u00e9conomies.<\/p>\n<p>Le niveau de revenu disponible joue un r\u00f4le cl\u00e9, car il affecte directement la capacit\u00e9 des gens \u00e0 d\u00e9penser pour les vacances, en particulier si l&rsquo;on consid\u00e8re les chiffres de la population g\u00e9n\u00e9rale.<\/p>\n<p>La CES appelle les gouvernements nationaux \u00e0 mettre pleinement en \u0153uvre <strong>la directive sur le salaire minimum<\/strong> et demande instamment \u00e0 la Commission europ\u00e9enne de veiller \u00e0 ce que le paquet sur les emplois de qualit\u00e9 pr\u00e9vu cette ann\u00e9e comprenne une l\u00e9gislation visant \u00e0 r\u00e9\u00e9quilibrer l&rsquo;\u00e9conomie en faisant du respect de la n\u00e9gociation collective une condition d&rsquo;acc\u00e8s aux march\u00e9s publics.<\/p>\n","protected":false},"excerpt":{"rendered":"PUBLICIT\u00c9 En 2023, 15 % des travailleurs de l&rsquo;UE n&rsquo;avaient pas les moyens de s&rsquo;offrir une semaine de&hellip;\n","protected":false},"author":2,"featured_media":263063,"comment_status":"","ping_status":"","sticky":false,"template":"","format":"standard","meta":{"footnotes":""},"categories":[1586],"tags":[11,1777,674,1779,590,1011,27,26439,12,25,11254,602,1778,364],"class_list":{"0":"post-263062","1":"post","2":"type-post","3":"status-publish","4":"format-standard","5":"has-post-thumbnail","7":"category-europe","8":"tag-actualites","9":"tag-eu","10":"tag-europe","11":"tag-european-union","12":"tag-finance","13":"tag-fr","14":"tag-france","15":"tag-monnaie","16":"tag-news","17":"tag-republique-francaise","18":"tag-salaires","19":"tag-tourisme","20":"tag-ue","21":"tag-union-europeenne"},"share_on_mastodon":{"url":"https:\/\/pubeurope.com\/@fr\/114890638039762359","error":""},"_links":{"self":[{"href":"https:\/\/www.europesays.com\/fr\/wp-json\/wp\/v2\/posts\/263062","targetHints":{"allow":["GET"]}}],"collection":[{"href":"https:\/\/www.europesays.com\/fr\/wp-json\/wp\/v2\/posts"}],"about":[{"href":"https:\/\/www.europesays.com\/fr\/wp-json\/wp\/v2\/types\/post"}],"author":[{"embeddable":true,"href":"https:\/\/www.europesays.com\/fr\/wp-json\/wp\/v2\/users\/2"}],"replies":[{"embeddable":true,"href":"https:\/\/www.europesays.com\/fr\/wp-json\/wp\/v2\/comments?post=263062"}],"version-history":[{"count":0,"href":"https:\/\/www.europesays.com\/fr\/wp-json\/wp\/v2\/posts\/263062\/revisions"}],"wp:featuredmedia":[{"embeddable":true,"href":"https:\/\/www.europesays.com\/fr\/wp-json\/wp\/v2\/media\/263063"}],"wp:attachment":[{"href":"https:\/\/www.europesays.com\/fr\/wp-json\/wp\/v2\/media?parent=263062"}],"wp:term":[{"taxonomy":"category","embeddable":true,"href":"https:\/\/www.europesays.com\/fr\/wp-json\/wp\/v2\/categories?post=263062"},{"taxonomy":"post_tag","embeddable":true,"href":"https:\/\/www.europesays.com\/fr\/wp-json\/wp\/v2\/tags?post=263062"}],"curies":[{"name":"wp","href":"https:\/\/api.w.org\/{rel}","templated":true}]}}