{"id":263066,"date":"2025-07-21T10:00:21","date_gmt":"2025-07-21T10:00:21","guid":{"rendered":"https:\/\/www.europesays.com\/fr\/263066\/"},"modified":"2025-07-21T10:00:21","modified_gmt":"2025-07-21T10:00:21","slug":"lenfant-de-3-ans-ecrase-par-un-camion-poubelle-est-decede","status":"publish","type":"post","link":"https:\/\/www.europesays.com\/fr\/263066\/","title":{"rendered":"L&rsquo;enfant de 3 ans \u00e9cras\u00e9 par un camion poubelle est d\u00e9c\u00e9d\u00e9"},"content":{"rendered":"<p>Edit 21 juillet 10 heures: La jeune victime est d\u00e9c\u00e9d\u00e9e apr\u00e8s avoir \u00e9t\u00e9 \u00e9cras\u00e9e par un camion poubelle, rapporte Le Parisien<\/p>\n<p>Un enfant de trois ans ans est d\u00e9c\u00e9d\u00e9 apr\u00e8s avoir \u00e9t\u00e9 gri\u00e8vement bless\u00e9 par un camion poubelle, dimanche vers 18h30 dans le 12e\u00a0arrondissement de Paris, rapporte <a href=\"https:\/\/www.leparisien.fr\/faits-divers\/paris-un-enfant-de-cinq-ans-ecrase-par-un-camion-poubelle-20-07-2025-5AXWAZOQWFAP7OH7XF6TEIY7W4.php\" rel=\"nofollow noopener\" target=\"_blank\" class=\"color-ultramarine c-link\">Le Parisien<\/a> ce lundi matin. La victime avait \u00e9t\u00e9 conduite en urgence absolue \u00e0 l&rsquo;h\u00f4pital.<\/p>\n<p>Le bambin circulait \u00e0 vive allure sur une <a href=\"https:\/\/www.20minutes.fr\/societe\/trottinette\/\" class=\"color-ultramarine c-link\" target=\"_blank\" rel=\"noopener\">trottinette <\/a>et aurait \u00e9chapp\u00e9 \u00e0 la vigilance de la personne qui l\u2019accompagnait. Il aurait travers\u00e9 un passage pi\u00e9ton de la <a href=\"https:\/\/www.google.com\/maps\/place\/Rue+Claude+Decaen,+75012+Paris\/@48.8405499,2.3962916,14.97z\/data=!4m6!3m5!1s0x47e67267df7ffdbb:0xed3c72d35ec2360c!8m2!3d48.836305!4d2.3989753!16s%2Fg%2F12396w2b?entry=ttu&amp;g_ep=EgoyMDI1MDcxNi4wIKXMDSoASAFQAw%3D%3D\" rel=\"nofollow noopener\" target=\"_blank\" class=\"color-ultramarine c-link\">rue Claude-Decaen<\/a>, situ\u00e9e dans l\u2019est de la capitale, quand il aurait \u00e9t\u00e9 percut\u00e9 par un camion poubelle.<\/p>\n<p>Pied \u00e9cras\u00e9 par les roues du v\u00e9hicule<\/p>\n<p>Pris par surprise, le conducteur de ce <a href=\"https:\/\/www.20minutes.fr\/paris\/3223843-20220126-paris-femme-71-ans-decede-apres-avoir-percutee-camion-benne\" class=\"color-ultramarine c-link\" target=\"_blank\" rel=\"noopener\">camion benne <\/a>n\u2019aurait pas eu le temps de freiner. L&rsquo;enfant se serait retrouv\u00e9 sous le v\u00e9hicule, le pied bloqu\u00e9 sous les roues.<\/p>\n<p>Le m\u00e9dia pr\u00e9cise qu&rsquo;il aura fallu environ une heure et demie aux secours pour extraire l\u2019enfant de sous le camion. Il serait rest\u00e9 conscient durant toute l\u2019intervention. La jeune victime avait \u00e9t\u00e9 ensuite conduite \u00e0 l&rsquo;h\u00f4pital.<\/p>\n","protected":false},"excerpt":{"rendered":"Edit 21 juillet 10 heures: La jeune victime est d\u00e9c\u00e9d\u00e9e apr\u00e8s avoir \u00e9t\u00e9 \u00e9cras\u00e9e par un camion poubelle,&hellip;\n","protected":false},"author":2,"featured_media":263067,"comment_status":"","ping_status":"","sticky":false,"template":"","format":"standard","meta":{"footnotes":""},"categories":[2],"tags":[119,4376,47,11,646,660,3348,847,118,1011,27,100,662,12,626,25,9673,6960],"class_list":{"0":"post-263066","1":"post","2":"type-post","3":"status-publish","4":"format-standard","5":"has-post-thumbnail","7":"category-actualites","8":"tag-accident","9":"tag-accident-de-la-route","10":"tag-actualite","11":"tag-actualites","12":"tag-automobile","13":"tag-camion","14":"tag-drame","15":"tag-enfant","16":"tag-faits-divers","17":"tag-fr","18":"tag-france","19":"tag-hopital","20":"tag-ile-de-france","21":"tag-news","22":"tag-paris","23":"tag-republique-francaise","24":"tag-surveillance","25":"tag-trottinette-electrique"},"share_on_mastodon":{"url":"https:\/\/pubeurope.com\/@fr\/114890645401646194","error":""},"_links":{"self":[{"href":"https:\/\/www.europesays.com\/fr\/wp-json\/wp\/v2\/posts\/263066","targetHints":{"allow":["GET"]}}],"collection":[{"href":"https:\/\/www.europesays.com\/fr\/wp-json\/wp\/v2\/posts"}],"about":[{"href":"https:\/\/www.europesays.com\/fr\/wp-json\/wp\/v2\/types\/post"}],"author":[{"embeddable":true,"href":"https:\/\/www.europesays.com\/fr\/wp-json\/wp\/v2\/users\/2"}],"replies":[{"embeddable":true,"href":"https:\/\/www.europesays.com\/fr\/wp-json\/wp\/v2\/comments?post=263066"}],"version-history":[{"count":0,"href":"https:\/\/www.europesays.com\/fr\/wp-json\/wp\/v2\/posts\/263066\/revisions"}],"wp:featuredmedia":[{"embeddable":true,"href":"https:\/\/www.europesays.com\/fr\/wp-json\/wp\/v2\/media\/263067"}],"wp:attachment":[{"href":"https:\/\/www.europesays.com\/fr\/wp-json\/wp\/v2\/media?parent=263066"}],"wp:term":[{"taxonomy":"category","embeddable":true,"href":"https:\/\/www.europesays.com\/fr\/wp-json\/wp\/v2\/categories?post=263066"},{"taxonomy":"post_tag","embeddable":true,"href":"https:\/\/www.europesays.com\/fr\/wp-json\/wp\/v2\/tags?post=263066"}],"curies":[{"name":"wp","href":"https:\/\/api.w.org\/{rel}","templated":true}]}}