{"id":263070,"date":"2025-07-21T10:02:26","date_gmt":"2025-07-21T10:02:26","guid":{"rendered":"https:\/\/www.europesays.com\/fr\/263070\/"},"modified":"2025-07-21T10:02:26","modified_gmt":"2025-07-21T10:02:26","slug":"pres-de-caen-ce-jeune-golfeur-va-integrer-le-pole-france","status":"publish","type":"post","link":"https:\/\/www.europesays.com\/fr\/263070\/","title":{"rendered":"Pr\u00e8s de Caen, ce jeune golfeur va int\u00e9grer le P\u00f4le France"},"content":{"rendered":"<p>            Par<br \/>\n        <strong><br \/>\n            <a href=\"https:\/\/actu.fr\/auteur\/alexandre-gourlaouen\" title=\"Consulter tous les articles de Alexandre Gourlaouen\" target=\"_blank\" rel=\"noopener\">Alexandre Gourlaouen<\/a><br \/>\n        <\/strong><\/p>\n<p>        Publi\u00e9 le<\/p>\n<p>            20 juil. 2025 \u00e0 14h15        <\/p>\n<p><b>Sous une pluie bien normande<\/b>, Alexander Maw\u00e9n\u00e9 s\u2019entra\u00eene <b>sur le parcours du Golf de Caen la mer<\/b> \u00e0 Bi\u00e9ville-Beuville (Calvados). En compagnie de son p\u00e8re, Samy Maw\u00e9n\u00e9, <b>ancien joueur de football<\/b> pass\u00e9 notamment par le <a href=\"https:\/\/actu.fr\/tag\/stade-malherbe-de-caen\" target=\"_blank\" rel=\"noopener\">Stade Malherbe Caen<\/a> au d\u00e9but des ann\u00e9es 2000, il r\u00e9p\u00e8te des gestes qui pour lui<b> sont devenus une routine.<\/b> Depuis cinq ans et sa premi\u00e8re sur un parcours de golf, il n\u2019a jamais quitt\u00e9 ses clubs. Le 31\u00a0ao\u00fbt 2025, <b>il entrera au P\u00f4le France \u00e0 Saint-Quentin-en-Yvelines.<\/b><\/p>\n<p>Une passion d\u00e9couverte gr\u00e2ce au Covid<\/p>\n<p class=\" wall-content\"><b>D\u2019abord inscrit au football \u00e0 la Maladrerie OS<\/b>, en compagnie notamment de Thiago Carmasol, aujourd\u2019hui <a href=\"https:\/\/actu.fr\/normandie\/caen_14118\/tennis-licencie-a-luso-mondeville-thiago-carmasol-sacre-champion-de-france_62821810.html\" target=\"_blank\" rel=\"noopener\">champion de France des 11-12\u00a0ans de tennis<\/a>, Alexander et son p\u00e8re ne sont pas convaincus qu\u2019il soit \u00e0 sa place. Il pratique ensuite la musique, le karat\u00e9\u2026<b> jusqu\u2019\u00e0 l\u2019arriv\u00e9e du Covid.<\/b> Les activit\u00e9s en int\u00e9rieur \u00e9tant interdites, il a fallu trouver <b>une autre occupation.<\/b> \u00ab\u2009J\u2019ai accompagn\u00e9 un ami au golf d\u2019Omaha, raconte Alexander Maw\u00e9n\u00e9. C\u2019est l\u00e0 que j\u2019ai d\u00e9couvert le golf, m\u00eame si je n\u2019ai pas accroch\u00e9 tout de suite.\u2009\u00bb<\/p>\n<p class=\" wall-content\">La passion se d\u00e9veloppe petit \u00e0 petit. Son p\u00e8re, <b>qui a pratiqu\u00e9 en amateur durant ses ann\u00e9es de footballeur<\/b>, le suit. Il s\u2019inscrit, prend des cours, r\u00e9alise des performances et <b>prend beaucoup de plaisir sur le parcours.<\/b> Quelques ann\u00e9es plus tard, <b>il int\u00e8gre l\u2019\u00e9quipe de Saint-Nom-la-Bret\u00e8che (Yvelines).<\/b><\/p>\n<blockquote class=\"ac-article-quote wall-content\">\n<p>C\u2019est l\u2019une des \u00e9quipes, si ce n\u2019est l\u2019\u00e9quipe la plus prestigieuse en France. Alexander s\u2019entra\u00eene dans d\u2019excellentes conditions.<\/p>\n<p>Samy Maw\u00e9n\u00e9, p\u00e8re d\u2019Alexander Maw\u00e9n\u00e9<\/p><\/blockquote>\n<p>    <img   decoding=\"async\" loading=\"lazy\" class=\"size-large\" src=\"https:\/\/www.europesays.com\/fr\/wp-content\/uploads\/2025\/07\/646767d8c7786c86767d8c778ac676v-960x640.jpg\" alt=\"Mise en situation dans un obstacle de sable pour Alexander Maw\u00e9n\u00e9.\" width=\"960\" height=\"640\"\/><br \/>\n    Mise en situation dans un obstacle de sable pour Alexander Maw\u00e9n\u00e9. \u00a9Alexandre GOURLAOUENDes tournois toujours plus exotiques<\/p>\n<p class=\" wall-content\">Sous les couleurs franciliennes, Alexander Maw\u00e9n\u00e9 a d\u00e9croch\u00e9 le 14\u00a0juillet 2025 <b>le titre de champion de France U16 gar\u00e7ons.<\/b> Un titre aussi remport\u00e9 par les filles. Mais il lui faut vite passer \u00e0 autre chose. D\u00e8s ce jeudi, il prendra la route de Lyon (Rh\u00f4ne) pour <b>les championnats de France individuels U14. <\/b>Avant de s\u2019envoler pour un tournoi en Angleterre pr\u00e8s de York.<\/p>\n<p class=\" wall-content\">Mais son tournoi le plus exotique reste celui de Miami, <b>organis\u00e9 au Trump Doral Miami Resort.<\/b> Un \u00e9v\u00e8nement hors du commun, mais aussi <b>tr\u00e8s s\u00e9lectif.<\/b><\/p>\n<blockquote class=\"ac-article-quote wall-content\">\n<p>Pour \u00eatre s\u00e9lectionn\u00e9, il fallait bien s\u00fbr avoir un classement minimum, mais ils nous demandaient aussi les bulletins scolaires. C\u2019est une bonne chose d\u2019accorder autant d\u2019importance aux r\u00e9sultats \u00e0 l\u2019\u00e9cole \u00e9galement.<\/p>\n<p>Samy Maw\u00e9n\u00e9<\/p><\/blockquote>\n<p>Le P\u00f4le France, une \u00e9tape vers le monde professionnel<\/p>\n<p class=\" wall-content\">Heureusement, Alexander Maw\u00e9n\u00e9 est <b>aussi appliqu\u00e9 sur les bancs de l\u2019\u00e9cole que sur les parcours de golf.<\/b> Inscrit au coll\u00e8ge Saint-Pierre Lebisey \u00e0 Caen, il b\u00e9n\u00e9ficie <b>du statut de sportif de haut niveau<\/b> et dispose d\u2019un emploi du temps adapt\u00e9. \u00ab\u2009Je passe en moyenne 20\u00a0heures par semaines sur les parcours de golf, explique le jeune gar\u00e7on. En plus de cela, il y a le travail en salle, la vid\u00e9o et les d\u00e9placements pour les tournois.\u2009\u00bb<\/p>\n<p class=\" wall-content\">Une fois int\u00e9gr\u00e9 au P\u00f4le France, au Golf National de Saint-Quentin-en-Yvelines, il suivra des cours <b>directement sur place avec les autres pensionnaires.<\/b> Si cela ne lui ouvrira pas les portes d\u2019autres tournois, il sera toutefois <b>parmi ce qui se fait de mieux en France<\/b> en termes d\u2019infrastructures, d\u2019entra\u00eeneurs et d\u2019adversaires. Ils ne sont que deux de sa g\u00e9n\u00e9ration \u00e0 int\u00e9grer la structure.<\/p>\n<blockquote class=\"ac-article-quote wall-content\">\n<p>J\u2019ai h\u00e2te d\u2019y \u00eatre. Forc\u00e9ment \u00e7a va me changer de ne plus \u00eatre chez mes parents, mais je serai avec les meilleurs. Ce sera un d\u00e9fi.<\/p>\n<p>Alexander Maw\u00e9n\u00e9, futur golfeur du P\u00f4le France<\/p><\/blockquote>\n<p class=\" wall-content\">Soutenu par son p\u00e8re, il peut aussi compter sur le reste de sa famille, <b>notamment son oncle et ses cousins<\/b>, pour parler de sport de haut niveau. Le premier est pr\u00e9parateur physique au club de football de Burnley (premi\u00e8re division anglaise) quand les deux autres <b>\u00e9voluent \u00e0 Brentford et Preston North End <\/b>(1\u00e8re et 2\u00e8me division).<\/p>\n<p class=\" wall-content\">Suivez toute l\u2019actualit\u00e9 de vos villes et m\u00e9dias favoris en vous inscrivant \u00e0 <a href=\"https:\/\/moncompte.actu.fr\" title=\"D\u00e9couvez Mon Actu\" rel=\"nofollow noopener\" data-trk=\"{&quot;cta&quot;:{&quot;action&quot;:&quot;https:\\\/\\\/moncompte.actu.fr&quot;,&quot;category&quot;:&quot;mon compte&quot;,&quot;from&quot;:&quot;article footer&quot;,&quot;name&quot;:&quot;Mon actu&quot;,&quot;type&quot;:&quot;cta&quot;}}\" target=\"_blank\">Mon Actu<\/a>.<\/p>\n<ul class=\"ac-article-tag wall-content\">\n<li><a href=\"https:\/\/actu.fr\/tag\/golf-national-de-saint-quentin-en-yvelines\" data-trk=\"{&quot;cta&quot;:{&quot;action&quot;:&quot;Golf national de Saint-Quentin-en-Yvelines&quot;,&quot;category&quot;:&quot;tag&quot;,&quot;from&quot;:&quot;article footer&quot;,&quot;name&quot;:&quot;Golf national de Saint-Quentin-en-Yvelines&quot;,&quot;type&quot;:&quot;cta&quot;}}\" target=\"_blank\" rel=\"noopener\">#Golf national de Saint-Quentin-en-Yvelines<\/a><\/li>\n<li><a href=\"https:\/\/actu.fr\/tag\/sport-caen\" data-trk=\"{&quot;cta&quot;:{&quot;action&quot;:&quot;Sport Caen&quot;,&quot;category&quot;:&quot;tag&quot;,&quot;from&quot;:&quot;article footer&quot;,&quot;name&quot;:&quot;Sport Caen&quot;,&quot;type&quot;:&quot;cta&quot;}}\" target=\"_blank\" rel=\"noopener\">#Sport Caen<\/a><\/li>\n<\/ul>\n","protected":false},"excerpt":{"rendered":"Par Alexandre Gourlaouen Publi\u00e9 le 20 juil. 2025 \u00e0 14h15 Sous une pluie bien normande, Alexander Maw\u00e9n\u00e9 s\u2019entra\u00eene&hellip;\n","protected":false},"author":2,"featured_media":263071,"comment_status":"","ping_status":"","sticky":false,"template":"","format":"standard","meta":{"footnotes":""},"categories":[1418],"tags":[1011,27,1472,40267,1745,60],"class_list":{"0":"post-263070","1":"post","2":"type-post","3":"status-publish","4":"format-standard","5":"has-post-thumbnail","7":"category-golf","8":"tag-fr","9":"tag-france","10":"tag-golf","11":"tag-golf-national-de-saint-quentin-en-yvelines","12":"tag-sport-caen","13":"tag-sports"},"share_on_mastodon":{"url":"https:\/\/pubeurope.com\/@fr\/114890653684403276","error":""},"_links":{"self":[{"href":"https:\/\/www.europesays.com\/fr\/wp-json\/wp\/v2\/posts\/263070","targetHints":{"allow":["GET"]}}],"collection":[{"href":"https:\/\/www.europesays.com\/fr\/wp-json\/wp\/v2\/posts"}],"about":[{"href":"https:\/\/www.europesays.com\/fr\/wp-json\/wp\/v2\/types\/post"}],"author":[{"embeddable":true,"href":"https:\/\/www.europesays.com\/fr\/wp-json\/wp\/v2\/users\/2"}],"replies":[{"embeddable":true,"href":"https:\/\/www.europesays.com\/fr\/wp-json\/wp\/v2\/comments?post=263070"}],"version-history":[{"count":0,"href":"https:\/\/www.europesays.com\/fr\/wp-json\/wp\/v2\/posts\/263070\/revisions"}],"wp:featuredmedia":[{"embeddable":true,"href":"https:\/\/www.europesays.com\/fr\/wp-json\/wp\/v2\/media\/263071"}],"wp:attachment":[{"href":"https:\/\/www.europesays.com\/fr\/wp-json\/wp\/v2\/media?parent=263070"}],"wp:term":[{"taxonomy":"category","embeddable":true,"href":"https:\/\/www.europesays.com\/fr\/wp-json\/wp\/v2\/categories?post=263070"},{"taxonomy":"post_tag","embeddable":true,"href":"https:\/\/www.europesays.com\/fr\/wp-json\/wp\/v2\/tags?post=263070"}],"curies":[{"name":"wp","href":"https:\/\/api.w.org\/{rel}","templated":true}]}}