{"id":263072,"date":"2025-07-21T10:03:19","date_gmt":"2025-07-21T10:03:19","guid":{"rendered":"https:\/\/www.europesays.com\/fr\/263072\/"},"modified":"2025-07-21T10:03:19","modified_gmt":"2025-07-21T10:03:19","slug":"les-feminines-de-fougeres-accedent-a-la-prenationale","status":"publish","type":"post","link":"https:\/\/www.europesays.com\/fr\/263072\/","title":{"rendered":"les f\u00e9minines de Foug\u00e8res acc\u00e8dent \u00e0 la Pr\u00e9nationale"},"content":{"rendered":"<p>            Par<br \/>\n        <strong><br \/>\n            <a href=\"https:\/\/actu.fr\/auteur\/journaliste-lachronique\" title=\"Consulter tous les articles de R\u00e9daction Foug\u00e8res\" rel=\"nofollow noopener\" target=\"_blank\">R\u00e9daction Foug\u00e8res<\/a><br \/>\n        <\/strong><\/p>\n<p>        Publi\u00e9 le<\/p>\n<p>            20 juil. 2025 \u00e0 12h00        <\/p>\n<p>\u00c0 l\u2019or\u00e9e de la saison derni\u00e8re, Mathias Rigaudeau, l\u2019entra\u00eeneur de <a href=\"https:\/\/actu.fr\/la-chronique-republicaine\/sports\/volley\" rel=\"nofollow noopener\" target=\"_blank\">Foug\u00e8res volley-ball<\/a> <b>(Ille-et-Vilaine)<\/b>, n\u2019avait pas de r\u00e9el objectif sinon de conserver une \u00e9quipe compl\u00e8te jusqu\u2019\u00e0 la fin de la saison.<\/p>\n<p class=\" wall-content\">L\u2019objectif de jouer le haut de tableau et la <b>mont\u00e9e<\/b> n\u2019a \u00e9t\u00e9 d\u00e9fini qu\u2019en janvier, au d\u00e9but de la phase retour :<\/p>\n<blockquote class=\"ac-article-quote wall-content\">\n<p>J\u2019ai augment\u00e9 mes exigences de travail et les victoires se sont encha\u00een\u00e9es naturellement.<\/p>\n<p>Mathias Rigaudeau<\/p><\/blockquote>\n<p>Une tr\u00e8s belle saison pour les f\u00e9minines fougeraises<\/p>\n<p class=\" wall-content\">L\u2019\u00e9quipe de R\u00e9gionale, compl\u00e9t\u00e9e par 4 joueuses M18 qui ont accompli une \u00e9pop\u00e9e remarquable en <a href=\"https:\/\/actu.fr\/bretagne\/fougeres_35115\/volley-ball-fin-de-laventure-pour-fougeres-en-challenge-de-france_62536796.html\" rel=\"nofollow noopener\" target=\"_blank\">Challenge de France<\/a>, n\u2019\u00e9chouant qu\u2019au dernier tour pour acc\u00e9der aux phases finales, a termin\u00e9 2e avec 16 victoires et 6 d\u00e9faites derri\u00e8re <b>Laill\u00e9<\/b>, intouchable, et devant <b>Saint-Gr\u00e9goire<\/b>.<\/p>\n<p class=\" wall-content\">Lors des play-offs, en match de barrage pour l\u2019accession, les Fougeraises affrontaient la <b>JA Rennes<\/b>. Apr\u00e8s deux premiers sets compliqu\u00e9s et perdus (25-16\/25-17), les co\u00e9quipi\u00e8res de B\u00e9r\u00e9nice Trouv\u00e9 eurent le d\u00e9clic qui leur permit d\u2019\u00e9galiser \u00e0 2 sets partout (31-29\/26-24).<\/p>\n<p>Vid\u00e9os : en ce moment sur Actu<\/p>\n<p class=\" wall-content\">Lors du tie-break \u00e0 18-17 en leur faveur, les joueuses de Mathias Rigaudeau eurent deux balles de match non concr\u00e9tis\u00e9es et s\u2019inclin\u00e8rent 19-17 sur un ace adverse. Comme le rappelle le coach :<\/p>\n<blockquote class=\"ac-article-quote wall-content\">\n<p>Ce fut un match chouette mais avec une fin hyper violente !<\/p>\n<\/blockquote>\n<p>Une accession et beaucoup d\u2019incertitudes<\/p>\n<p class=\" wall-content\">La f\u00e9d\u00e9ration ouvrant les poules nationales \u00e0 plus d\u2019\u00e9quipes, <b>Foug\u00e8res volley<\/b> a pu b\u00e9n\u00e9ficier d&rsquo;\u00a0\u00bbun rep\u00eachage m\u00e9rit\u00e9\u00a0\u00bb selon son entra\u00eeneur.<\/p>\n<p class=\" wall-content\">De nombreux d\u00e9parts dans l\u2019\u00e9quipe (les s\u0153urs Guines, Ad\u00e8le et Claire, les s\u0153urs Delabrousse, Pauline et Albane, Alix H\u00e9bert, Juliette Saives) pourraient transformer ce rep\u00eachage en cadeau empoisonn\u00e9.<\/p>\n<p class=\" wall-content\">Aux quatre restantes (Gladez Rouill\u00e9, Erika Skandali, B\u00e9r\u00e9nice Trouv\u00e9 et Clara Henri) s\u2019ajouteront L\u00e9na\u00efg Rouill\u00e9, de retour au club et les promues, Lilou Thomas M18 1re ann\u00e9e et Cl\u00e9mentine Maupil\u00e9, qui monte de D\u00e9partementale.<\/p>\n<p class=\" wall-content\">L\u2019arriv\u00e9e d\u2019autres joueuses de bon niveau sera indispensable sous peine d\u2019avoir un effectif trop tendu. Quant aux objectifs, Mathias Rigaudeau, s\u2019il souhaite bien \u00e9videmment le maintien, pr\u00e9f\u00e8re rester vague :<\/p>\n<blockquote class=\"ac-article-quote wall-content\">\n<p>Ce sera une belle \u00e9preuve \u00e0 vivre o\u00f9 les filles devront prendre de l\u2019exp\u00e9rience.<\/p>\n<\/blockquote>\n<p class=\" wall-content\">Un autre changement, les matchs ne se joueront plus le samedi soir mais le dimanche.<\/p>\n<p class=\" wall-content\">Suivez toute l\u2019actualit\u00e9 de vos villes et m\u00e9dias favoris en vous inscrivant \u00e0 <a href=\"https:\/\/moncompte.actu.fr\" title=\"D\u00e9couvez Mon Actu\" rel=\"nofollow noopener\" data-trk=\"{&quot;cta&quot;:{&quot;action&quot;:&quot;https:\\\/\\\/moncompte.actu.fr&quot;,&quot;category&quot;:&quot;mon compte&quot;,&quot;from&quot;:&quot;article footer&quot;,&quot;name&quot;:&quot;Mon actu&quot;,&quot;type&quot;:&quot;cta&quot;}}\" target=\"_blank\">Mon Actu<\/a>.<\/p>\n","protected":false},"excerpt":{"rendered":"Par R\u00e9daction Foug\u00e8res Publi\u00e9 le 20 juil. 2025 \u00e0 12h00 \u00c0 l\u2019or\u00e9e de la saison derni\u00e8re, Mathias Rigaudeau,&hellip;\n","protected":false},"author":2,"featured_media":263073,"comment_status":"","ping_status":"","sticky":false,"template":"","format":"standard","meta":{"footnotes":""},"categories":[1417],"tags":[1011,27,60,1470,1469],"class_list":{"0":"post-263072","1":"post","2":"type-post","3":"status-publish","4":"format-standard","5":"has-post-thumbnail","7":"category-volley","8":"tag-fr","9":"tag-france","10":"tag-sports","11":"tag-volley","12":"tag-volleyball"},"share_on_mastodon":{"url":"https:\/\/pubeurope.com\/@fr\/114890657851468178","error":""},"_links":{"self":[{"href":"https:\/\/www.europesays.com\/fr\/wp-json\/wp\/v2\/posts\/263072","targetHints":{"allow":["GET"]}}],"collection":[{"href":"https:\/\/www.europesays.com\/fr\/wp-json\/wp\/v2\/posts"}],"about":[{"href":"https:\/\/www.europesays.com\/fr\/wp-json\/wp\/v2\/types\/post"}],"author":[{"embeddable":true,"href":"https:\/\/www.europesays.com\/fr\/wp-json\/wp\/v2\/users\/2"}],"replies":[{"embeddable":true,"href":"https:\/\/www.europesays.com\/fr\/wp-json\/wp\/v2\/comments?post=263072"}],"version-history":[{"count":0,"href":"https:\/\/www.europesays.com\/fr\/wp-json\/wp\/v2\/posts\/263072\/revisions"}],"wp:featuredmedia":[{"embeddable":true,"href":"https:\/\/www.europesays.com\/fr\/wp-json\/wp\/v2\/media\/263073"}],"wp:attachment":[{"href":"https:\/\/www.europesays.com\/fr\/wp-json\/wp\/v2\/media?parent=263072"}],"wp:term":[{"taxonomy":"category","embeddable":true,"href":"https:\/\/www.europesays.com\/fr\/wp-json\/wp\/v2\/categories?post=263072"},{"taxonomy":"post_tag","embeddable":true,"href":"https:\/\/www.europesays.com\/fr\/wp-json\/wp\/v2\/tags?post=263072"}],"curies":[{"name":"wp","href":"https:\/\/api.w.org\/{rel}","templated":true}]}}