{"id":263074,"date":"2025-07-21T10:04:24","date_gmt":"2025-07-21T10:04:24","guid":{"rendered":"https:\/\/www.europesays.com\/fr\/263074\/"},"modified":"2025-07-21T10:04:24","modified_gmt":"2025-07-21T10:04:24","slug":"transfert-quand-deux-clubs-differents-officialisent-larrivee-du-meme-joueur","status":"publish","type":"post","link":"https:\/\/www.europesays.com\/fr\/263074\/","title":{"rendered":"TRANSFERT. Quand deux clubs diff\u00e9rents officialisent l&rsquo;arriv\u00e9e du m\u00eame joueur !"},"content":{"rendered":"<p>Cela fait d\u00e9j\u00e0 quelques semaines que le cas <a href=\"https:\/\/www.lerugbynistere.fr\/fiches-joueurs\/uzair-cassiem.php\" ui-sref=\"app.player({playerId: 7827})\" alt=\"Uzair Cassiem\" data-route=\"app.player\" data-param=\"playerId\" data-id=\"7827\" rel=\"nofollow noopener\" target=\"_blank\">Uzair Cassiem<\/a> fait coul\u00e9 de l&rsquo;encre dans tous les m\u00e9dias. Le troisi\u00e8me ligne, qui vient de terminer son aventure avec <a href=\"https:\/\/www.lerugbynistere.fr\/clubs\/aviron-bayonnais.php\" ui-sref=\"app.team({teamId: 43})\" alt=\"Bayonne\" data-route=\"app.team\" data-param=\"teamId\" data-id=\"43\" rel=\"nofollow noopener\" target=\"_blank\">Bayonne<\/a>, <strong>est maintenant pris en tenaille entre Nice et <a href=\"https:\/\/www.lerugbynistere.fr\/clubs\/us-oyonnax.php\" ui-sref=\"app.team({teamId: 37})\" alt=\"Oyonnax\" data-route=\"app.team\" data-param=\"teamId\" data-id=\"37\" rel=\"nofollow noopener\" target=\"_blank\">Oyonnax<\/a><\/strong>.<\/p>\n<p>S&rsquo;il devait initialement s&rsquo;engager sur la c\u00f4te m\u00e9diterran\u00e9enne,<strong> il est davantage proche de l&rsquo;Ain alors qu&rsquo;il avait sign\u00e9 un pr\u00e9-contrat avec Nice<\/strong>. Une magouille, qu&rsquo;il juge ill\u00e9gale, au niveau de son salaire dans le sud, lui aurait fait changer d&rsquo;avis. Cependant, <strong>les deux clubs ont r\u00e9cemment officialis\u00e9 son arriv\u00e9e sur les r\u00e9seaux<\/strong>.<\/p>\n<p><a class=\"inserer_lien_article\" href=\"https:\/\/www.lerugbynistere.fr\/news\/pro-d2-pour-viser-le-top-14-brive-signe-ce-solide-veteran-de-lubb-2007251825.php\" data-id=\"45614\" data-route=\"app.article\" data-param=\"articleId\" ui-sref=\"app.article({articleId: 45614})\" alt=\"PRO D2. Pour viser le Top 14, Brive signe ce solide v\u00e9t\u00e9ran de l\u2019UBB\" title=\"PRO D2. Pour viser le Top 14, Brive signe ce solide v\u00e9t\u00e9ran de l\u2019UBB\" rel=\"nofollow noopener\" target=\"_blank\"><img decoding=\"async\" src=\"https:\/\/www.europesays.com\/fr\/wp-content\/uploads\/2025\/07\/ben-tapuai-20-07-25-879.jpg\" alt=\"PRO D2. Pour viser le Top 14, Brive signe ce solide v\u00e9t\u00e9ran de l\u2019UBB\"\/>PRO D2. Pour viser le Top 14, Brive signe ce solide v\u00e9t\u00e9ran de l\u2019UBB<\/a><\/p>\n<p>Officialis\u00e9 par Nice il y a 2 semaines<\/p>\n<p>S&rsquo;il devait s&rsquo;engager \u00e0 Nice, c&rsquo;est que <strong>Cassiem avait sign\u00e9 un pr\u00e9-contrat avec le club d\u00e9sormais dirig\u00e9 par Jean-Baptiste Aldig\u00e9,<\/strong> ancien pr\u00e9sident du <a href=\"https:\/\/www.lerugbynistere.fr\/clubs\/bo-biarritz-olympique.php\" ui-sref=\"app.team({teamId: 56})\" alt=\"Biarritz\" data-route=\"app.team\" data-param=\"teamId\" data-id=\"56\" rel=\"nofollow noopener\" target=\"_blank\">Biarritz<\/a> Olympique.<\/p>\n<p>Cependant, pour lui verser son salaire,<strong> Aldig\u00e9 comptait notamment faire jouer p\u00f4le emploi dans un premier temps pour \u00e9viter que Nice n&rsquo;ait trop \u00e0 le payer<\/strong>, d&rsquo;apr\u00e8s des r\u00e9v\u00e9lations de L&rsquo;\u00c9quipe. Une solution d&rsquo;abord accept\u00e9e par le Sud-africain.<\/p>\n<p>Mais apr\u00e8s r\u00e9flexion, Cassiem a fini par douter de cette m\u00e9thode. <strong>Il aurait donc souhait\u00e9 se s\u00e9parer de son pr\u00e9-contrat avec Nice<\/strong>, chose refus\u00e9e par Aldig\u00e9. En parall\u00e8le, il discutait avec Oyonnax pour rejoindre l&rsquo;Ain. De mani\u00e8re officielle, ou officieuse afin de lui mettre la pression, le club, qui s&rsquo;est renomm\u00e9 Nissa Rugby, a r\u00e9cemment annonc\u00e9 son arriv\u00e9e sur ses r\u00e9seaux.<\/p>\n<p><a class=\"inserer_lien_article\" href=\"https:\/\/www.lerugbynistere.fr\/news\/a-toulouse-antoine-dupont-devient-actionnaire-dun-club-ambitieux-2007251739.php\" data-id=\"45613\" data-route=\"app.article\" data-param=\"articleId\" ui-sref=\"app.article({articleId: 45613})\" alt=\"\u00c0 Toulouse, Antoine Dupont devient actionnaire d\u2019un club ambitieux\" title=\"\u00c0 Toulouse, Antoine Dupont devient actionnaire d\u2019un club ambitieux\" rel=\"nofollow noopener\" target=\"_blank\"><img decoding=\"async\" src=\"https:\/\/www.europesays.com\/fr\/wp-content\/uploads\/2025\/07\/1753092262_14_dupont-20-07-25-7402.jpg\" alt=\"\u00c0 Toulouse, Antoine Dupont devient actionnaire d\u2019un club ambitieux\"\/>\u00c0 Toulouse, Antoine Dupont devient actionnaire d\u2019un club ambitieux<\/a><\/p>\n<blockquote class=\"instagram-media\" data-instgrm-captioned=\"\" data-instgrm-permalink=\"https:\/\/www.instagram.com\/reel\/DLm_Gp7Mz_f\/?utm_source=ig_embed&amp;utm_campaign=loading\" data-instgrm-version=\"14\" style=\"background: #FFF; border: 0; border-radius: 3px; box-shadow: 0 0 1px 0 rgba(0,0,0,0.5),0 1px 10px 0 rgba(0,0,0,0.15); margin: 1px; max-width: 540px; min-width: 326px; padding: 0; width: calc(100% - 2px);\"><p>&#13;<br \/>\n&#13;\n<\/p><\/blockquote>\n<p>\u00c0 Oyonnax pour un an<\/p>\n<p>Mais retournement de situation, <strong>Oyonnax a officialis\u00e9 l&rsquo;arriv\u00e9e du troisi\u00e8me ligne hier sur ses r\u00e9seaux sociaux<\/strong>. D&rsquo;apr\u00e8s le club, le joueur de 35 ans rejoint l&rsquo;Ain pour un contrat d&rsquo;une ann\u00e9e.<\/p>\n<blockquote class=\"instagram-media\" data-instgrm-captioned=\"\" data-instgrm-permalink=\"https:\/\/www.instagram.com\/reel\/DMVYBRMN4Ea\/?utm_source=ig_embed&amp;utm_campaign=loading\" data-instgrm-version=\"14\" style=\"background: #FFF; border: 0; border-radius: 3px; box-shadow: 0 0 1px 0 rgba(0,0,0,0.5),0 1px 10px 0 rgba(0,0,0,0.15); margin: 1px; max-width: 540px; min-width: 326px; padding: 0; width: calc(100% - 2px);\"><p>&#13;<br \/>\n&#13;\n<\/p><\/blockquote>\n<p><a class=\"inserer_lien_article\" href=\"https:\/\/www.lerugbynistere.fr\/news\/rugby-en-coupe-du-monde-36-ans-plus-tard-ce-pays-realise-lexploit-2007251208.php\" data-id=\"45609\" data-route=\"app.article\" data-param=\"articleId\" ui-sref=\"app.article({articleId: 45609})\" alt=\"RUGBY. En Coupe du monde 36 ans plus tard, ce pays r\u00e9alise l\u2019exploit !\" title=\"RUGBY. En Coupe du monde 36 ans plus tard, ce pays r\u00e9alise l\u2019exploit !\" rel=\"nofollow noopener\" target=\"_blank\"><img decoding=\"async\" src=\"https:\/\/www.europesays.com\/fr\/wp-content\/uploads\/2025\/07\/zimbabwe-20-07-25-8386.jpg\" alt=\"RUGBY. En Coupe du monde 36 ans plus tard, ce pays r\u00e9alise l\u2019exploit !\"\/>RUGBY. En Coupe du monde 36 ans plus tard, ce pays r\u00e9alise l\u2019exploit !<\/a><\/p>\n<p>Un communiqu\u00e9 accompagne d&rsquo;ailleurs cette annonce. Dans ce dernier, le manager sportif d&rsquo;Oyonnax, Fabien Cibray,<strong> se r\u00e9jouit \u00ab\u00a0de voir Uzair (Cassiem) rejoindre [son] club<\/strong>\u00a0\u00bb et salue \u00ab\u00a0son c\u00f4t\u00e9 solaire\u00a0\u00bb qui pourrait apporter \u00ab\u00a0beaucoup d&rsquo;\u00e9nergie et de leadership\u00a0\u00bb \u00e0 Oyonnax.<\/p>\n<p>Reste \u00e0 savoir o\u00f9 jouera Cassiem l&rsquo;ann\u00e9e prochaine. <strong>Certainement que cette histoire\u00a0rendra son verdict\u00a0devant les tribunaux<\/strong>, d&rsquo;autant plus que Nice r\u00e9clame d\u00e9sormais 200 000 euros \u00e0 Cassiem et Oyonnax&#8230;<\/p>\n<p><a class=\"inserer_lien_article\" href=\"https:\/\/www.lerugbynistere.fr\/news\/xv-de-france-galthie-prend-note-ces-5-bleus-ont-brille-chez-les-all-blacks-2007251105.php\" data-id=\"45608\" data-route=\"app.article\" data-param=\"articleId\" ui-sref=\"app.article({articleId: 45608})\" alt=\"XV de France. Galthi\u00e9 prend note, ces 5 Bleus ont brill\u00e9 chez les All Blacks\" title=\"XV de France. Galthi\u00e9 prend note, ces 5 Bleus ont brill\u00e9 chez les All Blacks\" rel=\"nofollow noopener\" target=\"_blank\"><img decoding=\"async\" src=\"https:\/\/www.europesays.com\/fr\/wp-content\/uploads\/2025\/07\/xv-de-france-20-07-25-4022.jpg\" alt=\"XV de France. Galthi\u00e9 prend note, ces 5 Bleus ont brill\u00e9 chez les All Blacks\"\/>XV de France. Galthi\u00e9 prend note, ces 5 Bleus ont brill\u00e9 chez les All Blacks<\/a><\/p>\n<p>                            <script async src=\"\/\/www.instagram.com\/embed.js\"><\/script><\/p>\n","protected":false},"excerpt":{"rendered":"Cela fait d\u00e9j\u00e0 quelques semaines que le cas Uzair Cassiem fait coul\u00e9 de l&rsquo;encre dans tous les m\u00e9dias.&hellip;\n","protected":false},"author":2,"featured_media":263075,"comment_status":"","ping_status":"","sticky":false,"template":"","format":"standard","meta":{"footnotes":""},"categories":[1416],"tags":[1011,27,479,1468,60],"class_list":{"0":"post-263074","1":"post","2":"type-post","3":"status-publish","4":"format-standard","5":"has-post-thumbnail","7":"category-rugby","8":"tag-fr","9":"tag-france","10":"tag-rugby","11":"tag-rugby-football","12":"tag-sports"},"share_on_mastodon":{"url":"https:\/\/pubeurope.com\/@fr\/114890662554933156","error":""},"_links":{"self":[{"href":"https:\/\/www.europesays.com\/fr\/wp-json\/wp\/v2\/posts\/263074","targetHints":{"allow":["GET"]}}],"collection":[{"href":"https:\/\/www.europesays.com\/fr\/wp-json\/wp\/v2\/posts"}],"about":[{"href":"https:\/\/www.europesays.com\/fr\/wp-json\/wp\/v2\/types\/post"}],"author":[{"embeddable":true,"href":"https:\/\/www.europesays.com\/fr\/wp-json\/wp\/v2\/users\/2"}],"replies":[{"embeddable":true,"href":"https:\/\/www.europesays.com\/fr\/wp-json\/wp\/v2\/comments?post=263074"}],"version-history":[{"count":0,"href":"https:\/\/www.europesays.com\/fr\/wp-json\/wp\/v2\/posts\/263074\/revisions"}],"wp:featuredmedia":[{"embeddable":true,"href":"https:\/\/www.europesays.com\/fr\/wp-json\/wp\/v2\/media\/263075"}],"wp:attachment":[{"href":"https:\/\/www.europesays.com\/fr\/wp-json\/wp\/v2\/media?parent=263074"}],"wp:term":[{"taxonomy":"category","embeddable":true,"href":"https:\/\/www.europesays.com\/fr\/wp-json\/wp\/v2\/categories?post=263074"},{"taxonomy":"post_tag","embeddable":true,"href":"https:\/\/www.europesays.com\/fr\/wp-json\/wp\/v2\/tags?post=263074"}],"curies":[{"name":"wp","href":"https:\/\/api.w.org\/{rel}","templated":true}]}}